{"id":109776,"date":"2021-12-02T23:57:31","date_gmt":"2021-12-03T02:57:31","guid":{"rendered":"https:\/\/www.elsindical.com.ar\/notas\/?p=109776"},"modified":"2021-12-03T00:00:12","modified_gmt":"2021-12-03T03:00:12","slug":"la-plata-convocatoria-a-un-mes-del-homicidio-de-alejandro-fernandez","status":"publish","type":"post","link":"https:\/\/www.elsindical.com.ar\/notas\/la-plata-convocatoria-a-un-mes-del-homicidio-de-alejandro-fernandez\/","title":{"rendered":"La Plata: Convocatoria a un mes del Homicidio de Alejandro Fern\u00e1ndez."},"content":{"rendered":"\n<figure class=\"wp-block-image size-full\"><a href=\"https:\/\/www.elsindical.com.ar\/notas\/var\/www\/html\/notas\/wp-content\/uploads\/2021\/12\/Alejandro-Fernandez-mecanico-asesinado.jpg\"><img loading=\"lazy\" decoding=\"async\" width=\"850\" height=\"452\" src=\"https:\/\/www.elsindical.com.ar\/notas\/var\/www\/html\/notas\/wp-content\/uploads\/2021\/12\/Alejandro-Fernandez-mecanico-asesinado.jpg\" alt=\"\" class=\"wp-image-109777\" srcset=\"https:\/\/www.elsindical.com.ar\/notas\/var\/www\/html\/notas\/wp-content\/uploads\/2021\/12\/Alejandro-Fernandez-mecanico-asesinado.jpg 850w, https:\/\/www.elsindical.com.ar\/notas\/var\/www\/html\/notas\/wp-content\/uploads\/2021\/12\/Alejandro-Fernandez-mecanico-asesinado-300x160.jpg 300w, https:\/\/www.elsindical.com.ar\/notas\/var\/www\/html\/notas\/wp-content\/uploads\/2021\/12\/Alejandro-Fernandez-mecanico-asesinado-768x408.jpg 768w, https:\/\/www.elsindical.com.ar\/notas\/var\/www\/html\/notas\/wp-content\/uploads\/2021\/12\/Alejandro-Fernandez-mecanico-asesinado-500x266.jpg 500w\" sizes=\"auto, (max-width: 850px) 100vw, 850px\" \/><\/a><\/figure>\n\n\n\n<p>Familiares y amigos de Alejandro Fern\u00e1ndez el mec\u00e1nico y Polic\u00eda de Tolosa y a quien todos reconoc\u00edan c\u00f3mo el H\u00c9ROE de Tolosa desde la Inundaci\u00f3n del 2013 en La Plata.<\/p>\n\n\n\n<p>Convocan a todos los Platenses para ma\u00f1ana 3 de Diciembre a las 20:30 horas en Camino General Belgrano en 525 y 526 en la puerta del Taller ALEF, a concurrir con una vela y una flor.<\/p>\n\n\n\n<figure class=\"wp-block-embed is-type-video is-provider-youtube wp-block-embed-youtube wp-embed-aspect-16-9 wp-has-aspect-ratio\"><div class=\"wp-block-embed__wrapper\">\n<iframe loading=\"lazy\" title=\"La Plata: Convocatoria a un mes del Homicidio de Alejandro Fern\u00e1ndez.\" width=\"700\" height=\"394\" src=\"https:\/\/www.youtube.com\/embed\/eqAy3mVClLY?feature=oembed\" frameborder=\"0\" allow=\"accelerometer; autoplay; clipboard-write; encrypted-media; gyroscope; picture-in-picture\" allowfullscreen><\/iframe>\n<\/div><\/figure>\n","protected":false},"excerpt":{"rendered":"<p>Familiares y amigos de Alejandro Fern\u00e1ndez el mec\u00e1nico y Polic\u00eda de Tolosa y a quien todos reconoc\u00edan c\u00f3mo el H\u00c9ROE de Tolosa desde la Inundaci\u00f3n del 2013 en La Plata. Convocan a todos los Platenses para ma\u00f1ana 3 de Diciembre a las 20:30 horas en Camino General Belgrano en 525 y 526 en la puerta&hellip;<\/p>\n","protected":false},"author":1,"featured_media":109777,"comment_status":"open","ping_status":"open","sticky":false,"template":"","format":"standard","meta":{"footnotes":""},"categories":[25],"tags":[26095,2450,2329,41,239,32510,30,5675],"class_list":["post-109776","post","type-post","status-publish","format-standard","has-post-thumbnail","hentry","category-sociedad","tag-alejandro-fernandez","tag-diario-el-sindical","tag-homicidio","tag-justicia","tag-la-plata","tag-mecanico-2","tag-policia","tag-tolosa"],"_links":{"self":[{"href":"https:\/\/www.elsindical.com.ar\/notas\/wp-json\/wp\/v2\/posts\/109776","targetHints":{"allow":["GET"]}}],"collection":[{"href":"https:\/\/www.elsindical.com.ar\/notas\/wp-json\/wp\/v2\/posts"}],"about":[{"href":"https:\/\/www.elsindical.com.ar\/notas\/wp-json\/wp\/v2\/types\/post"}],"author":[{"embeddable":true,"href":"https:\/\/www.elsindical.com.ar\/notas\/wp-json\/wp\/v2\/users\/1"}],"replies":[{"embeddable":true,"href":"https:\/\/www.elsindical.com.ar\/notas\/wp-json\/wp\/v2\/comments?post=109776"}],"version-history":[{"count":2,"href":"https:\/\/www.elsindical.com.ar\/notas\/wp-json\/wp\/v2\/posts\/109776\/revisions"}],"predecessor-version":[{"id":109779,"href":"https:\/\/www.elsindical.com.ar\/notas\/wp-json\/wp\/v2\/posts\/109776\/revisions\/109779"}],"wp:featuredmedia":[{"embeddable":true,"href":"https:\/\/www.elsindical.com.ar\/notas\/wp-json\/wp\/v2\/media\/109777"}],"wp:attachment":[{"href":"https:\/\/www.elsindical.com.ar\/notas\/wp-json\/wp\/v2\/media?parent=109776"}],"wp:term":[{"taxonomy":"category","embeddable":true,"href":"https:\/\/www.elsindical.com.ar\/notas\/wp-json\/wp\/v2\/categories?post=109776"},{"taxonomy":"post_tag","embeddable":true,"href":"https:\/\/www.elsindical.com.ar\/notas\/wp-json\/wp\/v2\/tags?post=109776"}],"curies":[{"name":"wp","href":"https:\/\/api.w.org\/{rel}","templated":true}]}}