{"id":109773,"date":"2021-12-02T23:52:11","date_gmt":"2021-12-03T02:52:11","guid":{"rendered":"https:\/\/www.elsindical.com.ar\/notas\/?p=109773"},"modified":"2021-12-02T23:52:12","modified_gmt":"2021-12-03T02:52:12","slug":"trabajadores-ferroviarios-se-manifestaran-el-viernes-3-en-constitucion-contra-nuevos-despidos","status":"publish","type":"post","link":"https:\/\/www.elsindical.com.ar\/notas\/trabajadores-ferroviarios-se-manifestaran-el-viernes-3-en-constitucion-contra-nuevos-despidos\/","title":{"rendered":"Trabajadores ferroviarios se manifestar\u00e1n el viernes 3 en Constituci\u00f3n contra nuevos despidos"},"content":{"rendered":"\n<figure class=\"wp-block-image size-full\"><a href=\"https:\/\/www.elsindical.com.ar\/notas\/var\/www\/html\/notas\/wp-content\/uploads\/2021\/12\/trabajadores-ferroviarios-zona-norte.jpg\"><img loading=\"lazy\" decoding=\"async\" width=\"1007\" height=\"672\" src=\"https:\/\/www.elsindical.com.ar\/notas\/var\/www\/html\/notas\/wp-content\/uploads\/2021\/12\/trabajadores-ferroviarios-zona-norte.jpg\" alt=\"\" class=\"wp-image-109774\" srcset=\"https:\/\/www.elsindical.com.ar\/notas\/var\/www\/html\/notas\/wp-content\/uploads\/2021\/12\/trabajadores-ferroviarios-zona-norte.jpg 1007w, https:\/\/www.elsindical.com.ar\/notas\/var\/www\/html\/notas\/wp-content\/uploads\/2021\/12\/trabajadores-ferroviarios-zona-norte-300x200.jpg 300w, https:\/\/www.elsindical.com.ar\/notas\/var\/www\/html\/notas\/wp-content\/uploads\/2021\/12\/trabajadores-ferroviarios-zona-norte-768x513.jpg 768w, https:\/\/www.elsindical.com.ar\/notas\/var\/www\/html\/notas\/wp-content\/uploads\/2021\/12\/trabajadores-ferroviarios-zona-norte-450x300.jpg 450w\" sizes=\"auto, (max-width: 1007px) 100vw, 1007px\" \/><\/a><\/figure>\n\n\n\n<p><strong>COMUNICADO<\/strong><\/p>\n\n\n\n<p><strong>Trabajadores ferroviarios se manifestar\u00e1n el viernes 3 en Constituci\u00f3n contra nuevos despidos<\/strong><\/p>\n\n\n\n<p>El viernes 3 de diciembre se realizar\u00e1 un acto en el hall de Plaza Constituci\u00f3n, organizado por se\u00f1aleros del Ferrocarril Roca.<\/p>\n\n\n\n<p>\u00abEsta semana hubo dos despidos y sanciones exageradas a varios compa\u00f1eros en la especialidad de se\u00f1aleros en el Ferrocarril Roca\u00bb expres\u00f3 el referente de la Lista Naranja H\u00e9ctor \u00abRicky\u00bb Santa Cruz. \u00abLas respuesta de los compa\u00f1eros fue inmediata: se realizaron asambleas donde se vot\u00f3 un plan de lucha que comienza ma\u00f1ana con el acto en Plaza Constituci\u00f3n. <\/p>\n\n\n\n<p>Desde la Lista Naranja venimos apoyando el reclamo desde el primer momento, y creemos que este ataque no es un hecho aislado, sino que est\u00e1 en sinton\u00eda con el ajuste que est\u00e1 pidiendo el FMI, ante el cual el Gobierno est\u00e1 cediendo. Hay fuerzas para ganar esta pelea y que los compa\u00f1eros y sus familias no pasen una Navidad en la calle\u00bb concluy\u00f3 el trabajador, que se desempe\u00f1a como se\u00f1alero en esa l\u00ednea ferroviaria.<\/p>\n\n\n\n<p><strong>Contacto:<\/strong>H\u00e9ctor \u00abRicky\u00bb Santa Cruz (11) 6289-6385<\/p>\n","protected":false},"excerpt":{"rendered":"<p>COMUNICADO Trabajadores ferroviarios se manifestar\u00e1n el viernes 3 en Constituci\u00f3n contra nuevos despidos El viernes 3 de diciembre se realizar\u00e1 un acto en el hall de Plaza Constituci\u00f3n, organizado por se\u00f1aleros del Ferrocarril Roca. \u00abEsta semana hubo dos despidos y sanciones exageradas a varios compa\u00f1eros en la especialidad de se\u00f1aleros en el Ferrocarril Roca\u00bb expres\u00f3&hellip;<\/p>\n","protected":false},"author":1,"featured_media":109774,"comment_status":"open","ping_status":"open","sticky":false,"template":"","format":"standard","meta":{"footnotes":""},"categories":[16],"tags":[324,53,2450,292,36077],"class_list":["post-109773","post","type-post","status-publish","format-standard","has-post-thumbnail","hentry","category-gremiales","tag-constitucion","tag-despidos","tag-diario-el-sindical","tag-protesta","tag-trabajadores-ferroviarios"],"_links":{"self":[{"href":"https:\/\/www.elsindical.com.ar\/notas\/wp-json\/wp\/v2\/posts\/109773","targetHints":{"allow":["GET"]}}],"collection":[{"href":"https:\/\/www.elsindical.com.ar\/notas\/wp-json\/wp\/v2\/posts"}],"about":[{"href":"https:\/\/www.elsindical.com.ar\/notas\/wp-json\/wp\/v2\/types\/post"}],"author":[{"embeddable":true,"href":"https:\/\/www.elsindical.com.ar\/notas\/wp-json\/wp\/v2\/users\/1"}],"replies":[{"embeddable":true,"href":"https:\/\/www.elsindical.com.ar\/notas\/wp-json\/wp\/v2\/comments?post=109773"}],"version-history":[{"count":1,"href":"https:\/\/www.elsindical.com.ar\/notas\/wp-json\/wp\/v2\/posts\/109773\/revisions"}],"predecessor-version":[{"id":109775,"href":"https:\/\/www.elsindical.com.ar\/notas\/wp-json\/wp\/v2\/posts\/109773\/revisions\/109775"}],"wp:featuredmedia":[{"embeddable":true,"href":"https:\/\/www.elsindical.com.ar\/notas\/wp-json\/wp\/v2\/media\/109774"}],"wp:attachment":[{"href":"https:\/\/www.elsindical.com.ar\/notas\/wp-json\/wp\/v2\/media?parent=109773"}],"wp:term":[{"taxonomy":"category","embeddable":true,"href":"https:\/\/www.elsindical.com.ar\/notas\/wp-json\/wp\/v2\/categories?post=109773"},{"taxonomy":"post_tag","embeddable":true,"href":"https:\/\/www.elsindical.com.ar\/notas\/wp-json\/wp\/v2\/tags?post=109773"}],"curies":[{"name":"wp","href":"https:\/\/api.w.org\/{rel}","templated":true}]}}