{"id":109703,"date":"2021-11-30T18:20:15","date_gmt":"2021-11-30T21:20:15","guid":{"rendered":"https:\/\/www.elsindical.com.ar\/notas\/?p=109703"},"modified":"2021-11-30T19:40:26","modified_gmt":"2021-11-30T22:40:26","slug":"avellaneda-narcotrafico-ineficiencia-judicial-policial-y-silencio-politico","status":"publish","type":"post","link":"https:\/\/www.elsindical.com.ar\/notas\/avellaneda-narcotrafico-ineficiencia-judicial-policial-y-silencio-politico\/","title":{"rendered":"Avellaneda: Narcotr\u00e1fico, ineficiencia judicial, policial y silencio pol\u00edtico"},"content":{"rendered":"\n<figure class=\"wp-block-image size-full\"><a href=\"https:\/\/www.elsindical.com.ar\/notas\/var\/www\/html\/notas\/wp-content\/uploads\/2021\/11\/panes-de-cocaina-gen.jpg\"><img loading=\"lazy\" decoding=\"async\" width=\"850\" height=\"374\" src=\"https:\/\/www.elsindical.com.ar\/notas\/var\/www\/html\/notas\/wp-content\/uploads\/2021\/11\/panes-de-cocaina-gen.jpg\" alt=\"Foto ilustrativa de panes de coca\u00edna\" class=\"wp-image-109704\" srcset=\"https:\/\/www.elsindical.com.ar\/notas\/var\/www\/html\/notas\/wp-content\/uploads\/2021\/11\/panes-de-cocaina-gen.jpg 850w, https:\/\/www.elsindical.com.ar\/notas\/var\/www\/html\/notas\/wp-content\/uploads\/2021\/11\/panes-de-cocaina-gen-300x132.jpg 300w, https:\/\/www.elsindical.com.ar\/notas\/var\/www\/html\/notas\/wp-content\/uploads\/2021\/11\/panes-de-cocaina-gen-768x338.jpg 768w, https:\/\/www.elsindical.com.ar\/notas\/var\/www\/html\/notas\/wp-content\/uploads\/2021\/11\/panes-de-cocaina-gen-500x220.jpg 500w\" sizes=\"auto, (max-width: 850px) 100vw, 850px\" \/><\/a><\/figure>\n\n\n\n<p class=\"wp-block-paragraph\">       Pasaron 4 d\u00edas para que alg\u00fan medio period\u00edstico publique una noticia que por s\u00ed sola deber\u00eda haber sido tapa de diarios y motivo de inter\u00e9s period\u00edstico en los canales principales tan preocupados por la supuesta lucha contra el narcotr\u00e1fico de la que hablan los l\u00edderes de la oposici\u00f3n y de la inseguridad que denuncian los vecinos de la provincia de Buenos Aires preocupados por el incremento de violencia y muerte en los robos.<\/p>\n\n\n\n<p class=\"wp-block-paragraph\">Si bien la noticia es muy limitada, tanto que curiosamente a pesar de ser un gran procedimiento policial, no hubo participaci\u00f3n a los medios de prensa del secuestro de 230 kilos de coca\u00edna de m\u00e1xima pureza y de otros kilos de flores de marihuana.<\/p>\n\n\n\n<p class=\"wp-block-paragraph\">Se pudo saber que el viernes 26 de noviembre pasadas las 19:00 hs, en la intersecci\u00f3n de las calles Av. Mitre y Gelly y Obes, en el barrio de Sarand\u00ed en una de las esquinas del Supermercado Coto, efectivos de la PFA, detuvieron a dos hombres que se desplazaban en un veh\u00edculo en el cual encontraron 150 ladrillos de coca\u00edna, cada ladrillo equivale a 1 kilo de coca\u00edna prensada, es decir de m\u00e1xima pureza. Uno de los detenidos de 42 a\u00f1os, result\u00f3 ser un Sargento en actividad de la PFA con destino en la Unidad Antiterrorismo y luego de la detenci\u00f3n se allan\u00f3 la vivienda de su madre ubicada en la calle Casacuberta al 5700 de Wilde, donde encontraron 80 panes m\u00e1s de coca\u00edna, casi medio kilo de cogollos de marihuana, una pistola marca Astra calibre 7,65 y 334.000 pesos.<\/p>\n\n\n\n<p class=\"wp-block-paragraph\">La investigaci\u00f3n la lleva adelante el Juez Federal <strong>Adri\u00e1n Ignacio Ezequiel Gonz\u00e1lez Charbay<\/strong> de Campana en un expediente identificado como N\u00b0 408\/2021, abierto en febrero pasado ante los funcionarios de la Justicia.<\/p>\n\n\n\n<p class=\"wp-block-paragraph\">Hasta aqu\u00ed la breve pero importante informaci\u00f3n que se conoci\u00f3 y que avala lo que desde El Sindical vengo sosteniendo como causal del incremento de delitos graves, la droga, pero m\u00e1s a\u00fan, confirma las sospechas de que existe una ineficiente justicia o connivencia con el narcotr\u00e1fico y mientras cada tanto hacen estad\u00edstica con los \u00abperejiles\u00bb de la droga, adictos que venden lo que pueden conseguir, estirar y vender para financiar su adicci\u00f3n.<\/p>\n\n\n\n<p class=\"wp-block-paragraph\">Con la llegada de Julio Conte Grand a la Procuraci\u00f3n General de la provincia de Buenos Aires, el se\u00f1or JEFE DE LOS FISCALES el narcotr\u00e1fico creci\u00f3 y solo se ve\u00edan las payasadas de Cristian Ritondo mostrando supuestos b\u00fanker de drogas donde los secuestros no superaban los 50 gramos de pureza y los supuestos narcos lejos de vivir como Pablo Escobar vest\u00edan con ropas sucias y rotas, durante su gesti\u00f3n fueron contados con los dedos de una mano los allanamientos a delincuentes que se podr\u00eda decir seg\u00fan sus par\u00e1metros eran narcos.<\/p>\n\n\n\n<p class=\"wp-block-paragraph\">Hace unos 20 a\u00f1os Avellaneda dej\u00f3 de ser un lugar de paso de drogas, coca\u00edna para ser un punto importante de venta y distribuci\u00f3n, eso lo saben las autoridades pero miran para otro lado. Y ese mirar para otro lado a muchos fiscales, polic\u00edas y pol\u00edticos les ha permitido vivir con lujos que nunca hubieran podido acceder de forma honesta.<\/p>\n\n\n\n<p class=\"wp-block-paragraph\">Cada tanto han dejado trascender a la prensa que se encontraron por ejemplo 1000 kilos de coca\u00edna en uno de los dep\u00f3sitos fiscales de Gerli-Sarand\u00ed, 500 kilos de coca\u00edna en un estacionamiento de la Av. Belgrano y Espa\u00f1a en pleno centro de Avellaneda, v\u00ednculos de barras de Boca con el tr\u00e1fico de coca\u00edna desde Sarand\u00ed a Uruguay y la nunca cerrada investigaci\u00f3n del enfrentamiento a tiros entre polic\u00edas de drogas de la PFA y la Bonaerense en la estaci\u00f3n de servicios Shell del Acceso Sudeste y el ex Auch\u00e1n donde muri\u00f3 el Comisario jefe de Drogas Peligrosas de Avellaneda- Lan\u00fas. Tampoco se investig\u00f3 el suicidio de un Sargento de la DDI en un hotel de Sarand\u00ed donde se encontr\u00f3 drogas y dinero.<\/p>\n\n\n\n<p class=\"wp-block-paragraph\">Demasiadas cosas graves que la justicia no ha investigado, el primer jefe de los fiscales es el Fiscal General Guillermo Castro Moure, ex fiscal de la UFI 4 de Avellaneda, fiscal\u00eda tem\u00e1tica de drogas y violencia institucional, una conjunci\u00f3n incompatible, ya que el fiscal que tiene que investigar sobre drogas tambi\u00e9n es quien debe investigar las denuncias contra la polic\u00eda, mucho poder para un funcionario judicial, poca productividad de quien teniendo mucho hace poco.<\/p>\n\n\n\n<p class=\"wp-block-paragraph\">Pero para que Guillermo Castro goce de la comodidad del cargo y deje por acci\u00f3n u omisi\u00f3n que Lan\u00fas y Avellaneda sea un para\u00edso para los delincuentes donde se abusa del Art. 161 C.P.P, no se investigan las denuncias, mucho menos las de corrupci\u00f3n de funcionarios p\u00fablicos debe existir el visto bueno de la Procuraci\u00f3n General que al parecer ni Julio Conte Grand, su adjunto y sus secretarios se enteraron a la fecha de los reclamos de los vecinos por el p\u00e9simo trabajo de los fiscales y en la \u00fanica intervenci\u00f3n de la Procuraci\u00f3n para ordenar el trabajo de los fiscales todo termin\u00f3 en un esc\u00e1ndalo de denuncias cruzadas en el Departamento Judicial de Lomas de Zamora donde los fiscales generales se denunciaron en la justicia por delitos graves y algunas de esas denuncias apuntan al propio Procurador General.<\/p>\n\n\n\n<p class=\"wp-block-paragraph\">Por el lado del municipio de Avellaneda, las sospechas de encubrimiento de ciertos puntos de venta de drogas se robustecen con este allanamiento en Wilde, a metros del domicilio donde se encontraron m\u00e1s de 80 kilos de coca\u00edna, marihuana y el arma, hay un domo municipal, es decir, que en 24 horas los 7 d\u00edas de la semana, ning\u00fan operador del Centro de Monitoreo advirti\u00f3 nada, raro, igual de raro que la ceguera del domo ubicada en la intersecci\u00f3n de las calles Nazar y Tapalqu\u00e9 donde roban varias veces por mes, donde mataron en un robo a un vecino, algunos de los hechos con cobertura de los grandes medios, pero nada cambia, el domo est\u00e1 ah\u00ed y a su alrededor hay un para\u00edso de la droga libre.<\/p>\n\n\n\n<p class=\"wp-block-paragraph\">El actual jefe de drogas de Lan\u00fas- Avellaneda es el Comisario Juan Pablo Barberis, quien tiene trayectoria en comisar\u00edas de Avellaneda donde no faltaron las sospechas, fue miembro de drogas hasta que se investigo la divisi\u00f3n por irregularidades, algunos recordaran las denuncias y el video en los medios donde encontraron droga escondida en los cielo rasos de la divisi\u00f3n y pasado la tormenta volvi\u00f3 a donde se siente c\u00f3modo y donde parece es \u00fatil para sus jefes, sino no se explica que alguien as\u00ed regrese y como jefe de una divisi\u00f3n con m\u00e1s sospechas que procedimientos, lo poco hecho a la fecha es solo estad\u00edstica, adictos con 15 o 20 bolsitas que no llegan a 5 gramos de pureza en lo que venden, mientras pasan frente a las narices de estos polic\u00edas miles de kilos de coca\u00edna por d\u00eda.<\/p>\n\n\n\n<p class=\"wp-block-paragraph\">La conclusi\u00f3n es que existe connivencia, desde el municipio nunca han explicado sobre las c\u00e1maras y su funcionamiento, por el contrario el ahora secretario de seguridad Marcelo Rey lleg\u00f3 ascendiendo en medio de denuncias y esc\u00e1ndalos, algunas de esas denuncias se judicializaron, pero no prosperaron, las denuncias m\u00e1s graves contra funcionarios del municipio se archivaron la firma del fiscal Guillermo Castro que al ascender sum\u00f3 el apellido Moure, pero es el mismo garante de la impunidad, es el mismo ex titular de la UFI 4 que nunca profundiz\u00f3 en una investigaci\u00f3n sobre corrupci\u00f3n policial y el v\u00ednculo de un taller mec\u00e1nico con narcos y polic\u00edas de drogas, con ramificaciones en partidos como Quilmes, Lan\u00fas, Esteban Echeverr\u00eda, Lomas de Zamora, solo voy a decir por ahora que en uno de estos partidos un familiar del fiscal participa en pol\u00edtica y tiene dudosos aportantes de campa\u00f1a.<\/p>\n\n\n\n<p class=\"wp-block-paragraph\">Pero no solo se puede objetar y se\u00f1alar la falta de transparencia a la Procuraci\u00f3n General Bonaerense, en este \u00abgran juego\u00bb de cada cual atiende su juego, la PROCUNAR, a cargo del Fiscal General Diego Alejo Iglesias, que cuenta con \u00abexperiencia\u00bb en la zona sur ya que fue fiscal federal  en Lomas de Zamora, parece limitar su trabajo a nada, porque no tengo presente intervenci\u00f3n alguna en la detenci\u00f3n de alg\u00fan narcotraficante, entonces surge la pregunta obvia, \u00bfqu\u00e9 hace la PROCUNAR?, \u00bfpuede alguien que fue fiscal federal en Lomas de Zamora ignorar la realidad del narcotr\u00e1fico?, narcotr\u00e1fico que en Lomas se vincula al delito organizado incluyendo el terrorismo. Ergo, algo no estar\u00eda funcionando bien.<\/p>\n\n\n\n<p class=\"wp-block-paragraph\">Hay otra realidad de la que todos los involucrados no quieren ni hablar, las adicciones en los funcionarios p\u00fablicos, s\u00ed TODOS los mencionados, no es un dato menor porque estamos en manos de adictos que deben administrar justicia, investigar o cuidar a los vecinos, \u00bfqu\u00e9 puede salir mal?.<\/p>\n\n\n\n<p class=\"wp-block-paragraph\">La \u00faltima conclusi\u00f3n tiene que ver con el \u00abblindaje\u00bb de los medios de prensa, empezando por los medios locales que ni se animan a hablar del crecimiento de la droga, que no publican las denuncias de los vecinos y es obvio que ese silencio tiene tambi\u00e9n compensaci\u00f3n, as\u00ed, algunos que se autotitulan Foro Vecinal de Seguridad Avellaneda, como Marcelo Frecha, le \u00abvenden\u00bb a los vecinos una realidad que es parcial.<\/p>\n\n\n\n<figure class=\"wp-block-image size-large\"><a href=\"https:\/\/www.elsindical.com.ar\/notas\/var\/www\/html\/notas\/wp-content\/uploads\/2021\/11\/Casacuberta-al-5700-Wilde.jpg\"><img loading=\"lazy\" decoding=\"async\" width=\"1024\" height=\"676\" src=\"https:\/\/www.elsindical.com.ar\/notas\/var\/www\/html\/notas\/wp-content\/uploads\/2021\/11\/Casacuberta-al-5700-Wilde-1024x676.jpg\" alt=\"\" class=\"wp-image-109711\" srcset=\"https:\/\/www.elsindical.com.ar\/notas\/var\/www\/html\/notas\/wp-content\/uploads\/2021\/11\/Casacuberta-al-5700-Wilde-1024x676.jpg 1024w, https:\/\/www.elsindical.com.ar\/notas\/var\/www\/html\/notas\/wp-content\/uploads\/2021\/11\/Casacuberta-al-5700-Wilde-300x198.jpg 300w, https:\/\/www.elsindical.com.ar\/notas\/var\/www\/html\/notas\/wp-content\/uploads\/2021\/11\/Casacuberta-al-5700-Wilde-768x507.jpg 768w, https:\/\/www.elsindical.com.ar\/notas\/var\/www\/html\/notas\/wp-content\/uploads\/2021\/11\/Casacuberta-al-5700-Wilde-455x300.jpg 455w, https:\/\/www.elsindical.com.ar\/notas\/var\/www\/html\/notas\/wp-content\/uploads\/2021\/11\/Casacuberta-al-5700-Wilde.jpg 1106w\" sizes=\"auto, (max-width: 1024px) 100vw, 1024px\" \/><\/a><\/figure>\n\n\n\n<p class=\"wp-block-paragraph\">Por Marcelo Ricardo Hawrylciw<\/p>\n","protected":false},"excerpt":{"rendered":"<p>Pasaron 4 d\u00edas para que alg\u00fan medio period\u00edstico publique una noticia que por s\u00ed sola deber\u00eda haber sido tapa de diarios y motivo de inter\u00e9s period\u00edstico en los canales principales tan preocupados por la supuesta lucha contra el narcotr\u00e1fico de la que hablan los l\u00edderes de la oposici\u00f3n y de la inseguridad que denuncian los&hellip;<\/p>\n","protected":false},"author":1,"featured_media":109704,"comment_status":"open","ping_status":"open","sticky":false,"template":"","format":"standard","meta":{"footnotes":""},"categories":[6,10,22],"tags":[461,43,2450,34191,664,204,749,15355,18524,2330,882],"class_list":["post-109703","post","type-post","status-publish","format-standard","has-post-thumbnail","hentry","category-denuncias","category-editorial","category-policiales","tag-avellaneda","tag-cocaina","tag-diario-el-sindical","tag-fiscal-general-guillermo-castro-moure","tag-marihuana","tag-narcotrafico","tag-policia-bonaerense","tag-procunar","tag-procuracion-general-de-la-corte-bonaerense","tag-sarandi","tag-wilde"],"_links":{"self":[{"href":"https:\/\/www.elsindical.com.ar\/notas\/wp-json\/wp\/v2\/posts\/109703","targetHints":{"allow":["GET"]}}],"collection":[{"href":"https:\/\/www.elsindical.com.ar\/notas\/wp-json\/wp\/v2\/posts"}],"about":[{"href":"https:\/\/www.elsindical.com.ar\/notas\/wp-json\/wp\/v2\/types\/post"}],"author":[{"embeddable":true,"href":"https:\/\/www.elsindical.com.ar\/notas\/wp-json\/wp\/v2\/users\/1"}],"replies":[{"embeddable":true,"href":"https:\/\/www.elsindical.com.ar\/notas\/wp-json\/wp\/v2\/comments?post=109703"}],"version-history":[{"count":2,"href":"https:\/\/www.elsindical.com.ar\/notas\/wp-json\/wp\/v2\/posts\/109703\/revisions"}],"predecessor-version":[{"id":109712,"href":"https:\/\/www.elsindical.com.ar\/notas\/wp-json\/wp\/v2\/posts\/109703\/revisions\/109712"}],"wp:featuredmedia":[{"embeddable":true,"href":"https:\/\/www.elsindical.com.ar\/notas\/wp-json\/wp\/v2\/media\/109704"}],"wp:attachment":[{"href":"https:\/\/www.elsindical.com.ar\/notas\/wp-json\/wp\/v2\/media?parent=109703"}],"wp:term":[{"taxonomy":"category","embeddable":true,"href":"https:\/\/www.elsindical.com.ar\/notas\/wp-json\/wp\/v2\/categories?post=109703"},{"taxonomy":"post_tag","embeddable":true,"href":"https:\/\/www.elsindical.com.ar\/notas\/wp-json\/wp\/v2\/tags?post=109703"}],"curies":[{"name":"wp","href":"https:\/\/api.w.org\/{rel}","templated":true}]}}