{"id":109684,"date":"2021-11-29T18:21:15","date_gmt":"2021-11-29T21:21:15","guid":{"rendered":"https:\/\/www.elsindical.com.ar\/notas\/?p=109684"},"modified":"2021-11-29T18:21:16","modified_gmt":"2021-11-29T21:21:16","slug":"daniel-garcia-y-guillermo-castro-moure-dos-simuladores-muy-caros","status":"publish","type":"post","link":"https:\/\/www.elsindical.com.ar\/notas\/daniel-garcia-y-guillermo-castro-moure-dos-simuladores-muy-caros\/","title":{"rendered":"Daniel Garc\u00eda y Guillermo Castro Moure, dos simuladores muy caros"},"content":{"rendered":"\n<div class=\"wp-block-image\"><figure class=\"aligncenter size-full\"><a href=\"https:\/\/www.elsindical.com.ar\/notas\/var\/www\/html\/notas\/wp-content\/uploads\/2021\/11\/Garcia-y-Castro.png\"><img loading=\"lazy\" decoding=\"async\" width=\"768\" height=\"960\" src=\"https:\/\/www.elsindical.com.ar\/notas\/var\/www\/html\/notas\/wp-content\/uploads\/2021\/11\/Garcia-y-Castro.png\" alt=\"\" class=\"wp-image-109685\" srcset=\"https:\/\/www.elsindical.com.ar\/notas\/var\/www\/html\/notas\/wp-content\/uploads\/2021\/11\/Garcia-y-Castro.png 768w, https:\/\/www.elsindical.com.ar\/notas\/var\/www\/html\/notas\/wp-content\/uploads\/2021\/11\/Garcia-y-Castro-240x300.png 240w\" sizes=\"auto, (max-width: 768px) 100vw, 768px\" \/><\/a><\/figure><\/div>\n\n\n\n<p>       Uno es el \u00abDefensor del Pueblo\u00bb de Avellaneda, t\u00edtulo muy impactante pero que le queda muy grande, el otro es el \u00abFiscal General\u00bb del Departamento Judicial de Avellaneda-Lan\u00fas, sus cargos deber\u00edan ser honrados ya que muy caros nos cuestan a los ciudadanos que deber\u00edan representar, pero no, ellos disfrutan de sus cargos y les gustan m\u00e1s las redes sociales que hacer su trabajo.<\/p>\n\n\n\n<p>Daniel Garc\u00eda tiene una trayectoria con m\u00e1s esc\u00e1ndalos y denuncias que m\u00e9ritos, algo que se condice con su condici\u00f3n de pol\u00edtico y como tal pas\u00f3 del PRO al oficialismo con el solo objetivo de seguir viviendo del Estado, no porque no tenga negocios rentables en lo privado sino porque siempre viene bien el cargo para sumar, para hacer m\u00e1s negocios y de paso garantizarle un cargo a su hija que curiosamente no vive hace muchos a\u00f1os en Avellaneda, con lo que estimo, ser\u00e1 una costosa asesora online en el mejor de las casos.<\/p>\n\n\n\n<p>El otro es Guillermo Castro Moure, jefe de los fiscales de Avellaneda y Lan\u00fas, s\u00ed, esos que los vecinos putean en todos los dialectos cuando un nuevo hecho de inseguridad los tiene como v\u00edctimas, pero este se\u00f1or al igual que Garc\u00eda, ya siendo fiscal de Avellaneda solo se dedico a coquetear con los intendentes Jorge Ferraresi y luego con Cambiemos en el poder con N\u00e9stor Grindetti con quien sell\u00f3 un acuerdo para ser Fiscal General. Solo en la Argentina los funcionarios son nombrados con todos los atributos y el nuevo sueldo sin tener espacio f\u00edsico, as\u00ed, Guillermo Castro Moure, estuvo m\u00e1s de dos a\u00f1os sin hacer su trabajo de Fiscal General y cuando inauguraron el nuevo edificio judicial \u00abBeatriz Mendoza\u00bb, pas\u00f3 un a\u00f1o sin poder ejercer el control de las causas por no contar con los insumos, ni con conexi\u00f3n a la Procuraci\u00f3n General de la Provincia de Buenos Aires.<\/p>\n\n\n\n<p>As\u00ed, ambos, nos cuestan muy caros a los ciudadanos, nombran asesores, generan gastos de representaci\u00f3n, pero sus actividades no han producido ninguna mejora para los vecinos de Avellaneda, eso s\u00ed, sus redes sociales est\u00e1n llenas de fotos y videos, dicen hacer reuniones que nunca explican cu\u00e1l es la relevancia con sus funciones y as\u00ed siguen, con la complicidad de los pol\u00edticos, de sus superiores y de una comunidad que por desconocimiento no sabe d\u00f3nde denunciar o reclamar por la inacci\u00f3n de estos dos personajes que son un gasto injustificado.<\/p>\n\n\n\n<p>Para peor, ni uno ni otro tienen verg\u00fcenza, est\u00e1n c\u00f3modos y como no deben dar explicaciones porque nadie se las pide. Curiosamente existe un silencio c\u00f3mplice de los medios locales, que viven del dolor de los vecinos, publican los hechos criminales con morbosidad, alientan el malestar y las marchas, pero se hacen los distra\u00eddos en eso de informar la verdad y de aportar algo productivo a la sociedad, nunca le dicen quienes son los responsables.<\/p>\n\n\n\n<p>Vea bien la foto y recuerde esas caras, ellos, son los que cobran sueldos millonarios, no justifican su patrimonio, no dan explicaciones por sus gastos, por los nombramientos y mucho menos por su ineficiencia.<\/p>\n\n\n\n<p><\/p>\n\n\n\n<p>Por Marcelo Ricardo Hawrylciw<\/p>\n","protected":false},"excerpt":{"rendered":"<p>Uno es el \u00abDefensor del Pueblo\u00bb de Avellaneda, t\u00edtulo muy impactante pero que le queda muy grande, el otro es el \u00abFiscal General\u00bb del Departamento Judicial de Avellaneda-Lan\u00fas, sus cargos deber\u00edan ser honrados ya que muy caros nos cuestan a los ciudadanos que deber\u00edan representar, pero no, ellos disfrutan de sus cargos y les gustan&hellip;<\/p>\n","protected":false},"author":1,"featured_media":109685,"comment_status":"open","ping_status":"open","sticky":false,"template":"","format":"standard","meta":{"footnotes":""},"categories":[1,10],"tags":[461,2750,3516,22020,2450,34191,984,1062,5025,22025,986],"class_list":["post-109684","post","type-post","status-publish","format-standard","has-post-thumbnail","hentry","category-destacadas","category-editorial","tag-avellaneda","tag-corruptos","tag-daniel-garcia","tag-denuncias","tag-diario-el-sindical","tag-fiscal-general-guillermo-castro-moure","tag-inseguridad","tag-jorge-ferraresi","tag-nestor-grindetti","tag-politica","tag-vecinos"],"_links":{"self":[{"href":"https:\/\/www.elsindical.com.ar\/notas\/wp-json\/wp\/v2\/posts\/109684","targetHints":{"allow":["GET"]}}],"collection":[{"href":"https:\/\/www.elsindical.com.ar\/notas\/wp-json\/wp\/v2\/posts"}],"about":[{"href":"https:\/\/www.elsindical.com.ar\/notas\/wp-json\/wp\/v2\/types\/post"}],"author":[{"embeddable":true,"href":"https:\/\/www.elsindical.com.ar\/notas\/wp-json\/wp\/v2\/users\/1"}],"replies":[{"embeddable":true,"href":"https:\/\/www.elsindical.com.ar\/notas\/wp-json\/wp\/v2\/comments?post=109684"}],"version-history":[{"count":1,"href":"https:\/\/www.elsindical.com.ar\/notas\/wp-json\/wp\/v2\/posts\/109684\/revisions"}],"predecessor-version":[{"id":109686,"href":"https:\/\/www.elsindical.com.ar\/notas\/wp-json\/wp\/v2\/posts\/109684\/revisions\/109686"}],"wp:featuredmedia":[{"embeddable":true,"href":"https:\/\/www.elsindical.com.ar\/notas\/wp-json\/wp\/v2\/media\/109685"}],"wp:attachment":[{"href":"https:\/\/www.elsindical.com.ar\/notas\/wp-json\/wp\/v2\/media?parent=109684"}],"wp:term":[{"taxonomy":"category","embeddable":true,"href":"https:\/\/www.elsindical.com.ar\/notas\/wp-json\/wp\/v2\/categories?post=109684"},{"taxonomy":"post_tag","embeddable":true,"href":"https:\/\/www.elsindical.com.ar\/notas\/wp-json\/wp\/v2\/tags?post=109684"}],"curies":[{"name":"wp","href":"https:\/\/api.w.org\/{rel}","templated":true}]}}