{"id":109681,"date":"2021-11-29T17:55:12","date_gmt":"2021-11-29T20:55:12","guid":{"rendered":"https:\/\/www.elsindical.com.ar\/notas\/?p=109681"},"modified":"2021-11-29T17:55:14","modified_gmt":"2021-11-29T20:55:14","slug":"la-falta-de-inversion-deja-nuevamente-a-miles-de-ninxs-sin-vacantes","status":"publish","type":"post","link":"https:\/\/www.elsindical.com.ar\/notas\/la-falta-de-inversion-deja-nuevamente-a-miles-de-ninxs-sin-vacantes\/","title":{"rendered":"La falta de inversi\u00f3n deja nuevamente a miles de ni\u00f1xs sin vacantes."},"content":{"rendered":"\n<figure class=\"wp-block-image size-full\"><a href=\"https:\/\/www.elsindical.com.ar\/notas\/var\/www\/html\/notas\/wp-content\/uploads\/2021\/11\/chicos-sin-vacantes.jpg\"><img loading=\"lazy\" decoding=\"async\" width=\"855\" height=\"458\" src=\"https:\/\/www.elsindical.com.ar\/notas\/var\/www\/html\/notas\/wp-content\/uploads\/2021\/11\/chicos-sin-vacantes.jpg\" alt=\"\" class=\"wp-image-109682\" srcset=\"https:\/\/www.elsindical.com.ar\/notas\/var\/www\/html\/notas\/wp-content\/uploads\/2021\/11\/chicos-sin-vacantes.jpg 855w, https:\/\/www.elsindical.com.ar\/notas\/var\/www\/html\/notas\/wp-content\/uploads\/2021\/11\/chicos-sin-vacantes-300x161.jpg 300w, https:\/\/www.elsindical.com.ar\/notas\/var\/www\/html\/notas\/wp-content\/uploads\/2021\/11\/chicos-sin-vacantes-768x411.jpg 768w, https:\/\/www.elsindical.com.ar\/notas\/var\/www\/html\/notas\/wp-content\/uploads\/2021\/11\/chicos-sin-vacantes-500x268.jpg 500w\" sizes=\"auto, (max-width: 855px) 100vw, 855px\" \/><\/a><\/figure>\n\n\n\n<p>Como cada a\u00f1o, a fines del mes de noviembre, miles de familias reciben v\u00eda mail la noticia de que sus hijxs no van a contar con la posibilidad de acceder a la educaci\u00f3n en las escuelas p\u00fablicas de la Ciudad. El viernes 26 a las pocas horas de publicada la asignaci\u00f3n de vacantes, las redes sociales comenzaron a inundarse de reclamos desesperados ante la impotencia de ver a sus hijxs excluidos.\u00a0<\/p>\n\n\n\n<p>La baja sistem\u00e1tica del presupuesto educativo, la falta de inversi\u00f3n y la nula o escasa construcci\u00f3n de escuelas durante los \u00faltimos a\u00f1os dejan en evidencia el desprecio de la gesti\u00f3n de Horacio Rodr\u00edguez Larreta por la educaci\u00f3n encubierta en anuncios marketineros que exponen mentiras.<\/p>\n\n\n\n<p>Sumada a esta situaci\u00f3n, durante los \u00faltimos a\u00f1os, pretendi\u00f3 trasladar edificios escolares reduciendo as\u00ed a\u00fan m\u00e1s el n\u00famero de vacantes como es el caso del jard\u00edn del Hospital Ramos Mej\u00eda o el de la calle Pringles.<\/p>\n\n\n\n<p>Desde UTE volvemos a exigir al Gobierno porte\u00f1o que garantice el derecho social a la educaci\u00f3n tal como se expresa en la Constituci\u00f3n de la Ciudad y para eso nos congregaremos el d\u00eda jueves 2 de diciembre en la puerta de la Legislatura donde expresaremos nuestra demanda de mayor inversi\u00f3n educativa y titularizaci\u00f3n de todxs lxs docentes.<\/p>\n\n\n\n<p><strong>Ang\u00e9lica Graciano<\/strong> &#8211; Secretaria General UTE- CTERA<br><strong>Paula Galigniana<\/strong> &#8211; Secretaria de Comunicaci\u00f3n, Prensa y Difusi\u00f3n UTE &#8211; CTERA<\/p>\n","protected":false},"excerpt":{"rendered":"<p>Como cada a\u00f1o, a fines del mes de noviembre, miles de familias reciben v\u00eda mail la noticia de que sus hijxs no van a contar con la posibilidad de acceder a la educaci\u00f3n en las escuelas p\u00fablicas de la Ciudad. El viernes 26 a las pocas horas de publicada la asignaci\u00f3n de vacantes, las redes&hellip;<\/p>\n","protected":false},"author":1,"featured_media":109682,"comment_status":"open","ping_status":"open","sticky":false,"template":"","format":"standard","meta":{"footnotes":""},"categories":[16,25],"tags":[2450,594,1943,36047,777],"class_list":["post-109681","post","type-post","status-publish","format-standard","has-post-thumbnail","hentry","category-gremiales","category-sociedad","tag-diario-el-sindical","tag-escuelas","tag-horacio-rodriguez-larreta","tag-ninos-sin-vacantes","tag-ute"],"_links":{"self":[{"href":"https:\/\/www.elsindical.com.ar\/notas\/wp-json\/wp\/v2\/posts\/109681","targetHints":{"allow":["GET"]}}],"collection":[{"href":"https:\/\/www.elsindical.com.ar\/notas\/wp-json\/wp\/v2\/posts"}],"about":[{"href":"https:\/\/www.elsindical.com.ar\/notas\/wp-json\/wp\/v2\/types\/post"}],"author":[{"embeddable":true,"href":"https:\/\/www.elsindical.com.ar\/notas\/wp-json\/wp\/v2\/users\/1"}],"replies":[{"embeddable":true,"href":"https:\/\/www.elsindical.com.ar\/notas\/wp-json\/wp\/v2\/comments?post=109681"}],"version-history":[{"count":1,"href":"https:\/\/www.elsindical.com.ar\/notas\/wp-json\/wp\/v2\/posts\/109681\/revisions"}],"predecessor-version":[{"id":109683,"href":"https:\/\/www.elsindical.com.ar\/notas\/wp-json\/wp\/v2\/posts\/109681\/revisions\/109683"}],"wp:featuredmedia":[{"embeddable":true,"href":"https:\/\/www.elsindical.com.ar\/notas\/wp-json\/wp\/v2\/media\/109682"}],"wp:attachment":[{"href":"https:\/\/www.elsindical.com.ar\/notas\/wp-json\/wp\/v2\/media?parent=109681"}],"wp:term":[{"taxonomy":"category","embeddable":true,"href":"https:\/\/www.elsindical.com.ar\/notas\/wp-json\/wp\/v2\/categories?post=109681"},{"taxonomy":"post_tag","embeddable":true,"href":"https:\/\/www.elsindical.com.ar\/notas\/wp-json\/wp\/v2\/tags?post=109681"}],"curies":[{"name":"wp","href":"https:\/\/api.w.org\/{rel}","templated":true}]}}