{"id":10964,"date":"2010-11-24T00:17:18","date_gmt":"2010-11-24T03:17:18","guid":{"rendered":"http:\/\/www.elsindical.com.ar\/notas\/?p=10964"},"modified":"2010-11-24T00:17:18","modified_gmt":"2010-11-24T03:17:18","slug":"iomaconflicto-con-los-medicamentos","status":"publish","type":"post","link":"https:\/\/www.elsindical.com.ar\/notas\/iomaconflicto-con-los-medicamentos\/","title":{"rendered":"IOMA:conflicto con los medicamentos"},"content":{"rendered":"<p style=\"text-align: justify;\"><em><a href=\"http:\/\/www.elsindical.com.ar\/notas\/var\/www\/html\/notas\/wp-content\/uploads\/2010\/11\/IOMA-logo.jpg\"><img loading=\"lazy\" decoding=\"async\" class=\"alignleft size-full wp-image-10965\" title=\"IOMA-logo\" src=\"http:\/\/www.elsindical.com.ar\/notas\/var\/www\/html\/notas\/wp-content\/uploads\/2010\/11\/IOMA-logo.jpg\" alt=\"\" width=\"236\" height=\"144\" \/><\/a>El Frente Gremial Docente Bonaerense (integrado por AMET, FEB, SUTEBA y UDA) convoca a conferencia de prensa para denunciar la ca\u00edda en el porcentaje de cobertura en medicamentos ambulatorios por parte del IOMA que figuran en el Formulario Terap\u00e9utico.<\/em><\/p>\n<p style=\"text-align: justify;\">El reclamo fue presentado por la dirigente del SUTEBA, Patricia Nisenbaum, Vocal Titular del Directorio del IOMA, en representaci\u00f3n de los m\u00e1s de 250 mil docentes de la provincia de Buenos Aires y representante ante ese organismo del Frente Gremial Docente Bonaerense.<\/p>\n<p style=\"text-align: justify;\">Ante ese reclamo, el Frente Gremial mantendr\u00e1, este mi\u00e9rcoles por la ma\u00f1ana, una reuni\u00f3n con el Director de Prestaciones del IOMA, Nicol\u00e1s Vitale, para resolver el conflicto y posteriormente los dirigentes sindicales realizar\u00e1n una conferencia de prensa para anunciar los pasos a seguir.<\/p>\n<p style=\"text-align: justify;\">Cabe destacar que la reducci\u00f3n en la cobertura de los medicamentos afecta directamente el bolsillo de los afiliados, ya que son ellos quienes deben hacerse cargo de la diferencia que el IOMA no cubre.<\/p>\n<p style=\"text-align: justify;\">El encuentro con los periodistas se realizar\u00e1 este mi\u00e9rcoles, a las 14.30 en las escalinatas del IOMA, ubicado en calle 46 entre 12 y 13 de La Plata.<\/p>\n","protected":false},"excerpt":{"rendered":"<p>El Frente Gremial Docente Bonaerense (integrado por AMET, FEB, SUTEBA y UDA) convoca a conferencia de prensa para denunciar la ca\u00edda en el porcentaje de cobertura en medicamentos ambulatorios por parte del IOMA que figuran en el Formulario Terap\u00e9utico. El reclamo fue presentado por la dirigente del SUTEBA, Patricia Nisenbaum, Vocal Titular del Directorio del&hellip;<\/p>\n","protected":false},"author":1,"featured_media":0,"comment_status":"open","ping_status":"open","sticky":false,"template":"","format":"standard","meta":{"footnotes":""},"categories":[16],"tags":[4323,1422,5205,5203,5204,2720],"class_list":["post-10964","post","type-post","status-publish","format-standard","hentry","category-gremiales","tag-amet","tag-feb","tag-formulario","tag-ioma","tag-suteba","tag-uda"],"_links":{"self":[{"href":"https:\/\/www.elsindical.com.ar\/notas\/wp-json\/wp\/v2\/posts\/10964","targetHints":{"allow":["GET"]}}],"collection":[{"href":"https:\/\/www.elsindical.com.ar\/notas\/wp-json\/wp\/v2\/posts"}],"about":[{"href":"https:\/\/www.elsindical.com.ar\/notas\/wp-json\/wp\/v2\/types\/post"}],"author":[{"embeddable":true,"href":"https:\/\/www.elsindical.com.ar\/notas\/wp-json\/wp\/v2\/users\/1"}],"replies":[{"embeddable":true,"href":"https:\/\/www.elsindical.com.ar\/notas\/wp-json\/wp\/v2\/comments?post=10964"}],"version-history":[{"count":1,"href":"https:\/\/www.elsindical.com.ar\/notas\/wp-json\/wp\/v2\/posts\/10964\/revisions"}],"predecessor-version":[{"id":10966,"href":"https:\/\/www.elsindical.com.ar\/notas\/wp-json\/wp\/v2\/posts\/10964\/revisions\/10966"}],"wp:attachment":[{"href":"https:\/\/www.elsindical.com.ar\/notas\/wp-json\/wp\/v2\/media?parent=10964"}],"wp:term":[{"taxonomy":"category","embeddable":true,"href":"https:\/\/www.elsindical.com.ar\/notas\/wp-json\/wp\/v2\/categories?post=10964"},{"taxonomy":"post_tag","embeddable":true,"href":"https:\/\/www.elsindical.com.ar\/notas\/wp-json\/wp\/v2\/tags?post=10964"}],"curies":[{"name":"wp","href":"https:\/\/api.w.org\/{rel}","templated":true}]}}