{"id":109603,"date":"2021-11-26T11:06:49","date_gmt":"2021-11-26T14:06:49","guid":{"rendered":"https:\/\/www.elsindical.com.ar\/notas\/?p=109603"},"modified":"2021-11-26T11:20:53","modified_gmt":"2021-11-26T14:20:53","slug":"daniel-garcia-de-defensor-del-pueblo-a-complice-del-caos-y-el-desorden","status":"publish","type":"post","link":"https:\/\/www.elsindical.com.ar\/notas\/daniel-garcia-de-defensor-del-pueblo-a-complice-del-caos-y-el-desorden\/","title":{"rendered":"Daniel Garc\u00eda de Defensor del Pueblo a c\u00f3mplice del caos y el desorden"},"content":{"rendered":"\n<div class=\"wp-block-image\"><figure class=\"aligncenter size-full\"><a href=\"https:\/\/www.elsindical.com.ar\/notas\/var\/www\/html\/notas\/wp-content\/uploads\/2021\/11\/Daniel-en-calle-Raposo-al-6700-papelon.jpg\"><img loading=\"lazy\" decoding=\"async\" width=\"720\" height=\"900\" src=\"https:\/\/www.elsindical.com.ar\/notas\/var\/www\/html\/notas\/wp-content\/uploads\/2021\/11\/Daniel-en-calle-Raposo-al-6700-papelon.jpg\" alt=\"\" class=\"wp-image-109604\" srcset=\"https:\/\/www.elsindical.com.ar\/notas\/var\/www\/html\/notas\/wp-content\/uploads\/2021\/11\/Daniel-en-calle-Raposo-al-6700-papelon.jpg 720w, https:\/\/www.elsindical.com.ar\/notas\/var\/www\/html\/notas\/wp-content\/uploads\/2021\/11\/Daniel-en-calle-Raposo-al-6700-papelon-240x300.jpg 240w\" sizes=\"auto, (max-width: 720px) 100vw, 720px\" \/><\/a><\/figure><\/div>\n\n\n\n<p>       Cuesta imaginar que en alg\u00fan lugar del mundo, alguien que tenga como cargo y funciones \u00abdefender al Pueblo\u00bb haga todo lo contrario, m\u00e1xime cuando su puesto tiene un elevado costo para los ciudadanos que deber\u00eda defender.<\/p>\n\n\n\n<p>No hacer, o hacer mal las cosas est\u00e1 mal, es inaceptable, pero ser c\u00f3mplice de quienes deber\u00edan ser investigados por la posible comisi\u00f3n de delitos de acci\u00f3n p\u00fablica y de otros que no respetan el orden tiene una gravedad institucional pocas veces vista.<\/p>\n\n\n\n<p>Los vecinos de las inmediaciones de la calle Raposo al 6700 de Wilde viven una situaci\u00f3n inc\u00f3moda y que atenta contra la convivencia y armon\u00eda de toda sociedad ordenada, en una vivienda se realizan fiestas, poco importa si son clandestinas o simples fiestas, las mismas se realizan generando desorden, con explosiones de las motos de quienes all\u00ed concurren, muchos de los cuales salen de la fiesta conduciendo borrachos y poniendo en riesgo vidas inocentes.<\/p>\n\n\n\n<p>Por eso no se trata de j\u00f3venes que se divierten y hacen ruido, se trata de irresponsables y potenciales criminales, los accidentes dejan de serlo cuando son el producto de conductas previas que se podr\u00edan evitar.<\/p>\n\n\n\n<p>Pero curiosamente los delitos no los cometen los que organizan y concurren a las fiestas, sino que los que violan la Ley son justamente los funcionarios p\u00fablicos, tanto municipales como policiales.<\/p>\n\n\n\n<p>Por el lado del municipio en el lugar existe un domo municipal, es decir que si los operadores controlaran podr\u00edan avisar a los responsables del municipio para intervenir en la prevenci\u00f3n del desorden y el caos y la polic\u00eda controlar que los veh\u00edculos involucrados re\u00fanan las condiciones exigibles a cualquier ciudadano para circular, adem\u00e1s de controlar que no se viole la Ley de drogas.<\/p>\n\n\n\n<p>Nada de esto sucede, el Municipio de Avellaneda y los polic\u00edas de la comisar\u00eda 5ta de Wilde son se\u00f1alados por los vecinos como corruptos y se puede escuchar en los videos que comparten y en los comentarios de las redes sociales que TODOS EST\u00c1N ARREGLADOS. La reiteraci\u00f3n de estos desmanes, la impunidad de quienes lo cometen, son por s\u00ed solos la mejor evidencia de que existen responsables involucrados y que deber\u00edan responder ante la justicia.<\/p>\n\n\n\n<p>Lo ins\u00f3lito y grave, es que quien ejerce como Defensor del Pueblo de Avellaneda act\u00fae de manera irresponsable y que sea c\u00f3mplice de hechos que deber\u00eda denunciar en el HCD y en la justicia, adem\u00e1s de hacer las recomendaciones correspondientes al municipio, son esas las acciones correctas y no el ir a charlar con los infractores y argumentar que se comprometieron de buena fe, \u00bfqu\u00e9 buena fe puede tener quien se caga en sus vecinos?, para peor, Daniel Garc\u00eda usa los recursos de la Defensor\u00eda para publicar sus pavadas en los medios que tienen pauta con la Defensor\u00eda del Pueblo de Avellaneda, lo que confirma que en Avellaneda, el periodismo es en realidad un conjunto de medios oportunistas que est\u00e1n muy lejos de informar la verdad o criticar lo que est\u00e1 mal.<\/p>\n\n\n\n<p>Son responsables de las andadas de Daniel Garc\u00eda los concejales de Avellaneda, no he le\u00eddo nada de los pol\u00edticos locales sobre la conducta de Daniel Garc\u00eda y la oposici\u00f3n parece estar c\u00f3moda con el hecho de que Rodrigo Galetovich sea el defensor adjunto lo que le permite nombrar militantes en la Defensor\u00eda que son puestos a dedo y no por capacidad, as\u00ed las cosas la Defensor\u00eda nos cuesta muy cara y no defiende a los vecinos en nada.<\/p>\n\n\n\n<figure class=\"wp-block-gallery columns-1 is-cropped wp-block-gallery-1 is-layout-flex wp-block-gallery-is-layout-flex\"><ul class=\"blocks-gallery-grid\"><li class=\"blocks-gallery-item\"><figure><a href=\"https:\/\/www.elsindical.com.ar\/notas\/var\/www\/html\/notas\/wp-content\/uploads\/2021\/11\/comunicado-defensoria-de-Avellaneda-sobres-clandestina.jpg\"><img loading=\"lazy\" decoding=\"async\" width=\"900\" height=\"879\" src=\"https:\/\/www.elsindical.com.ar\/notas\/var\/www\/html\/notas\/wp-content\/uploads\/2021\/11\/comunicado-defensoria-de-Avellaneda-sobres-clandestina.jpg\" alt=\"\" data-id=\"109605\" data-full-url=\"https:\/\/www.elsindical.com.ar\/notas\/var\/www\/html\/notas\/wp-content\/uploads\/2021\/11\/comunicado-defensoria-de-Avellaneda-sobres-clandestina.jpg\" data-link=\"https:\/\/www.elsindical.com.ar\/notas\/?attachment_id=109605#main\" class=\"wp-image-109605\" srcset=\"https:\/\/www.elsindical.com.ar\/notas\/var\/www\/html\/notas\/wp-content\/uploads\/2021\/11\/comunicado-defensoria-de-Avellaneda-sobres-clandestina.jpg 900w, https:\/\/www.elsindical.com.ar\/notas\/var\/www\/html\/notas\/wp-content\/uploads\/2021\/11\/comunicado-defensoria-de-Avellaneda-sobres-clandestina-300x293.jpg 300w, https:\/\/www.elsindical.com.ar\/notas\/var\/www\/html\/notas\/wp-content\/uploads\/2021\/11\/comunicado-defensoria-de-Avellaneda-sobres-clandestina-768x750.jpg 768w, https:\/\/www.elsindical.com.ar\/notas\/var\/www\/html\/notas\/wp-content\/uploads\/2021\/11\/comunicado-defensoria-de-Avellaneda-sobres-clandestina-307x300.jpg 307w, https:\/\/www.elsindical.com.ar\/notas\/var\/www\/html\/notas\/wp-content\/uploads\/2021\/11\/comunicado-defensoria-de-Avellaneda-sobres-clandestina-50x50.jpg 50w\" sizes=\"auto, (max-width: 900px) 100vw, 900px\" \/><\/a><\/figure><\/li><li class=\"blocks-gallery-item\"><figure><a href=\"https:\/\/www.elsindical.com.ar\/notas\/var\/www\/html\/notas\/wp-content\/uploads\/2021\/11\/Rapaso-al-6700.jpg\"><img loading=\"lazy\" decoding=\"async\" width=\"709\" height=\"442\" src=\"https:\/\/www.elsindical.com.ar\/notas\/var\/www\/html\/notas\/wp-content\/uploads\/2021\/11\/Rapaso-al-6700.jpg\" alt=\"\" data-id=\"109606\" data-full-url=\"https:\/\/www.elsindical.com.ar\/notas\/var\/www\/html\/notas\/wp-content\/uploads\/2021\/11\/Rapaso-al-6700.jpg\" data-link=\"https:\/\/www.elsindical.com.ar\/notas\/?attachment_id=109606#main\" class=\"wp-image-109606\" srcset=\"https:\/\/www.elsindical.com.ar\/notas\/var\/www\/html\/notas\/wp-content\/uploads\/2021\/11\/Rapaso-al-6700.jpg 709w, https:\/\/www.elsindical.com.ar\/notas\/var\/www\/html\/notas\/wp-content\/uploads\/2021\/11\/Rapaso-al-6700-300x187.jpg 300w, https:\/\/www.elsindical.com.ar\/notas\/var\/www\/html\/notas\/wp-content\/uploads\/2021\/11\/Rapaso-al-6700-481x300.jpg 481w\" sizes=\"auto, (max-width: 709px) 100vw, 709px\" \/><\/a><\/figure><\/li><\/ul><\/figure>\n\n\n\n<figure class=\"wp-block-embed is-type-video is-provider-youtube wp-block-embed-youtube wp-embed-aspect-16-9 wp-has-aspect-ratio\"><div class=\"wp-block-embed__wrapper\">\n<iframe loading=\"lazy\" title=\"Daniel Garc\u00eda de Defensor del Pueblo a c\u00f3mplice del caos y el desorden\" width=\"700\" height=\"394\" src=\"https:\/\/www.youtube.com\/embed\/Mhb9KdTxuXc?feature=oembed\" frameborder=\"0\" allow=\"accelerometer; autoplay; clipboard-write; encrypted-media; gyroscope; picture-in-picture\" allowfullscreen><\/iframe>\n<\/div><\/figure>\n\n\n\n<p>Por Marcelo Ricardo Hawrylciw<\/p>\n","protected":false},"excerpt":{"rendered":"<p>Cuesta imaginar que en alg\u00fan lugar del mundo, alguien que tenga como cargo y funciones \u00abdefender al Pueblo\u00bb haga todo lo contrario, m\u00e1xime cuando su puesto tiene un elevado costo para los ciudadanos que deber\u00eda defender. No hacer, o hacer mal las cosas est\u00e1 mal, es inaceptable, pero ser c\u00f3mplice de quienes deber\u00edan ser investigados&hellip;<\/p>\n","protected":false},"author":1,"featured_media":109604,"comment_status":"open","ping_status":"open","sticky":false,"template":"","format":"standard","meta":{"footnotes":""},"categories":[6,10],"tags":[461,13520,1451,3516,18600,22020,36013,2450,1296,16587,36012,882],"class_list":["post-109603","post","type-post","status-publish","format-standard","has-post-thumbnail","hentry","category-denuncias","category-editorial","tag-avellaneda","tag-caos","tag-corrupcion","tag-daniel-garcia","tag-defensoria-del-pueblo-de-avellaneda","tag-denuncias","tag-desorden","tag-diario-el-sindical","tag-fiestas","tag-hcd","tag-raposo-al-6700","tag-wilde"],"_links":{"self":[{"href":"https:\/\/www.elsindical.com.ar\/notas\/wp-json\/wp\/v2\/posts\/109603","targetHints":{"allow":["GET"]}}],"collection":[{"href":"https:\/\/www.elsindical.com.ar\/notas\/wp-json\/wp\/v2\/posts"}],"about":[{"href":"https:\/\/www.elsindical.com.ar\/notas\/wp-json\/wp\/v2\/types\/post"}],"author":[{"embeddable":true,"href":"https:\/\/www.elsindical.com.ar\/notas\/wp-json\/wp\/v2\/users\/1"}],"replies":[{"embeddable":true,"href":"https:\/\/www.elsindical.com.ar\/notas\/wp-json\/wp\/v2\/comments?post=109603"}],"version-history":[{"count":2,"href":"https:\/\/www.elsindical.com.ar\/notas\/wp-json\/wp\/v2\/posts\/109603\/revisions"}],"predecessor-version":[{"id":109608,"href":"https:\/\/www.elsindical.com.ar\/notas\/wp-json\/wp\/v2\/posts\/109603\/revisions\/109608"}],"wp:featuredmedia":[{"embeddable":true,"href":"https:\/\/www.elsindical.com.ar\/notas\/wp-json\/wp\/v2\/media\/109604"}],"wp:attachment":[{"href":"https:\/\/www.elsindical.com.ar\/notas\/wp-json\/wp\/v2\/media?parent=109603"}],"wp:term":[{"taxonomy":"category","embeddable":true,"href":"https:\/\/www.elsindical.com.ar\/notas\/wp-json\/wp\/v2\/categories?post=109603"},{"taxonomy":"post_tag","embeddable":true,"href":"https:\/\/www.elsindical.com.ar\/notas\/wp-json\/wp\/v2\/tags?post=109603"}],"curies":[{"name":"wp","href":"https:\/\/api.w.org\/{rel}","templated":true}]}}