{"id":109480,"date":"2021-11-22T17:42:32","date_gmt":"2021-11-22T20:42:32","guid":{"rendered":"https:\/\/www.elsindical.com.ar\/notas\/?p=109480"},"modified":"2021-11-22T17:42:33","modified_gmt":"2021-11-22T20:42:33","slug":"a-ha-la-gira-mundial-hunting-high-and-low-llega-a-argentina-el-proximo-marzo-de-2022","status":"publish","type":"post","link":"https:\/\/www.elsindical.com.ar\/notas\/a-ha-la-gira-mundial-hunting-high-and-low-llega-a-argentina-el-proximo-marzo-de-2022\/","title":{"rendered":"A-HA: \u00a1La gira mundial \u201cHunting High And Low\u201d llega a Argentina el pr\u00f3ximo marzo de 2022!"},"content":{"rendered":"\n<div class=\"wp-block-image\"><figure class=\"aligncenter size-full is-resized\"><a href=\"https:\/\/www.elsindical.com.ar\/notas\/var\/www\/html\/notas\/wp-content\/uploads\/2021\/11\/A-Ha-en-Argentina.jpeg\"><img loading=\"lazy\" decoding=\"async\" src=\"https:\/\/www.elsindical.com.ar\/notas\/var\/www\/html\/notas\/wp-content\/uploads\/2021\/11\/A-Ha-en-Argentina.jpeg\" alt=\"\" class=\"wp-image-109481\" width=\"589\" height=\"394\" srcset=\"https:\/\/www.elsindical.com.ar\/notas\/var\/www\/html\/notas\/wp-content\/uploads\/2021\/11\/A-Ha-en-Argentina.jpeg 448w, https:\/\/www.elsindical.com.ar\/notas\/var\/www\/html\/notas\/wp-content\/uploads\/2021\/11\/A-Ha-en-Argentina-300x201.jpeg 300w\" sizes=\"auto, (max-width: 589px) 100vw, 589px\" \/><\/a><\/figure><\/div>\n\n\n\n<figure class=\"wp-block-table\"><table><tbody><tr><td><strong>El espect\u00e1culo de la gira que celebra el 35 aniversario de uno de los discos m\u00e1s influyentes en la historia de la m\u00fasica pop tendr\u00e1 lugar en Argentina, en el Movistar Arena el 25 de marzo 2022.<\/strong><br><\/td><\/tr><\/tbody><\/table><\/figure>\n\n\n\n<figure class=\"wp-block-table\"><table><tbody><tr><td><strong>Para clientes de BBVA&nbsp;&nbsp;<\/strong>\u00a13 cuotas sin intereses! <strong>Venta general <\/strong>desde el viernes 28 de marzo a las 12 horas<strong>.<\/strong><br><strong>Entradas disponibles en:<\/strong> <strong><a href=\"https:\/\/mariapeluffo.tr.pemsv11.net\/c\/eyJhIjoibWFyaWFwZWx1ZmZvIiwibSI6Im1haWxfY2t3YjNpNWFudGI0OTBjMjJ3OTFqZnp2dCIsImwiOiJsaW5rXzY2MTdhYmMzOTUxZWE1NDU4YjMyNzE3ODEyNjEzNmUwMWNkNzkxNDUiLCJpIjpbXSwidSI6Imh0dHA6Ly93d3cubW92aXN0YXJhcmVuYS5jb20uYXIiLCJjIjoiIiwiaCI6ImQyNGE3OSJ9\" target=\"_blank\" rel=\"noreferrer noopener\">www.movistararena.com.ar<\/a><\/strong> <strong>Las entradas adquiridas con anterioridad son validas para la nueva fecha.&nbsp;<\/strong><br><br>La gira mundial para celebrar el 35 aniversario del \u00e1lbum debut de A-Ha, Hunting High And Low, lanzado en 1985, finalmente llega a Argentina en marzo de 2022. Considerado uno de los m\u00e1s importantes en la historia de la m\u00fasica pop, el \u00e1lbum, que es toc\u00f3 en su totalidad en los programas de la gira, present\u00f3 al mundo \u00e9xitos atemporales como \u00abTake On Me\u00bb, \u00abThe Sun Always Shines On TV\u00bb, \u00abTrain Of Thought\u00bb y, por supuesto, \u00abHunting High And Low\u00bb. Retrasada debido a la pandemia, la gira recibi\u00f3 cr\u00edticas muy favorables de la prensa y elogios del p\u00fablico.<br><br>La nueva fecha de la gira de A-HA en Argentina ser\u00e1 el 25 de marzo 2022 , en&nbsp; Movistar Arena.<br>\u00ab\u00a1Regreso alegre! Cuando a-ha despliega sus whoppers, la atm\u00f3sfera se dispara. Harket ofrece The Sun Always Shines On TV y Take On Me en escenas de alegr\u00eda adulterada sin adulterar. Harket no solo canta las canciones de manera hermosa, sino sincera, como si hubiera recordado lo que significan para \u00e9l y para todos los presentes. \u00a1Cuatro estrellas! \u00ab- The Guardian<br>\u00abEl momento escalofriante en el que escuchamos las inquietantes notas altas de Morten &#8230; Hunting High And Low lleva esta atm\u00f3sfera surrealista a un nivel superior y, mientras el p\u00fablico canta, es una experiencia casi espiritual\u00bb. &#8211; <strong>Manchester Evening News<\/strong><br><br>\u00abGritos de reconocimiento instant\u00e1neo recibieron la bater\u00eda insistente y los teclados dif\u00edciles de resistir de Take On Me. Con Harket tocando esa nota alta como en 1985, vali\u00f3 la pena la espera. Fue un bis verdaderamente merecido \u00ab. &#8211; <strong>Jerusalem Post<\/strong><br><br>Admiradores de alto perfil como Adam Clayton, Morrissey, Robbie Williams, Pet Shop Boys y Kanye West de U2 se han declarado fan\u00e1ticos de a-ha, al igual que Chris Martin de Coldplay, quien los nombr\u00f3 como una de sus primeras inspiraciones y \u00abbandas favoritas de todos los tiempos\u00bb. \u00ab. Durante la gira Viva La Vida de 2008, Coldplay hizo un cover de Hunting High And Low y Magne se uni\u00f3 al concierto de Oslo, y Chris lo present\u00f3 como \u00abel mejor teclista del mundo\u00bb.<br>\u00abLa primera banda que am\u00e9 fue a-ha. Puse el primer disco de a-ha, solo record\u00e9 lo mucho que lo amaba. Es incre\u00edble escribir canciones, algunas de las canciones m\u00e1s hermosas que he escuchado &#8230; Todos preguntan qu\u00e9 nos inspir\u00f3, qu\u00e9 hemos estado tratando de robar y qu\u00e9 escuch\u00e1bamos a medida que crec\u00edamos. Cuando no ten\u00edamos ning\u00fan \u00e9xito propio, sol\u00edamos tocar canciones a-ha \u00ab. <strong>Chris Martin, Coldplay<\/strong><br><br>El tr\u00edo tambi\u00e9n ha logrado \u00e9xitos globales con el tema de James Bond The Living Daylights, as\u00ed como Cry Wolf, I&#8217;ve Been Losing You y la colaboraci\u00f3n de 2005 con Max Martin Analogue, mientras que su lanzamiento m\u00e1s reciente fue una colecci\u00f3n de MTV Unplugged en 2017 con colaboraciones. con Ian McCulloch y Alison Moyet de Echo &amp; The Bunnymen.<br><br>NME declar\u00f3 Hunting High And Low como \u00abuno de los \u00e1lbumes que han resistido la prueba del tiempo y todav\u00eda suena genial hoy\u00bb.<br>Como dice P\u00e5l Waaktaar-Savoy, \u00abNo hay una canci\u00f3n en ese \u00e1lbum que no estemos deseando tocar en vivo\u00bb.<br><\/td><\/tr><\/tbody><\/table><\/figure>\n\n\n\n<figure class=\"wp-block-table\"><table><tbody><tr><td><img decoding=\"async\" src=\"https:\/\/img.pemsv11.net\/3093\/move-4.jpg\" width=\"auto\" height=\"auto\"><\/td><\/tr><\/tbody><\/table><\/figure>\n\n\n\n<figure class=\"wp-block-table\"><table><tbody><tr><td><a rel=\"noreferrer noopener\" href=\"https:\/\/mariapeluffo.tr.pemsv11.net\/c\/eyJhIjoibWFyaWFwZWx1ZmZvIiwibSI6Im1haWxfY2t3YjNpNWFudGI0OTBjMjJ3OTFqZnp2dCIsImwiOiJsaW5rXzllYzU3OWQ1YjI4NWZkMzQ4YmVlMjZhMDI0ODA2OTNlMWJjMDc5NDUiLCJpIjpbXSwidSI6Imh0dHBzOi8vd3d3LmZhY2Vib29rLmNvbS9tb3ZlY29uY2VydHNhcmdlbnRpbmEvIiwiYyI6IiIsImgiOiIxOWM4ZTAifQ\" target=\"_blank\"><\/a><a rel=\"noreferrer noopener\" href=\"https:\/\/mariapeluffo.tr.pemsv11.net\/c\/eyJhIjoibWFyaWFwZWx1ZmZvIiwibSI6Im1haWxfY2t3YjNpNWFudGI0OTBjMjJ3OTFqZnp2dCIsImwiOiJsaW5rXzIwOTljZmZlZDFmNTAxZGM2ZTc5MmE4NDdjNjY3NjBhMTY2ODRlOGQiLCJpIjpbXSwidSI6Imh0dHBzOi8vdHdpdHRlci5jb20vbW92ZWNvbmNlcnRzYXJnIiwiYyI6IiIsImgiOiIyNGVlMmYifQ\" target=\"_blank\"><\/a><a rel=\"noreferrer noopener\" href=\"https:\/\/mariapeluffo.tr.pemsv11.net\/c\/eyJhIjoibWFyaWFwZWx1ZmZvIiwibSI6Im1haWxfY2t3YjNpNWFudGI0OTBjMjJ3OTFqZnp2dCIsImwiOiJsaW5rXzQ3M2M1YzA2MWJmYTdhYmZmYTUyOTBmZGJmMTNiYmI1NTNjOTViNzEiLCJpIjpbXSwidSI6Imh0dHBzOi8vd3d3Lmluc3RhZ3JhbS5jb20vbW92ZWNvbmNlcnRzYXJnLz9obD1lcy1sYSIsImMiOiIiLCJoIjoiYWZhZjIxIn0\" target=\"_blank\"><\/a><br>Con oficinas en Argentina, Brasil, Colombia, Costa Rica, Per\u00fa y Puerto Rico, adem\u00e1s de la sede regional en Miami,\u00a0<strong>Move Concerts<\/strong>\u00a0ha construido la red m\u00e1s extensa de Latinoam\u00e9rica con un solo objetivo: ofrecer la mejor experiencia en conciertos para los aficionados, artistas y nuestros clientes corporativos. Para obtener m\u00e1s informaci\u00f3n, visita\u00a0www.moveconcerts.com<a rel=\"noreferrer noopener\" href=\"https:\/\/mariapeluffo.tr.pemsv11.net\/c\/eyJhIjoibWFyaWFwZWx1ZmZvIiwibSI6Im1haWxfY2t3YjNpNWFudGI0OTBjMjJ3OTFqZnp2dCIsImwiOiJsaW5rXzllYzU3OWQ1YjI4NWZkMzQ4YmVlMjZhMDI0ODA2OTNlMWJjMDc5NDUiLCJpIjpbXSwidSI6Imh0dHBzOi8vd3d3LmZhY2Vib29rLmNvbS9tb3ZlY29uY2VydHNhcmdlbnRpbmEvIiwiYyI6IiIsImgiOiIxOWM4ZTAifQ\" target=\"_blank\"><\/a><a rel=\"noreferrer noopener\" href=\"https:\/\/mariapeluffo.tr.pemsv11.net\/c\/eyJhIjoibWFyaWFwZWx1ZmZvIiwibSI6Im1haWxfY2t3YjNpNWFudGI0OTBjMjJ3OTFqZnp2dCIsImwiOiJsaW5rXzIwOTljZmZlZDFmNTAxZGM2ZTc5MmE4NDdjNjY3NjBhMTY2ODRlOGQiLCJpIjpbXSwidSI6Imh0dHBzOi8vdHdpdHRlci5jb20vbW92ZWNvbmNlcnRzYXJnIiwiYyI6IiIsImgiOiIyNGVlMmYifQ\" target=\"_blank\"><\/a><a rel=\"noreferrer noopener\" href=\"https:\/\/mariapeluffo.tr.pemsv11.net\/c\/eyJhIjoibWFyaWFwZWx1ZmZvIiwibSI6Im1haWxfY2t3YjNpNWFudGI0OTBjMjJ3OTFqZnp2dCIsImwiOiJsaW5rXzQ3M2M1YzA2MWJmYTdhYmZmYTUyOTBmZGJmMTNiYmI1NTNjOTViNzEiLCJpIjpbXSwidSI6Imh0dHBzOi8vd3d3Lmluc3RhZ3JhbS5jb20vbW92ZWNvbmNlcnRzYXJnLz9obD1lcy1sYSIsImMiOiIiLCJoIjoiYWZhZjIxIn0\" target=\"_blank\"><\/a><\/td><\/tr><\/tbody><\/table><\/figure>\n\n\n\n<figure class=\"wp-block-table\"><table><tbody><tr><td><\/td><\/tr><\/tbody><\/table><\/figure>\n","protected":false},"excerpt":{"rendered":"<p>El espect\u00e1culo de la gira que celebra el 35 aniversario de uno de los discos m\u00e1s influyentes en la historia de la m\u00fasica pop tendr\u00e1 lugar en Argentina, en el Movistar Arena el 25 de marzo 2022. Para clientes de BBVA&nbsp;&nbsp;\u00a13 cuotas sin intereses! Venta general desde el viernes 28 de marzo a las 12&hellip;<\/p>\n","protected":false},"author":1,"featured_media":109481,"comment_status":"open","ping_status":"open","sticky":false,"template":"","format":"standard","meta":{"footnotes":""},"categories":[15],"tags":[32611,127,2450,32612,719],"class_list":["post-109480","post","type-post","status-publish","format-standard","has-post-thumbnail","hentry","category-espectaculos","tag-a-ha","tag-argentina","tag-diario-el-sindical","tag-movistar-arena","tag-recital"],"_links":{"self":[{"href":"https:\/\/www.elsindical.com.ar\/notas\/wp-json\/wp\/v2\/posts\/109480","targetHints":{"allow":["GET"]}}],"collection":[{"href":"https:\/\/www.elsindical.com.ar\/notas\/wp-json\/wp\/v2\/posts"}],"about":[{"href":"https:\/\/www.elsindical.com.ar\/notas\/wp-json\/wp\/v2\/types\/post"}],"author":[{"embeddable":true,"href":"https:\/\/www.elsindical.com.ar\/notas\/wp-json\/wp\/v2\/users\/1"}],"replies":[{"embeddable":true,"href":"https:\/\/www.elsindical.com.ar\/notas\/wp-json\/wp\/v2\/comments?post=109480"}],"version-history":[{"count":1,"href":"https:\/\/www.elsindical.com.ar\/notas\/wp-json\/wp\/v2\/posts\/109480\/revisions"}],"predecessor-version":[{"id":109482,"href":"https:\/\/www.elsindical.com.ar\/notas\/wp-json\/wp\/v2\/posts\/109480\/revisions\/109482"}],"wp:featuredmedia":[{"embeddable":true,"href":"https:\/\/www.elsindical.com.ar\/notas\/wp-json\/wp\/v2\/media\/109481"}],"wp:attachment":[{"href":"https:\/\/www.elsindical.com.ar\/notas\/wp-json\/wp\/v2\/media?parent=109480"}],"wp:term":[{"taxonomy":"category","embeddable":true,"href":"https:\/\/www.elsindical.com.ar\/notas\/wp-json\/wp\/v2\/categories?post=109480"},{"taxonomy":"post_tag","embeddable":true,"href":"https:\/\/www.elsindical.com.ar\/notas\/wp-json\/wp\/v2\/tags?post=109480"}],"curies":[{"name":"wp","href":"https:\/\/api.w.org\/{rel}","templated":true}]}}