{"id":109466,"date":"2021-11-21T11:21:37","date_gmt":"2021-11-21T14:21:37","guid":{"rendered":"https:\/\/www.elsindical.com.ar\/notas\/?p=109466"},"modified":"2021-11-21T11:21:38","modified_gmt":"2021-11-21T14:21:38","slug":"ajb-violencia-de-genero-paramos-por-lucia-y-por-todas","status":"publish","type":"post","link":"https:\/\/www.elsindical.com.ar\/notas\/ajb-violencia-de-genero-paramos-por-lucia-y-por-todas\/","title":{"rendered":"AJB VIOLENCIA DE G\u00c9NERO: Paramos por Luc\u00eda y por todas"},"content":{"rendered":"\n<div class=\"wp-block-image\"><figure class=\"aligncenter size-full is-resized\"><a href=\"https:\/\/www.elsindical.com.ar\/notas\/var\/www\/html\/notas\/wp-content\/uploads\/2021\/11\/web-lucia-perez-CCH.jpg\"><img loading=\"lazy\" decoding=\"async\" src=\"https:\/\/www.elsindical.com.ar\/notas\/var\/www\/html\/notas\/wp-content\/uploads\/2021\/11\/web-lucia-perez-CCH.jpg\" alt=\"\" class=\"wp-image-109467\" width=\"725\" height=\"344\" srcset=\"https:\/\/www.elsindical.com.ar\/notas\/var\/www\/html\/notas\/wp-content\/uploads\/2021\/11\/web-lucia-perez-CCH.jpg 600w, https:\/\/www.elsindical.com.ar\/notas\/var\/www\/html\/notas\/wp-content\/uploads\/2021\/11\/web-lucia-perez-CCH-300x143.jpg 300w, https:\/\/www.elsindical.com.ar\/notas\/var\/www\/html\/notas\/wp-content\/uploads\/2021\/11\/web-lucia-perez-CCH-500x238.jpg 500w\" sizes=\"auto, (max-width: 725px) 100vw, 725px\" \/><\/a><\/figure><\/div>\n\n\n\n<p class=\"wp-block-paragraph\">El 23 de noviembre a las 11 hs. se celebrar\u00e1 la audiencia preliminar del juicio pol\u00edtico contra los jueces marplatenses G\u00f3mez Urso y Vi\u00f1as, que dejaron impune el femicidio de Luc\u00eda P\u00e9rez Montero.<\/p>\n\n\n\n<p class=\"wp-block-paragraph\">Desde la Asociaci\u00f3n Judicial Bonaerense acompa\u00f1amos a la familia de Luc\u00eda y junto a otras organizaciones convocamos al paro de actividades que se realizar\u00e1 el pr\u00f3ximo martes 23 de noviembre entre las 11 y las 12 horas, con movilizaci\u00f3n al Sal\u00f3n Dorado del Senado (calle 7 e\/ 51 y 53 de La Plata). Marchamos bajo las consignas \u201cJusticia por Luc\u00eda y por todas\u201d, \u201cBasta de Justicia machista y patriarcal\u201d, y \u201cNi una menos\u201d y adem\u00e1s se realizar\u00e1n actividades virtuales para acompa\u00f1ar y visibilizar.<\/p>\n\n\n\n<p class=\"wp-block-paragraph\">Cabe recordar que el 8 de octubre de 2016 Luc\u00eda, quien en ese momento ten\u00eda 16 a\u00f1os, fue asesinada en la ciudad de Mar del Plata de una manera atroz. El Poder Judicial, lejos de impartir justicia y reparaci\u00f3n, llev\u00f3 adelante un juicio vergonzoso en el que se hizo foco en la vida de la v\u00edctima, con afirmaciones revictimizantes y carentes de perspectiva de g\u00e9nero. En noviembre de&nbsp; 2018 el Tribunal Oral Criminal N\u00ba1 de Mar del Plata absolvi\u00f3 a los asesinos de los cargos por femicidio y abuso sexual agravado por acceso carnal, fallo que fue anulado en agosto de 2020 por la Sala IV del Tribunal de Casaci\u00f3n Penal, que orden\u00f3 realizar un nuevo juicio con perspectiva de g\u00e9nero, el que a\u00fan se encuentra pendiente.<\/p>\n\n\n\n<p class=\"wp-block-paragraph\">En diciembre de 2019, fruto de la lucha llevada adelante por la familia con el apoyo de diferentes organizaciones, entre las que se encuentra la AJB, se logr\u00f3 que el Jurado de Enjuiciamiento de Magistrados y Funcionarios de la provincia de Buenos Aires resolviera darle curso al pedido de juicio pol\u00edtico a los jueces Facundo G\u00f3mez Urso y Pablo Vi\u00f1as, quienes tambi\u00e9n fueron acusados por la Procuraci\u00f3n General y la Comisi\u00f3n Bicameral. El tercer juez, Aldo Carnevale, no fue acusado porque present\u00f3 su renuncia con fines jubilatorios.<\/p>\n\n\n\n<p class=\"wp-block-paragraph\">\u201cDesde la Secretar\u00eda de G\u00e9neros de la AJB venimos cuestionando el rol de la Justicia y exigiendo un Poder Judicial con perspectiva de g\u00e9nero. Logramos con la lucha varios avances, como la expulsi\u00f3n del juez Garc\u00eda de Olavarr\u00eda, la implementaci\u00f3n de la Ley Micaela y la comisi\u00f3n permanente de g\u00e9nero con participaci\u00f3n de los y las trabajadoras. Sabemos que la pelea es constante, por eso el 23 propiciamos el paro y la movilizaci\u00f3n a La Plata acompa\u00f1ando el reclamo de la familia de Luc\u00eda y de todo el pueblo y exigimos que el jury admita los cargos contra Gomez Urso y Vi\u00f1as, los suspendan preventivamente y se propicie su expulsi\u00f3n del Poder Judicial\u201d, expres\u00f3 D\u00e9bora Bertone, secretaria de G\u00e9neros e Igualdad de Oportunidades de la AJB.<\/p>\n\n\n\n<p class=\"wp-block-paragraph\">Y agreg\u00f3: \u201cLa jornada tambi\u00e9n visibiliza la exigencia al Poder Judicial de perspectiva de g\u00e9nero y una reforma integral y profunda que incluya nuestras condiciones de trabajo, como as\u00ed tambi\u00e9n al Estado de pol\u00edticas p\u00fablicas efectivas y presupuesto para los programas y la leyes de g\u00e9nero.\u201d<\/p>\n\n\n\n<p class=\"wp-block-paragraph\">En Argentina, durante el 2021 ocurri\u00f3 un femicidio cada 34 horas, y durante el mes de octubre se contabiliz\u00f3 uno cada 20 horas. Los \u00edndices siguen siendo muy altos y en muchos casos exist\u00edan denuncias previas y medidas judiciales.<\/p>\n","protected":false},"excerpt":{"rendered":"<p>El 23 de noviembre a las 11 hs. se celebrar\u00e1 la audiencia preliminar del juicio pol\u00edtico contra los jueces marplatenses G\u00f3mez Urso y Vi\u00f1as, que dejaron impune el femicidio de Luc\u00eda P\u00e9rez Montero. Desde la Asociaci\u00f3n Judicial Bonaerense acompa\u00f1amos a la familia de Luc\u00eda y junto a otras organizaciones convocamos al paro de actividades que&hellip;<\/p>\n","protected":false},"author":1,"featured_media":109467,"comment_status":"open","ping_status":"open","sticky":false,"template":"","format":"standard","meta":{"footnotes":""},"categories":[20],"tags":[4626,2450,35974,35975,627,35973,572],"class_list":["post-109466","post","type-post","status-publish","format-standard","has-post-thumbnail","hentry","category-judiciales","tag-ajb","tag-diario-el-sindical","tag-juez-gomez-urso","tag-juez-vinas","tag-juicio-politico","tag-lucia-perez-montero","tag-violencia-de-genero"],"_links":{"self":[{"href":"https:\/\/www.elsindical.com.ar\/notas\/wp-json\/wp\/v2\/posts\/109466","targetHints":{"allow":["GET"]}}],"collection":[{"href":"https:\/\/www.elsindical.com.ar\/notas\/wp-json\/wp\/v2\/posts"}],"about":[{"href":"https:\/\/www.elsindical.com.ar\/notas\/wp-json\/wp\/v2\/types\/post"}],"author":[{"embeddable":true,"href":"https:\/\/www.elsindical.com.ar\/notas\/wp-json\/wp\/v2\/users\/1"}],"replies":[{"embeddable":true,"href":"https:\/\/www.elsindical.com.ar\/notas\/wp-json\/wp\/v2\/comments?post=109466"}],"version-history":[{"count":1,"href":"https:\/\/www.elsindical.com.ar\/notas\/wp-json\/wp\/v2\/posts\/109466\/revisions"}],"predecessor-version":[{"id":109468,"href":"https:\/\/www.elsindical.com.ar\/notas\/wp-json\/wp\/v2\/posts\/109466\/revisions\/109468"}],"wp:featuredmedia":[{"embeddable":true,"href":"https:\/\/www.elsindical.com.ar\/notas\/wp-json\/wp\/v2\/media\/109467"}],"wp:attachment":[{"href":"https:\/\/www.elsindical.com.ar\/notas\/wp-json\/wp\/v2\/media?parent=109466"}],"wp:term":[{"taxonomy":"category","embeddable":true,"href":"https:\/\/www.elsindical.com.ar\/notas\/wp-json\/wp\/v2\/categories?post=109466"},{"taxonomy":"post_tag","embeddable":true,"href":"https:\/\/www.elsindical.com.ar\/notas\/wp-json\/wp\/v2\/tags?post=109466"}],"curies":[{"name":"wp","href":"https:\/\/api.w.org\/{rel}","templated":true}]}}