{"id":109395,"date":"2021-11-19T08:29:51","date_gmt":"2021-11-19T11:29:51","guid":{"rendered":"https:\/\/www.elsindical.com.ar\/notas\/?p=109395"},"modified":"2021-11-19T08:33:24","modified_gmt":"2021-11-19T11:33:24","slug":"la-pfa-detuvo-a-una-banda-de-falsos-policias-que-robaban-simulando-allanamientos","status":"publish","type":"post","link":"https:\/\/www.elsindical.com.ar\/notas\/la-pfa-detuvo-a-una-banda-de-falsos-policias-que-robaban-simulando-allanamientos\/","title":{"rendered":"La PFA detuvo a una banda de falsos polic\u00edas que robaban simulando allanamientos"},"content":{"rendered":"\n<div class=\"wp-block-image\"><figure class=\"aligncenter size-large\"><a href=\"https:\/\/www.elsindical.com.ar\/notas\/var\/www\/html\/notas\/wp-content\/uploads\/2021\/11\/falso-policia-detenido.jpeg\"><img loading=\"lazy\" decoding=\"async\" width=\"768\" height=\"1024\" src=\"https:\/\/www.elsindical.com.ar\/notas\/var\/www\/html\/notas\/wp-content\/uploads\/2021\/11\/falso-policia-detenido-768x1024.jpeg\" alt=\"\" class=\"wp-image-109396\" srcset=\"https:\/\/www.elsindical.com.ar\/notas\/var\/www\/html\/notas\/wp-content\/uploads\/2021\/11\/falso-policia-detenido-768x1024.jpeg 768w, https:\/\/www.elsindical.com.ar\/notas\/var\/www\/html\/notas\/wp-content\/uploads\/2021\/11\/falso-policia-detenido-225x300.jpeg 225w, https:\/\/www.elsindical.com.ar\/notas\/var\/www\/html\/notas\/wp-content\/uploads\/2021\/11\/falso-policia-detenido.jpeg 864w\" sizes=\"auto, (max-width: 768px) 100vw, 768px\" \/><\/a><\/figure><\/div>\n\n\n\n<p>Efectivos del Departamento Unidad Federal de Investigaciones Especiales, detuvieron al \u00faltimo eslab\u00f3n de una organizaci\u00f3n criminal ya desarticulada por dicho Departamento, dedicada al robo de viviendas estilo entradera, vestidos con uniformes policiales que simulaban allanamientos, en la provincia de Buenos Aires.<\/p>\n\n\n\n<p>La causa judicial se inici\u00f3 en noviembre de 2019, a ra\u00edz de numerosos hechos delictivos ocurridos en la localidad bonaerense de Canning, Partido de Ezeiza, vinculados a varios robos en la modalidad \u201centradera\u201d, realizados por un grupo de delincuentes, cuya modalidad delictiva era enga\u00f1ar a sus v\u00edctimas haci\u00e9ndose pasar por efectivos policiales.<\/p>\n\n\n\n<p>Con el ardid de querer realizar un allanamiento en la vivienda, ingresaban al domicilio robando distintos objetos de valor.<\/p>\n\n\n\n<p>Asimismo, dicha banda est\u00e1 acusada de realizar un robo estilo \u201cpirater\u00eda del asfalto\u201d en plena pandemia, a un cami\u00f3n que transportaba 100 mil barbijos.<\/p>\n\n\n\n<p>Las investigaciones culminaron en mayo del a\u00f1o pasado ordenadas por la Unidad Fiscal de Instrucci\u00f3n N\u00ba2 a cargo del Dr. Carlos Hassan del Departamento Judicial de Ezeiza, donde se efectuaron 24 allanamientos, deteniendo a 7 miembros de dicha organizaci\u00f3n delictiva, secuestrando adem\u00e1s indumentaria policial, armamento y varios elementos pertenecientes a los damnificados, por \u201cRobo Agravado (Modalidad Entradera- Falsos Polic\u00edas)\u201d.<\/p>\n\n\n\n<p>Sin embargo y con el correr de las diversas pesquisas, los uniformados establecieron la existencia de un hombre que pose\u00eda vinculaci\u00f3n con dicha banda y cuyo rol principal era brindar informaci\u00f3n detallada y precisa, sobre los posibles objetivos donde se llevar\u00edan a cabo los robos.<\/p>\n\n\n\n<p>Con el total de las pruebas obtenidas, el Juzgado de Garant\u00edas N\u00ba7 de Ezeiza a cargo del Dr. Horacio Hyrb, orden\u00f3 un allanamiento sobre un domicilio ubicado en la calle Paran\u00e1 al 4400, en la localidad de Canning.<\/p>\n\n\n\n<p>Durante el operativo, fue detenido un hombre de 40 a\u00f1os y se secuestraron un tel\u00e9fono celular, un par de guantes y un pasamonta\u00f1as, utilizados en los atracos.<\/p>\n\n\n\n<p>El detenido, junto a los elementos secuestrados, quedaron a disposici\u00f3n del magistrado interventor.<\/p>\n\n\n\n<figure class=\"wp-block-embed is-type-video is-provider-youtube wp-block-embed-youtube wp-embed-aspect-16-9 wp-has-aspect-ratio\"><div class=\"wp-block-embed__wrapper\">\n<iframe loading=\"lazy\" title=\"La PFA detuvo a una banda de falsos polic\u00edas que robaban simulando allanamientos\" width=\"700\" height=\"394\" src=\"https:\/\/www.youtube.com\/embed\/LEozfgia6is?feature=oembed\" frameborder=\"0\" allow=\"accelerometer; autoplay; clipboard-write; encrypted-media; gyroscope; picture-in-picture\" allowfullscreen><\/iframe>\n<\/div><\/figure>\n","protected":false},"excerpt":{"rendered":"<p>Efectivos del Departamento Unidad Federal de Investigaciones Especiales, detuvieron al \u00faltimo eslab\u00f3n de una organizaci\u00f3n criminal ya desarticulada por dicho Departamento, dedicada al robo de viviendas estilo entradera, vestidos con uniformes policiales que simulaban allanamientos, en la provincia de Buenos Aires. La causa judicial se inici\u00f3 en noviembre de 2019, a ra\u00edz de numerosos hechos&hellip;<\/p>\n","protected":false},"author":1,"featured_media":109396,"comment_status":"open","ping_status":"open","sticky":false,"template":"","format":"standard","meta":{"footnotes":""},"categories":[22],"tags":[493,2450,16496,3841,698,14193],"class_list":["post-109395","post","type-post","status-publish","format-standard","has-post-thumbnail","hentry","category-policiales","tag-allanamientos","tag-diario-el-sindical","tag-entraderas","tag-falsos-policias","tag-pfa","tag-robo-agravado"],"_links":{"self":[{"href":"https:\/\/www.elsindical.com.ar\/notas\/wp-json\/wp\/v2\/posts\/109395","targetHints":{"allow":["GET"]}}],"collection":[{"href":"https:\/\/www.elsindical.com.ar\/notas\/wp-json\/wp\/v2\/posts"}],"about":[{"href":"https:\/\/www.elsindical.com.ar\/notas\/wp-json\/wp\/v2\/types\/post"}],"author":[{"embeddable":true,"href":"https:\/\/www.elsindical.com.ar\/notas\/wp-json\/wp\/v2\/users\/1"}],"replies":[{"embeddable":true,"href":"https:\/\/www.elsindical.com.ar\/notas\/wp-json\/wp\/v2\/comments?post=109395"}],"version-history":[{"count":2,"href":"https:\/\/www.elsindical.com.ar\/notas\/wp-json\/wp\/v2\/posts\/109395\/revisions"}],"predecessor-version":[{"id":109398,"href":"https:\/\/www.elsindical.com.ar\/notas\/wp-json\/wp\/v2\/posts\/109395\/revisions\/109398"}],"wp:featuredmedia":[{"embeddable":true,"href":"https:\/\/www.elsindical.com.ar\/notas\/wp-json\/wp\/v2\/media\/109396"}],"wp:attachment":[{"href":"https:\/\/www.elsindical.com.ar\/notas\/wp-json\/wp\/v2\/media?parent=109395"}],"wp:term":[{"taxonomy":"category","embeddable":true,"href":"https:\/\/www.elsindical.com.ar\/notas\/wp-json\/wp\/v2\/categories?post=109395"},{"taxonomy":"post_tag","embeddable":true,"href":"https:\/\/www.elsindical.com.ar\/notas\/wp-json\/wp\/v2\/tags?post=109395"}],"curies":[{"name":"wp","href":"https:\/\/api.w.org\/{rel}","templated":true}]}}