{"id":109390,"date":"2021-11-18T23:32:43","date_gmt":"2021-11-19T02:32:43","guid":{"rendered":"https:\/\/www.elsindical.com.ar\/notas\/?p=109390"},"modified":"2021-11-18T23:32:44","modified_gmt":"2021-11-19T02:32:44","slug":"efemerides-del-dia-19-de-noviembre-8","status":"publish","type":"post","link":"https:\/\/www.elsindical.com.ar\/notas\/efemerides-del-dia-19-de-noviembre-8\/","title":{"rendered":"EFEM\u00c9RIDES: DEL D\u00cdA 19 DE NOVIEMBRE"},"content":{"rendered":"\n<p>\u2013 D\u00eda Internacional del Hombre<\/p>\n\n\n\n<p>\u2013 D\u00eda Mundial para la prevenci\u00f3n del abuso de los ni\u00f1os<\/p>\n\n\n\n<p>\u2013 D\u00eda Mundial del Ajedrez<\/p>\n\n\n\n<p>\u2013 D\u00eda Mundial del Retrete, para concientizar sobre la importancia del acceso a los servicios b\u00e1sicos de saneamiento para la prevenci\u00f3n de enfermedades.<\/p>\n\n\n\n<p>1493 \u2013 Crist\u00f3bal Colon desembarca en la isa de Borinquen, a la que llam\u00f3 San Juan Bautista, hoy San Juan de Puerto Rico.<\/p>\n\n\n\n<p>1573 \u2013&nbsp;Ger\u00f3nimo Luis de Cabrera, gobernador de Tucum\u00e1n, Jur\u00edes y Diaguitas distribuye las primeras c\u00e9dulas de encomienda y se asigna gran cantidad de caciques e ind\u00edgenas.<\/p>\n\n\n\n<p>1600 \u2013 Nace el rey Carlos I de Inglaterra.<\/p>\n\n\n\n<p>1819 \u2013 Inauguraci\u00f3n del Museo del Prado (en Madrid, Espa\u00f1a).<\/p>\n\n\n\n<p>1828 \u2013 Muere Franz Schubert, compositor austriaco.<\/p>\n\n\n\n<p>1837 \u2013 Inauguraci\u00f3n del primer ferrocarril cubano, que uni\u00f3 La Habana con la localidad de Benjucal.<\/p>\n\n\n\n<p>1859 \u2013 Comienza la guerra de Africa entre tropas espa\u00f1olas y marroqu\u00edes.<\/p>\n\n\n\n<p>1867 \u2013 Nace el Dr. Angel Gallardo, naturalista y entom\u00f3logo argentino.<\/p>\n\n\n\n<p>1882 \u2013 Dardo Rocha, gobernador de la provincia de Buenos Aires, funda la Ciudad de La Plata.<\/p>\n\n\n\n<p>1888 \u2013 Nace Jos\u00e9 Ra\u00fal Capablanca, maestro de ajedrez, cubano.<\/p>\n\n\n\n<p>1905 \u2013 Nace Tommy Dorsey, m\u00fasico estadounidense.<\/p>\n\n\n\n<p>1906 \u2013&nbsp;Nace en Buenos Aires el historiador escritor y periodista Rodolfo Puiggr\u00f3s. Muri\u00f3 en La Habana, Cuba, el 12 de noviembre de 1980.<\/p>\n\n\n\n<p>1911 \u2013 Asesinan al presidente de la Rep\u00fablica Dominicana, general Ram\u00f3n C\u00e1ceres.<\/p>\n\n\n\n<p>1917 \u2013 Nace Indira Gandhi, pol\u00edtica india.<\/p>\n\n\n\n<p>1931 \u2013 Adolf Windaus difunde que ha sido posible la fabricaci\u00f3n de la vitamina D1 en forma de cristales puros.<\/p>\n\n\n\n<p>1933 \u2013 Nace Larry King, conductor de la televisi\u00f3n estadounidense.<\/p>\n\n\n\n<p>1936 \u2013 Muere en la guerra civil espa\u00f1ola el dirigente anarquista Buenaventura Durruti.<\/p>\n\n\n\n<p>1938 \u2013 Nace Robert Edward \u00abTed\u00bb Turner III, empresario estadounidense.<\/p>\n\n\n\n<p>1942 \u2013 Nace Calvin Klein, dise\u00f1ador de modas estadounidense.<\/p>\n\n\n\n<p>1942 \u2013 Segunda Guerra Mundial: ofensiva rusa en el Volga.<\/p>\n\n\n\n<p>1942 \u2013 Nace Moris, cantante, m\u00fasico y compositor argentino.<\/p>\n\n\n\n<p>1951 \u2013&nbsp;Reaparece el diario&nbsp;La Prensa, convertido en \u00f3rgano de la CGT.<\/p>\n\n\n\n<p>1961 \u2013 Nace Meg Ryan, actriz estadounidense.<\/p>\n\n\n\n<p>1962 \u2013 Nace Amado Boudou, pol\u00edtico y vicepresidente argentino.<\/p>\n\n\n\n<p>1962 \u2013 Nace Jodie Foster, actriz estadounidense.<\/p>\n\n\n\n<p>1963 \u2013 Muere Carmen Amaya, bailarina espa\u00f1ola.<\/p>\n\n\n\n<p>1964 \u2013 Nace Alfredo Zaiat, economista y periodista argentino.<\/p>\n\n\n\n<p>1977 \u2013 Hist\u00f3rico viaje del presidente de Egipto, Anwar el Sadat, a Israel.<\/p>\n\n\n\n<p>1985 \u2013 Cumbre en Ginebra entre los m\u00e1ximos dirigentes de EEUU, Ronald Reagan, y la URSS, Mijail Gorbachov, sobre la reducci\u00f3n de armas nucleares.<\/p>\n\n\n\n<p>1986 \u2013 Nace Ezequiel Luna, futbolista argentino.<\/p>\n\n\n\n<p>1986 \u2013 Un cuadro de Joan Mir\u00f3 alcanza la cifra de 2.350.000 d\u00f3lares en una subasta en Nueva York.<\/p>\n\n\n\n<p>1990 \u2013 La OTAN y el Pacto de Varsovia firman la paz.<\/p>\n\n\n\n<p>1992 \u2013 El presidente Boris Yeltsin anuncia en Se\u00fal la decisi\u00f3n de Rusia de paralizar la fabricaci\u00f3n de submarinos nucleares.<\/p>\n\n\n\n<p>1998 \u2013 Muere Alan J. Pakula, director y productor de cine de EE.UU.<\/p>\n\n\n\n<p>2003 \u2013 Michael Jackson es acusado de nueve cargos por abuso de menores.<\/p>\n\n\n\n<p>2006 \u2013&nbsp;Muere el dirigente sindical Sa\u00fal Ubaldini. Hab\u00eda nacido en Buenos Aires el 29 de diciembre de 1936.<\/p>\n\n\n\n<p>2012 \u2013 Muere Jorge Rossi, presentador de televisi\u00f3n argentino.<\/p>\n\n\n\n<p>2014 \u2013 Muere Mike Nichols, cineasta estadounidense.<\/p>\n","protected":false},"excerpt":{"rendered":"<p>\u2013 D\u00eda Internacional del Hombre \u2013 D\u00eda Mundial para la prevenci\u00f3n del abuso de los ni\u00f1os \u2013 D\u00eda Mundial del Ajedrez \u2013 D\u00eda Mundial del Retrete, para concientizar sobre la importancia del acceso a los servicios b\u00e1sicos de saneamiento para la prevenci\u00f3n de enfermedades. 1493 \u2013 Crist\u00f3bal Colon desembarca en la isa de Borinquen, a&hellip;<\/p>\n","protected":false},"author":1,"featured_media":0,"comment_status":"open","ping_status":"open","sticky":false,"template":"","format":"standard","meta":{"footnotes":""},"categories":[14],"tags":[2450,22026],"class_list":["post-109390","post","type-post","status-publish","format-standard","hentry","category-efemerides","tag-diario-el-sindical","tag-efemerides"],"_links":{"self":[{"href":"https:\/\/www.elsindical.com.ar\/notas\/wp-json\/wp\/v2\/posts\/109390","targetHints":{"allow":["GET"]}}],"collection":[{"href":"https:\/\/www.elsindical.com.ar\/notas\/wp-json\/wp\/v2\/posts"}],"about":[{"href":"https:\/\/www.elsindical.com.ar\/notas\/wp-json\/wp\/v2\/types\/post"}],"author":[{"embeddable":true,"href":"https:\/\/www.elsindical.com.ar\/notas\/wp-json\/wp\/v2\/users\/1"}],"replies":[{"embeddable":true,"href":"https:\/\/www.elsindical.com.ar\/notas\/wp-json\/wp\/v2\/comments?post=109390"}],"version-history":[{"count":1,"href":"https:\/\/www.elsindical.com.ar\/notas\/wp-json\/wp\/v2\/posts\/109390\/revisions"}],"predecessor-version":[{"id":109391,"href":"https:\/\/www.elsindical.com.ar\/notas\/wp-json\/wp\/v2\/posts\/109390\/revisions\/109391"}],"wp:attachment":[{"href":"https:\/\/www.elsindical.com.ar\/notas\/wp-json\/wp\/v2\/media?parent=109390"}],"wp:term":[{"taxonomy":"category","embeddable":true,"href":"https:\/\/www.elsindical.com.ar\/notas\/wp-json\/wp\/v2\/categories?post=109390"},{"taxonomy":"post_tag","embeddable":true,"href":"https:\/\/www.elsindical.com.ar\/notas\/wp-json\/wp\/v2\/tags?post=109390"}],"curies":[{"name":"wp","href":"https:\/\/api.w.org\/{rel}","templated":true}]}}