{"id":109387,"date":"2021-11-18T20:05:14","date_gmt":"2021-11-18T23:05:14","guid":{"rendered":"https:\/\/www.elsindical.com.ar\/notas\/?p=109387"},"modified":"2021-11-18T20:05:15","modified_gmt":"2021-11-18T23:05:15","slug":"a-lucas-lo-mato-la-complicidad-politica-y-judicial","status":"publish","type":"post","link":"https:\/\/www.elsindical.com.ar\/notas\/a-lucas-lo-mato-la-complicidad-politica-y-judicial\/","title":{"rendered":"A Lucas lo mat\u00f3 la complicidad pol\u00edtica y judicial"},"content":{"rendered":"\n<figure class=\"wp-block-image size-large\"><a href=\"https:\/\/www.elsindical.com.ar\/notas\/var\/www\/html\/notas\/wp-content\/uploads\/2021\/11\/Diego-Santilli-juntos.jpg\"><img loading=\"lazy\" decoding=\"async\" width=\"1024\" height=\"576\" src=\"https:\/\/www.elsindical.com.ar\/notas\/var\/www\/html\/notas\/wp-content\/uploads\/2021\/11\/Diego-Santilli-juntos-1024x576.jpg\" alt=\"\" class=\"wp-image-109388\" srcset=\"https:\/\/www.elsindical.com.ar\/notas\/var\/www\/html\/notas\/wp-content\/uploads\/2021\/11\/Diego-Santilli-juntos-1024x576.jpg 1024w, https:\/\/www.elsindical.com.ar\/notas\/var\/www\/html\/notas\/wp-content\/uploads\/2021\/11\/Diego-Santilli-juntos-300x169.jpg 300w, https:\/\/www.elsindical.com.ar\/notas\/var\/www\/html\/notas\/wp-content\/uploads\/2021\/11\/Diego-Santilli-juntos-768x432.jpg 768w, https:\/\/www.elsindical.com.ar\/notas\/var\/www\/html\/notas\/wp-content\/uploads\/2021\/11\/Diego-Santilli-juntos-500x281.jpg 500w, https:\/\/www.elsindical.com.ar\/notas\/var\/www\/html\/notas\/wp-content\/uploads\/2021\/11\/Diego-Santilli-juntos-460x260.jpg 460w, https:\/\/www.elsindical.com.ar\/notas\/var\/www\/html\/notas\/wp-content\/uploads\/2021\/11\/Diego-Santilli-juntos.jpg 1200w\" sizes=\"auto, (max-width: 1024px) 100vw, 1024px\" \/><\/a><\/figure>\n\n\n\n<p>El asesinato de Lucas deber\u00eda generar en Larreta un profundo cambio en su Polic\u00eda de la Ciudad, que est\u00e1 lejos de ser eficiente y honesta, soy el \u00fanico que desde hace tres a\u00f1os viene denunciando las mentiras de Diego Santilli a quien denunci\u00e9 penalmente por encubrir abusos policiales y por no investigar ni llevar adelante pol\u00edticas de transparencia.<\/p>\n\n\n\n<p>El tema es muy sencillo, rinoscop\u00eda a los tres polic\u00edas y que se incluya el dosaje de sangre anual a los efectivos policiales, no fue un error como quieren decir ahora, el audio del inspector informando el hecho dista mucho de ser un lenguaje policial, no se lo escucha ni siquiera alterado sino que se evidencia un desprecio por la vida ajena, a\u00fan cuando ya sab\u00edan que no hubo un enfrentamiento.<\/p>\n\n\n\n<p>Mintieron en todo, dijeron que vieron que uno de los j\u00f3venes sac\u00f3 un arma, curiosamente la \u00fanica arma fue encontrada en el ba\u00fal.No puede haber enfrentamiento entre un arma real y una de juguete, tampoco es claro c\u00f3mo apareci\u00f3 en el ba\u00fal del auto.Un enfermo puede inventar una situaci\u00f3n tan burda y dif\u00edcil de creer.<\/p>\n\n\n\n<p>Fue un ASESINATO, por otro lado, el Juez de menores de la causa, de m\u00ednima deber\u00eda ser sancionado o sometido a un jury, los otros menores testigos del hecho fueron detenidos toda la noche en un instituto y los asesinos se retiraron a sus domicilios y a contratar abogados, si trabajaron bien y dijeron la verdad no deber\u00edan temer declarar y estar a justicia.Pero sin dudas hay dos grandes RESPONSABLES, el primero Horacio Rodr\u00edguez Larreta por ser el Jefe de Gobierno, el otro Diego Santilli, vice jefe y ex ministro de seguridad y justicia, me consta que estaba informado de los cientos de pol\u00edc\u00edas imputados por delitos graves, corrupci\u00f3n y adicciones entre los polic\u00edas.<\/p>\n\n\n\n<p>Nunca hicieron nada por mejorar la calidad de los polic\u00edas que se supone cuidan la Ciudad, sepan que lejos est\u00e1n de estar cuidados, los barrios considerados peligrosos nunca cambiaron, ni con Mauricio Macri, ni con Larreta, mintieron cuando ped\u00edan por la Polic\u00eda propia, la \u00fanica verdad es que las polic\u00edas propias son un tema que siempre enfrent\u00f3 a los pol\u00edticos, porque se sabe que son una de las \u00abcajas de recaudaci\u00f3n pol\u00edtica\u00bb, curiosamente dejaron de hablar de eso medios que lo pon\u00edan en tapa, Clar\u00edn, La Naci\u00f3n, Noticias, le propongo a Larreta que los ex\u00e1menes anuales adem\u00e1s de incluir el dosaje de sangre de los polic\u00edas sean p\u00fablicos, como las declaraciones juradas patrimoniales p\u00fablicas, la corrupci\u00f3n necesita ser combatida como tambi\u00e9n las adicciones de polic\u00edas armados. Hace dos a\u00f1os que se incrementaron los suicidios, femicidios y denuncias de violencia de efectivos policiales, eso sin contar los corruptos.<\/p>\n\n\n\n<p>Verg\u00fcenza deber\u00edan sentir los seudo periodistas como Viviana Canosa que ahora pide que se respete el orden y esperen a que la justicia act\u00fae, pero si esto pasa en la provincia por unos pesos invita a romper todo. No es la \u00fanica, impresentables como Feinman o el Baby viven alentando el disparar y despu\u00e9s preguntar, pero se hacen los boludos cuando pasan estas cosas graves y evitables.<\/p>\n\n\n\n<p>La Polic\u00eda de la Ciudad hered\u00f3 polic\u00edas federales que en su mayor\u00eda no ten\u00edan buenos legajos, hered\u00f3 la corrupci\u00f3n enorme en la Ciudad que encubri\u00f3 el ex fiscal Pablo Lanusse hoy abogado de Mauricio Macri y lo invito en el medio que quiera a debatir al respecto, pero m\u00e1s que nada lo acuso de tener las manos con SANGRE.Nada devuelve la vida de Lucas, nada va a cambiar lamentablemente porque es un NEGOCIO enorme una polic\u00eda sin controles ciudadanos.<\/p>\n\n\n\n<p>La Oficina de Control Externo del Ministerio de Seguridad y Justicia de CABA es un chiste, sus miembros no entienden nada del mundo policial, me toco ratificar denuncias en sus coquetas oficinas de Barracas y la verdad que son una puesta en escena, no saben y no quieren preguntar cuando uno ratifica la denuncia, entonces \u00bfqu\u00e9 investigan?, su trabajo es solo maquillar la imagen de los pol\u00edticos diciendo que hay un sumario, pero eso no cambia nada y los delincuentes uniformados terminan ensuciando a los que tienen vocaci\u00f3n de servicio.<\/p>\n\n\n\n<p><a href=\"https:\/\/www.facebook.com\/hashtag\/horaciorodriguezlarreta?__eep__=6&amp;__cft__[0]=AZUka7FTf_i_qT_bxgu5bC0mzFadL3mypWimIwQYcZXnmTwyAtjdD70DiViMGKKyaEZKAByQ_h0x1Q-94Euf-L7T2hogJylBJk2VXBjw-xg27tXLxABI_OA96kI2kVHTsK4&amp;__tn__=*NK-R\">#HoracioRodriguezLarreta<\/a><a href=\"https:\/\/www.facebook.com\/hashtag\/diarioelsindical?__eep__=6&amp;__cft__[0]=AZUka7FTf_i_qT_bxgu5bC0mzFadL3mypWimIwQYcZXnmTwyAtjdD70DiViMGKKyaEZKAByQ_h0x1Q-94Euf-L7T2hogJylBJk2VXBjw-xg27tXLxABI_OA96kI2kVHTsK4&amp;__tn__=*NK-R\">#diarioelsindical<\/a><a href=\"https:\/\/www.facebook.com\/hashtag\/polic%C3%ADadelaciudad?__eep__=6&amp;__cft__[0]=AZUka7FTf_i_qT_bxgu5bC0mzFadL3mypWimIwQYcZXnmTwyAtjdD70DiViMGKKyaEZKAByQ_h0x1Q-94Euf-L7T2hogJylBJk2VXBjw-xg27tXLxABI_OA96kI2kVHTsK4&amp;__tn__=*NK-R\">#Polic\u00edadelaCiudad<\/a><a href=\"https:\/\/www.facebook.com\/hashtag\/diegosantilli?__eep__=6&amp;__cft__[0]=AZUka7FTf_i_qT_bxgu5bC0mzFadL3mypWimIwQYcZXnmTwyAtjdD70DiViMGKKyaEZKAByQ_h0x1Q-94Euf-L7T2hogJylBJk2VXBjw-xg27tXLxABI_OA96kI2kVHTsK4&amp;__tn__=*NK-R\">#DiegoSantilli<\/a><a href=\"https:\/\/www.facebook.com\/hashtag\/corrupci%C3%B3n?__eep__=6&amp;__cft__[0]=AZUka7FTf_i_qT_bxgu5bC0mzFadL3mypWimIwQYcZXnmTwyAtjdD70DiViMGKKyaEZKAByQ_h0x1Q-94Euf-L7T2hogJylBJk2VXBjw-xg27tXLxABI_OA96kI2kVHTsK4&amp;__tn__=*NK-R\">#corrupci\u00f3n<\/a><a href=\"https:\/\/www.facebook.com\/hashtag\/caba?__eep__=6&amp;__cft__[0]=AZUka7FTf_i_qT_bxgu5bC0mzFadL3mypWimIwQYcZXnmTwyAtjdD70DiViMGKKyaEZKAByQ_h0x1Q-94Euf-L7T2hogJylBJk2VXBjw-xg27tXLxABI_OA96kI2kVHTsK4&amp;__tn__=*NK-R\">#CABA<\/a><a href=\"https:\/\/www.facebook.com\/hashtag\/adicciones?__eep__=6&amp;__cft__[0]=AZUka7FTf_i_qT_bxgu5bC0mzFadL3mypWimIwQYcZXnmTwyAtjdD70DiViMGKKyaEZKAByQ_h0x1Q-94Euf-L7T2hogJylBJk2VXBjw-xg27tXLxABI_OA96kI2kVHTsK4&amp;__tn__=*NK-R\">#adicciones<\/a><a href=\"https:\/\/www.facebook.com\/hashtag\/gatillof%C3%A1cil?__eep__=6&amp;__cft__[0]=AZUka7FTf_i_qT_bxgu5bC0mzFadL3mypWimIwQYcZXnmTwyAtjdD70DiViMGKKyaEZKAByQ_h0x1Q-94Euf-L7T2hogJylBJk2VXBjw-xg27tXLxABI_OA96kI2kVHTsK4&amp;__tn__=*NK-R\">#GatilloF\u00e1cil<\/a><\/p>\n","protected":false},"excerpt":{"rendered":"<p>El asesinato de Lucas deber\u00eda generar en Larreta un profundo cambio en su Polic\u00eda de la Ciudad, que est\u00e1 lejos de ser eficiente y honesta, soy el \u00fanico que desde hace tres a\u00f1os viene denunciando las mentiras de Diego Santilli a quien denunci\u00e9 penalmente por encubrir abusos policiales y por no investigar ni llevar adelante&hellip;<\/p>\n","protected":false},"author":1,"featured_media":109388,"comment_status":"open","ping_status":"open","sticky":false,"template":"","format":"standard","meta":{"footnotes":""},"categories":[10,22],"tags":[3256,35949,756,1943,4035,76,223,8464],"class_list":["post-109387","post","type-post","status-publish","format-standard","has-post-thumbnail","hentry","category-editorial","category-policiales","tag-barracas","tag-corrupcion-adicciones","tag-diego-santilli","tag-horacio-rodriguez-larreta","tag-lucas","tag-mauricio-macri","tag-menor","tag-pablo-lanusse"],"_links":{"self":[{"href":"https:\/\/www.elsindical.com.ar\/notas\/wp-json\/wp\/v2\/posts\/109387","targetHints":{"allow":["GET"]}}],"collection":[{"href":"https:\/\/www.elsindical.com.ar\/notas\/wp-json\/wp\/v2\/posts"}],"about":[{"href":"https:\/\/www.elsindical.com.ar\/notas\/wp-json\/wp\/v2\/types\/post"}],"author":[{"embeddable":true,"href":"https:\/\/www.elsindical.com.ar\/notas\/wp-json\/wp\/v2\/users\/1"}],"replies":[{"embeddable":true,"href":"https:\/\/www.elsindical.com.ar\/notas\/wp-json\/wp\/v2\/comments?post=109387"}],"version-history":[{"count":1,"href":"https:\/\/www.elsindical.com.ar\/notas\/wp-json\/wp\/v2\/posts\/109387\/revisions"}],"predecessor-version":[{"id":109389,"href":"https:\/\/www.elsindical.com.ar\/notas\/wp-json\/wp\/v2\/posts\/109387\/revisions\/109389"}],"wp:featuredmedia":[{"embeddable":true,"href":"https:\/\/www.elsindical.com.ar\/notas\/wp-json\/wp\/v2\/media\/109388"}],"wp:attachment":[{"href":"https:\/\/www.elsindical.com.ar\/notas\/wp-json\/wp\/v2\/media?parent=109387"}],"wp:term":[{"taxonomy":"category","embeddable":true,"href":"https:\/\/www.elsindical.com.ar\/notas\/wp-json\/wp\/v2\/categories?post=109387"},{"taxonomy":"post_tag","embeddable":true,"href":"https:\/\/www.elsindical.com.ar\/notas\/wp-json\/wp\/v2\/tags?post=109387"}],"curies":[{"name":"wp","href":"https:\/\/api.w.org\/{rel}","templated":true}]}}