{"id":109359,"date":"2021-11-18T08:34:27","date_gmt":"2021-11-18T11:34:27","guid":{"rendered":"https:\/\/www.elsindical.com.ar\/notas\/?p=109359"},"modified":"2021-11-18T08:34:27","modified_gmt":"2021-11-18T11:34:27","slug":"constitucion-un-ataque-a-policias-de-la-ciudad-dejo-en-evidencia-graves-falencias","status":"publish","type":"post","link":"https:\/\/www.elsindical.com.ar\/notas\/constitucion-un-ataque-a-policias-de-la-ciudad-dejo-en-evidencia-graves-falencias\/","title":{"rendered":"Constituci\u00f3n: Un ataque a polic\u00edas de la Ciudad dej\u00f3 en evidencia graves falencias"},"content":{"rendered":"\n<div class=\"wp-block-image\"><figure class=\"aligncenter size-full\"><a href=\"https:\/\/www.elsindical.com.ar\/notas\/var\/www\/html\/notas\/wp-content\/uploads\/2021\/11\/ataque-Policia-de-la-Ciudad.jpg\"><img loading=\"lazy\" decoding=\"async\" width=\"929\" height=\"523\" src=\"https:\/\/www.elsindical.com.ar\/notas\/var\/www\/html\/notas\/wp-content\/uploads\/2021\/11\/ataque-Policia-de-la-Ciudad.jpg\" alt=\"\" class=\"wp-image-109360\" srcset=\"https:\/\/www.elsindical.com.ar\/notas\/var\/www\/html\/notas\/wp-content\/uploads\/2021\/11\/ataque-Policia-de-la-Ciudad.jpg 929w, https:\/\/www.elsindical.com.ar\/notas\/var\/www\/html\/notas\/wp-content\/uploads\/2021\/11\/ataque-Policia-de-la-Ciudad-300x169.jpg 300w, https:\/\/www.elsindical.com.ar\/notas\/var\/www\/html\/notas\/wp-content\/uploads\/2021\/11\/ataque-Policia-de-la-Ciudad-768x432.jpg 768w, https:\/\/www.elsindical.com.ar\/notas\/var\/www\/html\/notas\/wp-content\/uploads\/2021\/11\/ataque-Policia-de-la-Ciudad-500x281.jpg 500w, https:\/\/www.elsindical.com.ar\/notas\/var\/www\/html\/notas\/wp-content\/uploads\/2021\/11\/ataque-Policia-de-la-Ciudad-460x260.jpg 460w\" sizes=\"auto, (max-width: 929px) 100vw, 929px\" \/><\/a><\/figure><\/div>\n\n\n\n<p>       El irracional ataque de un sujeto a efectivos de la Polic\u00eda de la Ciudad, dej\u00f3 en evidencia las mentiras del Jefe de Gobierno y de Diego Santilli cuando afirman que es la mejor polic\u00eda de la Argentina y con una alta formaci\u00f3n profesional.<\/p>\n\n\n\n<p>Efectivos de la Polic\u00eda de la Ciudad, fueron agredidos en la Plaza Garay, ubicada entre las calles Pav\u00f3n, Garay, Sol\u00eds y Luis Sanz Pe\u00f1a, el agresor portando un cuchillo agredi\u00f3 con violencia a un grupo de polic\u00edas que sorprendidos no sab\u00edan c\u00f3mo reaccionar ante la agresi\u00f3n que pudo haber sido fatal para alguno de los efectivos y para alg\u00fan ocasional transe\u00fante al momento que uno de los polic\u00edas comienza a disparar sin acertar los disparos.<\/p>\n\n\n\n<p>El resultado fue que de 17 disparos, el agresor solo recibi\u00f3 2 y un disparo un vecino que caminaba por la zona, es decir que 13 disparos fueron a cualquier lado.<\/p>\n\n\n\n<p>Con la cobertura de los medios afines por pauta al gobierno de Larreta, se distrajo la atenci\u00f3n de los ciudadanos mostrando como un \u00e9xito que ning\u00fan polic\u00eda result\u00f3 herido y que el agresor fue reducido, ning\u00fan medio hizo observaciones de la peligrosidad de que polic\u00edas disparen sin control, en el video se puede observar muy bien a los polic\u00edas retrocediendo sin saber qu\u00e9 hacer y disparando sin acertar en plena v\u00eda p\u00fablica lo que evidencia dos cosas, miedo y falta de capacitaci\u00f3n.<\/p>\n\n\n\n<p>El detenido fue identificado como un hombre de 38 a\u00f1os de edad, oriundo de Rep\u00fablica Dominicana y este tipo de hechos son habituales en la zona, donde hace a\u00f1os la polic\u00eda tiene connivencia con distintos delincuentes.<\/p>\n\n\n\n<figure class=\"wp-block-video\"><video height=\"432\" style=\"aspect-ratio: 320 \/ 432;\" width=\"320\" controls src=\"https:\/\/www.elsindical.com.ar\/notas\/var\/www\/html\/notas\/wp-content\/uploads\/2021\/11\/ataque-a-policias-en-Constitucion.mp4\"><\/video><\/figure>\n","protected":false},"excerpt":{"rendered":"<p>El irracional ataque de un sujeto a efectivos de la Polic\u00eda de la Ciudad, dej\u00f3 en evidencia las mentiras del Jefe de Gobierno y de Diego Santilli cuando afirman que es la mejor polic\u00eda de la Argentina y con una alta formaci\u00f3n profesional. Efectivos de la Polic\u00eda de la Ciudad, fueron agredidos en la Plaza&hellip;<\/p>\n","protected":false},"author":1,"featured_media":109360,"comment_status":"open","ping_status":"open","sticky":false,"template":"","format":"standard","meta":{"footnotes":""},"categories":[22],"tags":[304,7659,324,1451,1515,2450,756,1948,1943,35946,24537],"class_list":["post-109359","post","type-post","status-publish","format-standard","has-post-thumbnail","hentry","category-policiales","tag-ataque","tag-capacitacion-2","tag-constitucion","tag-corrupcion","tag-cuchillo","tag-diario-el-sindical","tag-diego-santilli","tag-formacion","tag-horacio-rodriguez-larreta","tag-plaza-garay","tag-policia-de-la-ciudad"],"_links":{"self":[{"href":"https:\/\/www.elsindical.com.ar\/notas\/wp-json\/wp\/v2\/posts\/109359","targetHints":{"allow":["GET"]}}],"collection":[{"href":"https:\/\/www.elsindical.com.ar\/notas\/wp-json\/wp\/v2\/posts"}],"about":[{"href":"https:\/\/www.elsindical.com.ar\/notas\/wp-json\/wp\/v2\/types\/post"}],"author":[{"embeddable":true,"href":"https:\/\/www.elsindical.com.ar\/notas\/wp-json\/wp\/v2\/users\/1"}],"replies":[{"embeddable":true,"href":"https:\/\/www.elsindical.com.ar\/notas\/wp-json\/wp\/v2\/comments?post=109359"}],"version-history":[{"count":1,"href":"https:\/\/www.elsindical.com.ar\/notas\/wp-json\/wp\/v2\/posts\/109359\/revisions"}],"predecessor-version":[{"id":109362,"href":"https:\/\/www.elsindical.com.ar\/notas\/wp-json\/wp\/v2\/posts\/109359\/revisions\/109362"}],"wp:featuredmedia":[{"embeddable":true,"href":"https:\/\/www.elsindical.com.ar\/notas\/wp-json\/wp\/v2\/media\/109360"}],"wp:attachment":[{"href":"https:\/\/www.elsindical.com.ar\/notas\/wp-json\/wp\/v2\/media?parent=109359"}],"wp:term":[{"taxonomy":"category","embeddable":true,"href":"https:\/\/www.elsindical.com.ar\/notas\/wp-json\/wp\/v2\/categories?post=109359"},{"taxonomy":"post_tag","embeddable":true,"href":"https:\/\/www.elsindical.com.ar\/notas\/wp-json\/wp\/v2\/tags?post=109359"}],"curies":[{"name":"wp","href":"https:\/\/api.w.org\/{rel}","templated":true}]}}