{"id":10933,"date":"2010-11-21T05:14:18","date_gmt":"2010-11-21T08:14:18","guid":{"rendered":"http:\/\/www.elsindical.com.ar\/notas\/?p=10933"},"modified":"2010-11-21T05:14:18","modified_gmt":"2010-11-21T08:14:18","slug":"21-noviembre-dia-del-enfermero%e2%80%8f","status":"publish","type":"post","link":"https:\/\/www.elsindical.com.ar\/notas\/21-noviembre-dia-del-enfermero%e2%80%8f\/","title":{"rendered":"21 noviembre d\u00eda del enfermero\u200f"},"content":{"rendered":"<p style=\"text-align: justify;\"><a href=\"http:\/\/www.elsindical.com.ar\/notas\/var\/www\/html\/notas\/wp-content\/uploads\/2010\/11\/enfermera-gen\u00e9rico.jpg\"><img loading=\"lazy\" decoding=\"async\" class=\"alignleft size-full wp-image-10934\" title=\"enfermera-gen\u00e9rico\" src=\"http:\/\/www.elsindical.com.ar\/notas\/var\/www\/html\/notas\/wp-content\/uploads\/2010\/11\/enfermera-gen\u00e9rico.jpg\" alt=\"\" width=\"213\" height=\"237\" \/><\/a>Sabemos lo que significa SER ENFERMERO y nos sentimos parte del sistema de salud, a la que dedicamos todo nuestro esfuerzo. Aunque el sistema de Salud no recuerde las palabras de la Sra. Presidenta Cristina Fern\u00e1ndez de Kirchner, que la enfermer\u00eda es un sector cr\u00edtico y el Estado tiene una asignatura pendiente con todos las\/os enfermeras\/os.<\/p>\n<p style=\"text-align: justify;\">Muchas veces la sociedad se olvida y se olvido su rol en situaciones cr\u00edtica, sin ir m\u00e1s lejos en el del brote de dengue y gripe A \u201clos enfermeros fueron los que efectuaron el mayor esfuerzo con empe\u00f1o y profesionalizaci\u00f3n\u201d.<\/p>\n<p style=\"text-align: justify;\">Donde 8 colegas d\u00eda a d\u00eda realizaban sus tareas con el mayor grado de conciencia y m\u00e1xima responsabilidad que sea tarea requiere, perdieron sus vidas.<\/p>\n<p style=\"text-align: justify;\">Cuentas otras historias conocemos, esto me hizo recordar, cuando la otra vez caminado por Florida, me encontr\u00e9 con una se\u00f1ora no mayor de 45 a\u00f1os, con un cartel que dec\u00eda \u201cSoy enfermera, atendiendo pacientes en UTI, en un Hospital Publico, me enferme, por un accidente corto punzante, contraje hepatitis C , si tengo hepatitis C . y me despidieron, no consigo trabajo. \u00bfMe puede ayudar con una moneda?<\/p>\n<p style=\"text-align: justify;\">El personal de enfermer\u00eda jam\u00e1s abandonado sus tareas sin importar con qu\u00e9 tipo de dificultades se encontrara. Constantemente se ha brindado lo m\u00e1ximo en pos del cumplimiento de las tareas que nos han sido asignadas, dejando de lado las conveniencias propias, s\u00f3lo dedicados a cumplir con la permanente labor como cuidadores de la salud y la vida.<\/p>\n<p style=\"text-align: justify;\">Cuantos de nosotros nos sentimos desde el comienzo de la vida, hasta nuestros \u00faltimos d\u00eda de nuestra vida, cuando nos toman de la manos para sentirnos seguros, protegidos, contenidos y acompa\u00f1ados, mas que nuestra propia familia, y cuantas veces nos olvidamos de decirle gracias por siempre estar las 24hs y los 365 d\u00edas del a\u00f1o.<\/p>\n<p style=\"text-align: justify;\">Queremos que nos reconozcan, sobre todo, a los menos visibles, como en tantos otros ejemplos que podr\u00edan citarse, \u201cEl Orgullo De Trabajar Por Ella\u201d (es decir por la salud) hacen milagros cada d\u00eda, y lo logran muchas veces con muy limitados recursos a su disposici\u00f3n.<\/p>\n<p style=\"text-align: justify;\">\u00a1Gracias a todos y todas los que hacen Salud \u00a1<\/p>\n<p style=\"text-align: justify;\">Feliz d\u00eda del Enfermer@<\/p>\n<p style=\"text-align: justify;\"><strong><em>Por Sandro Ortega<\/em><\/strong><\/p>\n","protected":false},"excerpt":{"rendered":"<p>Sabemos lo que significa SER ENFERMERO y nos sentimos parte del sistema de salud, a la que dedicamos todo nuestro esfuerzo. Aunque el sistema de Salud no recuerde las palabras de la Sra. Presidenta Cristina Fern\u00e1ndez de Kirchner, que la enfermer\u00eda es un sector cr\u00edtico y el Estado tiene una asignatura pendiente con todos las\/os&hellip;<\/p>\n","protected":false},"author":1,"featured_media":0,"comment_status":"open","ping_status":"open","sticky":false,"template":"","format":"standard","meta":{"footnotes":""},"categories":[14],"tags":[5193,5192,5191,441,553,22031],"class_list":["post-10933","post","type-post","status-publish","format-standard","hentry","category-efemerides","tag-clinicas","tag-enfermedades","tag-enfermero","tag-hospitales","tag-pacientes","tag-salud"],"_links":{"self":[{"href":"https:\/\/www.elsindical.com.ar\/notas\/wp-json\/wp\/v2\/posts\/10933","targetHints":{"allow":["GET"]}}],"collection":[{"href":"https:\/\/www.elsindical.com.ar\/notas\/wp-json\/wp\/v2\/posts"}],"about":[{"href":"https:\/\/www.elsindical.com.ar\/notas\/wp-json\/wp\/v2\/types\/post"}],"author":[{"embeddable":true,"href":"https:\/\/www.elsindical.com.ar\/notas\/wp-json\/wp\/v2\/users\/1"}],"replies":[{"embeddable":true,"href":"https:\/\/www.elsindical.com.ar\/notas\/wp-json\/wp\/v2\/comments?post=10933"}],"version-history":[{"count":1,"href":"https:\/\/www.elsindical.com.ar\/notas\/wp-json\/wp\/v2\/posts\/10933\/revisions"}],"predecessor-version":[{"id":10935,"href":"https:\/\/www.elsindical.com.ar\/notas\/wp-json\/wp\/v2\/posts\/10933\/revisions\/10935"}],"wp:attachment":[{"href":"https:\/\/www.elsindical.com.ar\/notas\/wp-json\/wp\/v2\/media?parent=10933"}],"wp:term":[{"taxonomy":"category","embeddable":true,"href":"https:\/\/www.elsindical.com.ar\/notas\/wp-json\/wp\/v2\/categories?post=10933"},{"taxonomy":"post_tag","embeddable":true,"href":"https:\/\/www.elsindical.com.ar\/notas\/wp-json\/wp\/v2\/tags?post=10933"}],"curies":[{"name":"wp","href":"https:\/\/api.w.org\/{rel}","templated":true}]}}