{"id":109206,"date":"2021-11-09T08:19:12","date_gmt":"2021-11-09T11:19:12","guid":{"rendered":"https:\/\/www.elsindical.com.ar\/notas\/?p=109206"},"modified":"2021-11-09T08:19:13","modified_gmt":"2021-11-09T11:19:13","slug":"condenaron-a-prision-a-dos-manifestantes-que-atacaron-el-congreso-en-2017-mientras-se-debatia-la-reforma-previsional","status":"publish","type":"post","link":"https:\/\/www.elsindical.com.ar\/notas\/condenaron-a-prision-a-dos-manifestantes-que-atacaron-el-congreso-en-2017-mientras-se-debatia-la-reforma-previsional\/","title":{"rendered":"Condenaron a prisi\u00f3n a dos manifestantes que atacaron el Congreso en 2017 mientras se debat\u00eda la reforma previsional"},"content":{"rendered":"\n<figure class=\"wp-block-image size-large\"><a href=\"https:\/\/www.elsindical.com.ar\/notas\/var\/www\/html\/notas\/wp-content\/uploads\/2021\/11\/protesta-violenta-frente-al-Congreso.jpg\"><img loading=\"lazy\" decoding=\"async\" width=\"1024\" height=\"685\" src=\"https:\/\/www.elsindical.com.ar\/notas\/var\/www\/html\/notas\/wp-content\/uploads\/2021\/11\/protesta-violenta-frente-al-Congreso-1024x685.jpg\" alt=\"\" class=\"wp-image-109207\" srcset=\"https:\/\/www.elsindical.com.ar\/notas\/var\/www\/html\/notas\/wp-content\/uploads\/2021\/11\/protesta-violenta-frente-al-Congreso-1024x685.jpg 1024w, https:\/\/www.elsindical.com.ar\/notas\/var\/www\/html\/notas\/wp-content\/uploads\/2021\/11\/protesta-violenta-frente-al-Congreso-300x201.jpg 300w, https:\/\/www.elsindical.com.ar\/notas\/var\/www\/html\/notas\/wp-content\/uploads\/2021\/11\/protesta-violenta-frente-al-Congreso-768x514.jpg 768w, https:\/\/www.elsindical.com.ar\/notas\/var\/www\/html\/notas\/wp-content\/uploads\/2021\/11\/protesta-violenta-frente-al-Congreso-448x300.jpg 448w, https:\/\/www.elsindical.com.ar\/notas\/var\/www\/html\/notas\/wp-content\/uploads\/2021\/11\/protesta-violenta-frente-al-Congreso.jpg 1170w\" sizes=\"auto, (max-width: 1024px) 100vw, 1024px\" \/><\/a><\/figure>\n\n\n\n<p>C\u00e9sar Arakaki y Daniel Ruiz estaban acusados por intimidaci\u00f3n p\u00fablica, atentado y resistencia a la autoridad agravada y lesiones. El fallo fue le\u00eddo por el juez Javier Feliciano R\u00edos.<\/p>\n\n\n\n<p><strong>El tribunal oral federal n\u00famero tres conden\u00f3 a C\u00e9sar Arakaki a tres a\u00f1os y cuatro meses de prisi\u00f3n por los disturbios que se registraron en diciembre de 2017 contra el proyecto de reforma jubilatoria durante el gobierno de Cambiemos.<\/strong> Tambi\u00e9n fue condenado Daniel Ruiz a tres a\u00f1os de prisi\u00f3n de cumplimiento efectivo por los mismos episodios.<\/p>\n\n\n\n<p>Ambas penas son de cumplimiento efectivo, aunque s\u00f3lo se ejecutar\u00e1n una vez que queden firmes. El veredicto fue le\u00eddo por el tribunal unipersonal a cargo del juez Javier Feliciano R\u00edos.<\/p>\n\n\n\n<p>El fallo coincide exactamente con las penas que hab\u00eda pedido la fiscal\u00eda, a cargo de Juan Patricio Garc\u00eda Elorrio. El juez no orden\u00f3 la inmediata detenci\u00f3n de ambos condenados, quienes llegaron en libertad a esta instancia.<\/p>\n\n\n\n<p><strong>Los fundamentos de las condenas se conocer\u00e1n el pr\u00f3ximo 4 de febrero, tras la feria judicial del verano de 2022.&nbsp;<\/strong>Arakaki y Ruiz (identificado junto a Sebasti\u00e1n Romero, conocido como \u201cel Gordo Mortero\u201d por haber disparado pirotecnia con un lanzador artesanal) fueron condenados por los delitos de intimidaci\u00f3n p\u00fablica, atentado y resistencia a la autoridad agravada y lesiones.<\/p>\n\n\n\n<p>Las defensas de ambos condenados, a cargo de Mario Ram\u00f3n Villarreal y Claudia Ferrero, ya anunciaron que apelar\u00e1n la decisi\u00f3n del tribunal. Los otros dos acusados que hab\u00edan sido enviados a juicio oral, Dimas Fernando Ponce y Mariano Ernesto Stansiola, acordaron una probation y evitaron la condena.<\/p>\n\n\n\n<p>Los hechos por los que fueron juzgados Arakaki y Ruiz ocurrieron el 18 de diciembre de 2017 en la plaza de los Dos Congresos, mientras se debat\u00eda el proyecto de ley de Reforma Previsional que impulsaba el gobierno de Mauricio Macri. La violenta protesta qued\u00f3 reflejada en miles de piedras que, tras los enfrentamientos de los manifestantes con las fuerzas de seguridad, quedaron tapizando el tradicional paseo p\u00fablico porte\u00f1o. La ley fue, finalmente, sancionada.<\/p>\n","protected":false},"excerpt":{"rendered":"<p>C\u00e9sar Arakaki y Daniel Ruiz estaban acusados por intimidaci\u00f3n p\u00fablica, atentado y resistencia a la autoridad agravada y lesiones. El fallo fue le\u00eddo por el juez Javier Feliciano R\u00edos. El tribunal oral federal n\u00famero tres conden\u00f3 a C\u00e9sar Arakaki a tres a\u00f1os y cuatro meses de prisi\u00f3n por los disturbios que se registraron en diciembre&hellip;<\/p>\n","protected":false},"author":1,"featured_media":109207,"comment_status":"open","ping_status":"open","sticky":false,"template":"","format":"standard","meta":{"footnotes":""},"categories":[20],"tags":[35902,224,86,35903,2450,27458],"class_list":["post-109206","post","type-post","status-publish","format-standard","has-post-thumbnail","hentry","category-judiciales","tag-cesar-arakaki","tag-condena","tag-congreso","tag-daniel-ruiz","tag-diario-el-sindical","tag-reforma-previsional"],"_links":{"self":[{"href":"https:\/\/www.elsindical.com.ar\/notas\/wp-json\/wp\/v2\/posts\/109206","targetHints":{"allow":["GET"]}}],"collection":[{"href":"https:\/\/www.elsindical.com.ar\/notas\/wp-json\/wp\/v2\/posts"}],"about":[{"href":"https:\/\/www.elsindical.com.ar\/notas\/wp-json\/wp\/v2\/types\/post"}],"author":[{"embeddable":true,"href":"https:\/\/www.elsindical.com.ar\/notas\/wp-json\/wp\/v2\/users\/1"}],"replies":[{"embeddable":true,"href":"https:\/\/www.elsindical.com.ar\/notas\/wp-json\/wp\/v2\/comments?post=109206"}],"version-history":[{"count":1,"href":"https:\/\/www.elsindical.com.ar\/notas\/wp-json\/wp\/v2\/posts\/109206\/revisions"}],"predecessor-version":[{"id":109208,"href":"https:\/\/www.elsindical.com.ar\/notas\/wp-json\/wp\/v2\/posts\/109206\/revisions\/109208"}],"wp:featuredmedia":[{"embeddable":true,"href":"https:\/\/www.elsindical.com.ar\/notas\/wp-json\/wp\/v2\/media\/109207"}],"wp:attachment":[{"href":"https:\/\/www.elsindical.com.ar\/notas\/wp-json\/wp\/v2\/media?parent=109206"}],"wp:term":[{"taxonomy":"category","embeddable":true,"href":"https:\/\/www.elsindical.com.ar\/notas\/wp-json\/wp\/v2\/categories?post=109206"},{"taxonomy":"post_tag","embeddable":true,"href":"https:\/\/www.elsindical.com.ar\/notas\/wp-json\/wp\/v2\/tags?post=109206"}],"curies":[{"name":"wp","href":"https:\/\/api.w.org\/{rel}","templated":true}]}}