{"id":109203,"date":"2021-11-09T08:11:03","date_gmt":"2021-11-09T11:11:03","guid":{"rendered":"https:\/\/www.elsindical.com.ar\/notas\/?p=109203"},"modified":"2021-11-09T08:11:04","modified_gmt":"2021-11-09T11:11:04","slug":"la-provincia-habilito-un-whatsapp-para-quienes-reciban-turnos-de-terceras-dosis","status":"publish","type":"post","link":"https:\/\/www.elsindical.com.ar\/notas\/la-provincia-habilito-un-whatsapp-para-quienes-reciban-turnos-de-terceras-dosis\/","title":{"rendered":"La Provincia habilit\u00f3 un WhatsApp para quienes reciban turnos de terceras dosis"},"content":{"rendered":"\n<div class=\"wp-block-image\"><figure class=\"aligncenter size-full\"><a href=\"https:\/\/www.elsindical.com.ar\/notas\/var\/www\/html\/notas\/wp-content\/uploads\/2021\/11\/Tercera-dosis-WhatsApp.jpeg\"><img loading=\"lazy\" decoding=\"async\" width=\"500\" height=\"500\" src=\"https:\/\/www.elsindical.com.ar\/notas\/var\/www\/html\/notas\/wp-content\/uploads\/2021\/11\/Tercera-dosis-WhatsApp.jpeg\" alt=\"\" class=\"wp-image-109204\" srcset=\"https:\/\/www.elsindical.com.ar\/notas\/var\/www\/html\/notas\/wp-content\/uploads\/2021\/11\/Tercera-dosis-WhatsApp.jpeg 500w, https:\/\/www.elsindical.com.ar\/notas\/var\/www\/html\/notas\/wp-content\/uploads\/2021\/11\/Tercera-dosis-WhatsApp-300x300.jpeg 300w, https:\/\/www.elsindical.com.ar\/notas\/var\/www\/html\/notas\/wp-content\/uploads\/2021\/11\/Tercera-dosis-WhatsApp-150x150.jpeg 150w, https:\/\/www.elsindical.com.ar\/notas\/var\/www\/html\/notas\/wp-content\/uploads\/2021\/11\/Tercera-dosis-WhatsApp-50x50.jpeg 50w\" sizes=\"auto, (max-width: 500px) 100vw, 500px\" \/><\/a><\/figure><\/div>\n\n\n\n<p>El ministerio de Salud de la Provincia de Buenos Aires habilit\u00f3 hoy la l\u00ednea de WhatsApp 221 4288182 para todas las personas que hayan recibido un turno para tercera dosis de vacuna anticovid y presenten dudas al respecto.<\/p>\n\n\n\n<p>Esta ma\u00f1ana el gobierno de la Provincia de Buenos Aires inform\u00f3 que se enviaron los primeros 558.100 turnos para las terceras dosis, que comenzar\u00e1n a aplicarse a partir del 10 de noviembre a quienes integren dos grupos poblacionales priorizados.<\/p>\n\n\n\n<p>El primero incluye a todas las personas con inmunodeficiencias, independientemente de la vacuna que hayan recibido, mientras que el segundo grupo contempla a quienes tengan m\u00e1s de 50 a\u00f1os y esquema completo de Sinopharm. En todos los casos deben haberse dado las segundas dosis, como m\u00ednimo, cuatro semanas antes.<\/p>\n\n\n\n<p>El turno le llegar\u00e1 a cada inscripto\/a que integre los mencionados grupos por la v\u00eda que haya elegido en la inscripci\u00f3n: la aplicaci\u00f3n VacunatePBA, el Portal de la Ciudadan\u00eda al que se accede a trav\u00e9s de <a href=\"http:\/\/vacunatepba.gba.gob.ar\">vacunatepba.gba.gob.ar<\/a> o por correo electr\u00f3nico.<\/p>\n\n\n\n<p>Seg\u00fan el registro de VacunatePBA, en la Provincia de Buenos Aires, son 1.100.000 las personas con inmunodeficiencias y mayores de 50 vacunadas con Sinopharm.<\/p>\n\n\n\n<h4 class=\"wp-block-heading\">\u00bfQu\u00e9 personas son consideradas con inmnunodeficiencias?<\/h4>\n\n\n\n<ul class=\"wp-block-list\"><li>1) En di\u00e1lisis.<\/li><li>2) Trasplantadas.<\/li><li>3) Con enfermedades oncohematol\u00f3gicas.<\/li><li>4) Con inmunodeficiencias cong\u00e9nitas.<\/li><li>5) Que reciban medicaci\u00f3n que baje sus defensas.<\/li><li>6) Con enfermedades con compromiso inmunol\u00f3gico<\/li><\/ul>\n","protected":false},"excerpt":{"rendered":"<p>El ministerio de Salud de la Provincia de Buenos Aires habilit\u00f3 hoy la l\u00ednea de WhatsApp 221 4288182 para todas las personas que hayan recibido un turno para tercera dosis de vacuna anticovid y presenten dudas al respecto. Esta ma\u00f1ana el gobierno de la Provincia de Buenos Aires inform\u00f3 que se enviaron los primeros 558.100&hellip;<\/p>\n","protected":false},"author":1,"featured_media":109204,"comment_status":"open","ping_status":"open","sticky":false,"template":"","format":"standard","meta":{"footnotes":""},"categories":[13,23],"tags":[2450,1466,22031,35901,13207],"class_list":["post-109203","post","type-post","status-publish","format-standard","has-post-thumbnail","hentry","category-politica","category-salud","tag-diario-el-sindical","tag-provincia-de-buenos-aires","tag-salud","tag-tercera-dosis","tag-whatsapp"],"_links":{"self":[{"href":"https:\/\/www.elsindical.com.ar\/notas\/wp-json\/wp\/v2\/posts\/109203","targetHints":{"allow":["GET"]}}],"collection":[{"href":"https:\/\/www.elsindical.com.ar\/notas\/wp-json\/wp\/v2\/posts"}],"about":[{"href":"https:\/\/www.elsindical.com.ar\/notas\/wp-json\/wp\/v2\/types\/post"}],"author":[{"embeddable":true,"href":"https:\/\/www.elsindical.com.ar\/notas\/wp-json\/wp\/v2\/users\/1"}],"replies":[{"embeddable":true,"href":"https:\/\/www.elsindical.com.ar\/notas\/wp-json\/wp\/v2\/comments?post=109203"}],"version-history":[{"count":1,"href":"https:\/\/www.elsindical.com.ar\/notas\/wp-json\/wp\/v2\/posts\/109203\/revisions"}],"predecessor-version":[{"id":109205,"href":"https:\/\/www.elsindical.com.ar\/notas\/wp-json\/wp\/v2\/posts\/109203\/revisions\/109205"}],"wp:featuredmedia":[{"embeddable":true,"href":"https:\/\/www.elsindical.com.ar\/notas\/wp-json\/wp\/v2\/media\/109204"}],"wp:attachment":[{"href":"https:\/\/www.elsindical.com.ar\/notas\/wp-json\/wp\/v2\/media?parent=109203"}],"wp:term":[{"taxonomy":"category","embeddable":true,"href":"https:\/\/www.elsindical.com.ar\/notas\/wp-json\/wp\/v2\/categories?post=109203"},{"taxonomy":"post_tag","embeddable":true,"href":"https:\/\/www.elsindical.com.ar\/notas\/wp-json\/wp\/v2\/tags?post=109203"}],"curies":[{"name":"wp","href":"https:\/\/api.w.org\/{rel}","templated":true}]}}