{"id":109189,"date":"2021-11-08T11:51:51","date_gmt":"2021-11-08T14:51:51","guid":{"rendered":"https:\/\/www.elsindical.com.ar\/notas\/?p=109189"},"modified":"2021-11-08T11:51:52","modified_gmt":"2021-11-08T14:51:52","slug":"la-justicia-obligo-a-una-empresa-que-se-cambio-el-nombre-a-pagar-indemnizaciones-adeudadas-bajo-su-razon-social-anterior","status":"publish","type":"post","link":"https:\/\/www.elsindical.com.ar\/notas\/la-justicia-obligo-a-una-empresa-que-se-cambio-el-nombre-a-pagar-indemnizaciones-adeudadas-bajo-su-razon-social-anterior\/","title":{"rendered":"La Justicia oblig\u00f3 a una empresa que se cambi\u00f3 el nombre a pagar indemnizaciones adeudadas bajo su raz\u00f3n social anterior"},"content":{"rendered":"\n<div class=\"wp-block-image\"><figure class=\"aligncenter size-full\"><a href=\"https:\/\/www.elsindical.com.ar\/notas\/var\/www\/html\/notas\/wp-content\/uploads\/2021\/11\/IDC-SA-Argentina.jpeg\"><img loading=\"lazy\" decoding=\"async\" width=\"500\" height=\"202\" src=\"https:\/\/www.elsindical.com.ar\/notas\/var\/www\/html\/notas\/wp-content\/uploads\/2021\/11\/IDC-SA-Argentina.jpeg\" alt=\"\" class=\"wp-image-109190\" srcset=\"https:\/\/www.elsindical.com.ar\/notas\/var\/www\/html\/notas\/wp-content\/uploads\/2021\/11\/IDC-SA-Argentina.jpeg 500w, https:\/\/www.elsindical.com.ar\/notas\/var\/www\/html\/notas\/wp-content\/uploads\/2021\/11\/IDC-SA-Argentina-300x121.jpeg 300w\" sizes=\"auto, (max-width: 500px) 100vw, 500px\" \/><\/a><\/figure><\/div>\n\n\n\n<h4 class=\"wp-block-heading\">La empresa CW Comunicaciones se hab\u00eda ido del pa\u00eds en 2001 sin pagarle a sus empleados. Volvi\u00f3 a\u00f1os m\u00e1s tarde como IDC S.A y se logr\u00f3 demostrar la vinculaci\u00f3n por lo que la Justicia orden\u00f3 que pague las indemnizaciones que adeuda desde hace 20 a\u00f1os.<\/h4>\n\n\n\n<p>Un cruce bancario demostr\u00f3 que CW Comunicaciones, filial de la estadounidense International Data Group (IDG) Inc opera ahora en el pa\u00eds bajo el nombre IDC S.A. y fue condenada a pagar las indemnizaciones que adeuda desde 2001\/02<strong>.<\/strong><\/p>\n\n\n\n<p>CW Comunicaciones dej\u00f3 de operar en la Argentina en el contexto de la crisis econ\u00f3mica y&nbsp;<strong>despidi\u00f3 a todo el personal sin el pagar las correspondientes indemnizaciones<\/strong>.<\/p>\n\n\n\n<p>El 20 de septiembre la Sala I de la C\u00e1mara Nacional de Apelaciones del Trabajo conden\u00f3 a IDC SA en forma solidaria al pago de las indemnizaciones que no efectuaron en su momento por formar parte del mismo grupo econ\u00f3mico.<\/p>\n\n\n\n<p>Esto hab\u00eda sido negado por la filial pero el cruce bancario pudo demostrar su pertenencia al grupo estadounidense.<\/p>\n\n\n\n<p>IDC Argentina fue creado por IDG Inc para iniciar nuevamente sus actividades en la Argentina sin cumplir con las obligaciones de pago&nbsp;pendientes\u200b.<\/p>\n\n\n\n<p>Los camaristas se\u00f1alaron que \u00abexisten constancias que persuaden suficientemente acerca de la existencia de un conjunto econ\u00f3mico entre las condenadas en ese expediente e IDC Argentina S.A. As\u00ed, no puede pasarse por alto que fue Data Group Inc. quien solvent\u00f3 los cr\u00e9ditos diferidos a condena respecto de IDC Argentina S.A.\u201c, en otra causa \u201ca trav\u00e9s de \u00f3rdenes de pago girados desde el extranjero\u201d.<\/p>\n\n\n\n<p>Por otra parte, tampoco fueron muy sutiles en el enga\u00f1o: \u201cIDC Argentina aparece en la web de International Data Group (www.idg.com) como base o contacto de esta en el pa\u00eds, circunstancia que tambi\u00e9n denota el control al que se al que se aludi\u00f3 en el escrito\u201d.<\/p>\n","protected":false},"excerpt":{"rendered":"<p>La empresa CW Comunicaciones se hab\u00eda ido del pa\u00eds en 2001 sin pagarle a sus empleados. Volvi\u00f3 a\u00f1os m\u00e1s tarde como IDC S.A y se logr\u00f3 demostrar la vinculaci\u00f3n por lo que la Justicia orden\u00f3 que pague las indemnizaciones que adeuda desde hace 20 a\u00f1os. Un cruce bancario demostr\u00f3 que CW Comunicaciones, filial de la&hellip;<\/p>\n","protected":false},"author":1,"featured_media":109190,"comment_status":"open","ping_status":"open","sticky":false,"template":"","format":"standard","meta":{"footnotes":""},"categories":[28,20],"tags":[35899,2450,197,35898,35900,4062,41],"class_list":["post-109189","post","type-post","status-publish","format-standard","has-post-thumbnail","hentry","category-empresariales","category-judiciales","tag-cw-comunicaciones","tag-diario-el-sindical","tag-fallo","tag-idc-s-a","tag-idg","tag-indemnizaciones","tag-justicia"],"_links":{"self":[{"href":"https:\/\/www.elsindical.com.ar\/notas\/wp-json\/wp\/v2\/posts\/109189","targetHints":{"allow":["GET"]}}],"collection":[{"href":"https:\/\/www.elsindical.com.ar\/notas\/wp-json\/wp\/v2\/posts"}],"about":[{"href":"https:\/\/www.elsindical.com.ar\/notas\/wp-json\/wp\/v2\/types\/post"}],"author":[{"embeddable":true,"href":"https:\/\/www.elsindical.com.ar\/notas\/wp-json\/wp\/v2\/users\/1"}],"replies":[{"embeddable":true,"href":"https:\/\/www.elsindical.com.ar\/notas\/wp-json\/wp\/v2\/comments?post=109189"}],"version-history":[{"count":1,"href":"https:\/\/www.elsindical.com.ar\/notas\/wp-json\/wp\/v2\/posts\/109189\/revisions"}],"predecessor-version":[{"id":109191,"href":"https:\/\/www.elsindical.com.ar\/notas\/wp-json\/wp\/v2\/posts\/109189\/revisions\/109191"}],"wp:featuredmedia":[{"embeddable":true,"href":"https:\/\/www.elsindical.com.ar\/notas\/wp-json\/wp\/v2\/media\/109190"}],"wp:attachment":[{"href":"https:\/\/www.elsindical.com.ar\/notas\/wp-json\/wp\/v2\/media?parent=109189"}],"wp:term":[{"taxonomy":"category","embeddable":true,"href":"https:\/\/www.elsindical.com.ar\/notas\/wp-json\/wp\/v2\/categories?post=109189"},{"taxonomy":"post_tag","embeddable":true,"href":"https:\/\/www.elsindical.com.ar\/notas\/wp-json\/wp\/v2\/tags?post=109189"}],"curies":[{"name":"wp","href":"https:\/\/api.w.org\/{rel}","templated":true}]}}