{"id":109163,"date":"2021-11-07T13:10:44","date_gmt":"2021-11-07T16:10:44","guid":{"rendered":"https:\/\/www.elsindical.com.ar\/notas\/?p=109163"},"modified":"2021-11-07T13:10:46","modified_gmt":"2021-11-07T16:10:46","slug":"misiones-detuvieron-al-jefe-de-un-escuadron-de-la-gendarmeria-por-contrabando-de-granos","status":"publish","type":"post","link":"https:\/\/www.elsindical.com.ar\/notas\/misiones-detuvieron-al-jefe-de-un-escuadron-de-la-gendarmeria-por-contrabando-de-granos\/","title":{"rendered":"Misiones: Detuvieron al jefe de un escuadr\u00f3n de la Gendarmer\u00eda por contrabando de granos"},"content":{"rendered":"\n<figure class=\"wp-block-image size-full\"><a href=\"https:\/\/www.elsindical.com.ar\/notas\/var\/www\/html\/notas\/wp-content\/uploads\/2021\/11\/contrabando-granos-Misiones-1.jpg\"><img loading=\"lazy\" decoding=\"async\" width=\"879\" height=\"586\" src=\"https:\/\/www.elsindical.com.ar\/notas\/var\/www\/html\/notas\/wp-content\/uploads\/2021\/11\/contrabando-granos-Misiones-1.jpg\" alt=\"\" class=\"wp-image-109164\" srcset=\"https:\/\/www.elsindical.com.ar\/notas\/var\/www\/html\/notas\/wp-content\/uploads\/2021\/11\/contrabando-granos-Misiones-1.jpg 879w, https:\/\/www.elsindical.com.ar\/notas\/var\/www\/html\/notas\/wp-content\/uploads\/2021\/11\/contrabando-granos-Misiones-1-300x200.jpg 300w, https:\/\/www.elsindical.com.ar\/notas\/var\/www\/html\/notas\/wp-content\/uploads\/2021\/11\/contrabando-granos-Misiones-1-768x512.jpg 768w, https:\/\/www.elsindical.com.ar\/notas\/var\/www\/html\/notas\/wp-content\/uploads\/2021\/11\/contrabando-granos-Misiones-1-450x300.jpg 450w\" sizes=\"auto, (max-width: 879px) 100vw, 879px\" \/><\/a><\/figure>\n\n\n\n<p>Adem\u00e1s, arrestaron en el marco de la causa a un funcionario del gobierno de Misiones y empresarios.<\/p>\n\n\n\n<p><strong>Agentes de la Polic\u00eda de Seguridad Aeroportuaria (PSA) que estaban tras la pista de una organizaci\u00f3n de lavado de dinero que operaba en Misiones detectaron que el origen de esos fondos era el contrabando de granos.<\/strong><\/p>\n\n\n\n<p>A lo largo de diez meses se llevaron a cabo investigaciones que orientaron hacia el Escuadr\u00f3n 9 de la Gendarmer\u00eda, que est\u00e1 ubicado en la localidad de Ober\u00e1. No fueron all\u00ed en busca de apoyo de otra fuerza de seguridad federal, sino que allanaron ese destacamento ante la sospecha de que el comandante a cargo del sector era colaborador de la banda.<\/p>\n\n\n\n<p>En el marco del operativo, ese <strong>oficial y un subalterno fueron arrestados el viernes.<\/strong> Otros cinco sospechosos fueron detenidos en los procedimientos realizados por los agentes de la fuerza que conduce Jos\u00e9 Glinski en las localidades misioneras de Ober\u00e1, Panamb\u00ed, Colonia Alicia, Paraje Progreso, Colonia Chafariz y Ap\u00f3stoles. Se inform\u00f3 oficialmente que fueron incautaron m\u00e1s de 316 toneladas de granos; una suma millonaria en efectivo; 40 veh\u00edculos; armas de fuego y municiones.<\/p>\n\n\n\n<p>\u201cDurante la investigaci\u00f3n iniciada hace 10 meses, los polic\u00edas aeroportuarios determinaron la existencia de una asociaci\u00f3n de ciudadanos argentinos que compraba granos, principalmente soja y ma\u00edz, en las provincias de Chaco, C\u00f3rdoba, Santa Fe y Santiago del Estero, y los trasladaban al sureste de Misiones para fraccionarlos en bolsas. Luego \u00e9stas eran transportadas en balsas hacia la Rep\u00fablica Federativa del Brasil, cruzando el R\u00edo Uruguay de manera totalmente irregular, sin aval aduanero y sin tributar ning\u00fan tipo de impuestos\u201d, se indic\u00f3 en un comunicado de la PSA.<\/p>\n\n\n\n<p><strong>Fueron incautados en el operativo m\u00e1s de 316 toneladas de granos; una suma millonaria en efectivo; 40 veh\u00edculos; armas de fuego y municiones.<\/strong> La hip\u00f3tesis de trabajo que deriv\u00f3 en los allanamientos se\u00f1al\u00f3 que la organizaci\u00f3n se mov\u00eda en forma libre por el puesto de control El Arco, situado en la ruta nacional N\u00b0 12 en el ingreso a Misiones, para llegar al r\u00edo Uruguay y cruzar los cargamentos hacia Brasil.<\/p>\n\n\n\n<p>\u201cLos investigadores de la PSA pudieron establecer los roles y las responsabilidades de distintos actores, identificando a financistas, transportistas, coordinadores de las maniobras y a quienes se favorec\u00edan con la renta obtenida de esas transacciones, cuyo dinero fue reinvertido en complejos tur\u00edsticos, compra de propiedades y compraventa de moneda extranjera\u201d,&nbsp;a\u00f1ade el comunicado.<\/p>\n\n\n\n<p>Adem\u00e1s del oficial la Gendarmer\u00eda y su subalterno, fueron arrestados un funcionario de la secretaria de Hacienda de Misiones y empresarios que, supuestamente, aportaban los camiones para concretar el transporte il\u00edcito de granos.<\/p>\n\n\n\n<figure class=\"wp-block-gallery columns-1 is-cropped wp-block-gallery-1 is-layout-flex wp-block-gallery-is-layout-flex\"><ul class=\"blocks-gallery-grid\"><li class=\"blocks-gallery-item\"><figure><a href=\"https:\/\/www.elsindical.com.ar\/notas\/var\/www\/html\/notas\/wp-content\/uploads\/2021\/11\/contrabando-granos-Misiones-2.jpg\"><img loading=\"lazy\" decoding=\"async\" width=\"879\" height=\"586\" src=\"https:\/\/www.elsindical.com.ar\/notas\/var\/www\/html\/notas\/wp-content\/uploads\/2021\/11\/contrabando-granos-Misiones-2.jpg\" alt=\"\" data-id=\"109165\" data-full-url=\"https:\/\/www.elsindical.com.ar\/notas\/var\/www\/html\/notas\/wp-content\/uploads\/2021\/11\/contrabando-granos-Misiones-2.jpg\" data-link=\"https:\/\/www.elsindical.com.ar\/notas\/?attachment_id=109165#main\" class=\"wp-image-109165\" srcset=\"https:\/\/www.elsindical.com.ar\/notas\/var\/www\/html\/notas\/wp-content\/uploads\/2021\/11\/contrabando-granos-Misiones-2.jpg 879w, https:\/\/www.elsindical.com.ar\/notas\/var\/www\/html\/notas\/wp-content\/uploads\/2021\/11\/contrabando-granos-Misiones-2-300x200.jpg 300w, https:\/\/www.elsindical.com.ar\/notas\/var\/www\/html\/notas\/wp-content\/uploads\/2021\/11\/contrabando-granos-Misiones-2-768x512.jpg 768w, https:\/\/www.elsindical.com.ar\/notas\/var\/www\/html\/notas\/wp-content\/uploads\/2021\/11\/contrabando-granos-Misiones-2-450x300.jpg 450w\" sizes=\"auto, (max-width: 879px) 100vw, 879px\" \/><\/a><\/figure><\/li><li class=\"blocks-gallery-item\"><figure><a href=\"https:\/\/www.elsindical.com.ar\/notas\/var\/www\/html\/notas\/wp-content\/uploads\/2021\/11\/contrabando-granos-Misiones-3.jpg\"><img loading=\"lazy\" decoding=\"async\" width=\"879\" height=\"586\" src=\"https:\/\/www.elsindical.com.ar\/notas\/var\/www\/html\/notas\/wp-content\/uploads\/2021\/11\/contrabando-granos-Misiones-3.jpg\" alt=\"\" data-id=\"109166\" data-full-url=\"https:\/\/www.elsindical.com.ar\/notas\/var\/www\/html\/notas\/wp-content\/uploads\/2021\/11\/contrabando-granos-Misiones-3.jpg\" data-link=\"https:\/\/www.elsindical.com.ar\/notas\/?attachment_id=109166#main\" class=\"wp-image-109166\" srcset=\"https:\/\/www.elsindical.com.ar\/notas\/var\/www\/html\/notas\/wp-content\/uploads\/2021\/11\/contrabando-granos-Misiones-3.jpg 879w, https:\/\/www.elsindical.com.ar\/notas\/var\/www\/html\/notas\/wp-content\/uploads\/2021\/11\/contrabando-granos-Misiones-3-300x200.jpg 300w, https:\/\/www.elsindical.com.ar\/notas\/var\/www\/html\/notas\/wp-content\/uploads\/2021\/11\/contrabando-granos-Misiones-3-768x512.jpg 768w, https:\/\/www.elsindical.com.ar\/notas\/var\/www\/html\/notas\/wp-content\/uploads\/2021\/11\/contrabando-granos-Misiones-3-450x300.jpg 450w\" sizes=\"auto, (max-width: 879px) 100vw, 879px\" \/><\/a><\/figure><\/li><\/ul><\/figure>\n","protected":false},"excerpt":{"rendered":"<p>Adem\u00e1s, arrestaron en el marco de la causa a un funcionario del gobierno de Misiones y empresarios. Agentes de la Polic\u00eda de Seguridad Aeroportuaria (PSA) que estaban tras la pista de una organizaci\u00f3n de lavado de dinero que operaba en Misiones detectaron que el origen de esos fondos era el contrabando de granos. A lo&hellip;<\/p>\n","protected":false},"author":1,"featured_media":109164,"comment_status":"open","ping_status":"open","sticky":false,"template":"","format":"standard","meta":{"footnotes":""},"categories":[22],"tags":[2311,2450,6373,1429,12114,2243,839],"class_list":["post-109163","post","type-post","status-publish","format-standard","has-post-thumbnail","hentry","category-policiales","tag-contrabando","tag-diario-el-sindical","tag-frontera","tag-gendarmeria-nacional","tag-granos","tag-misiones","tag-psa"],"_links":{"self":[{"href":"https:\/\/www.elsindical.com.ar\/notas\/wp-json\/wp\/v2\/posts\/109163","targetHints":{"allow":["GET"]}}],"collection":[{"href":"https:\/\/www.elsindical.com.ar\/notas\/wp-json\/wp\/v2\/posts"}],"about":[{"href":"https:\/\/www.elsindical.com.ar\/notas\/wp-json\/wp\/v2\/types\/post"}],"author":[{"embeddable":true,"href":"https:\/\/www.elsindical.com.ar\/notas\/wp-json\/wp\/v2\/users\/1"}],"replies":[{"embeddable":true,"href":"https:\/\/www.elsindical.com.ar\/notas\/wp-json\/wp\/v2\/comments?post=109163"}],"version-history":[{"count":1,"href":"https:\/\/www.elsindical.com.ar\/notas\/wp-json\/wp\/v2\/posts\/109163\/revisions"}],"predecessor-version":[{"id":109167,"href":"https:\/\/www.elsindical.com.ar\/notas\/wp-json\/wp\/v2\/posts\/109163\/revisions\/109167"}],"wp:featuredmedia":[{"embeddable":true,"href":"https:\/\/www.elsindical.com.ar\/notas\/wp-json\/wp\/v2\/media\/109164"}],"wp:attachment":[{"href":"https:\/\/www.elsindical.com.ar\/notas\/wp-json\/wp\/v2\/media?parent=109163"}],"wp:term":[{"taxonomy":"category","embeddable":true,"href":"https:\/\/www.elsindical.com.ar\/notas\/wp-json\/wp\/v2\/categories?post=109163"},{"taxonomy":"post_tag","embeddable":true,"href":"https:\/\/www.elsindical.com.ar\/notas\/wp-json\/wp\/v2\/tags?post=109163"}],"curies":[{"name":"wp","href":"https:\/\/api.w.org\/{rel}","templated":true}]}}