{"id":109153,"date":"2021-11-07T12:56:25","date_gmt":"2021-11-07T15:56:25","guid":{"rendered":"https:\/\/www.elsindical.com.ar\/notas\/?p=109153"},"modified":"2021-11-07T12:56:27","modified_gmt":"2021-11-07T15:56:27","slug":"embajada-de-bolivia-en-la-argentina-presente-para-festejos-ausente-para-los-trabajadores-migrantes","status":"publish","type":"post","link":"https:\/\/www.elsindical.com.ar\/notas\/embajada-de-bolivia-en-la-argentina-presente-para-festejos-ausente-para-los-trabajadores-migrantes\/","title":{"rendered":"Embajada de Bolivia en la Argentina, presente para festejos, ausente para los trabajadores migrantes"},"content":{"rendered":"\n<div class=\"wp-block-image\"><figure class=\"aligncenter size-large\"><a href=\"https:\/\/www.elsindical.com.ar\/notas\/var\/www\/html\/notas\/wp-content\/uploads\/2021\/11\/Bolivia-en-Tecnopolis.jpg\"><img loading=\"lazy\" decoding=\"async\" width=\"853\" height=\"1024\" src=\"https:\/\/www.elsindical.com.ar\/notas\/var\/www\/html\/notas\/wp-content\/uploads\/2021\/11\/Bolivia-en-Tecnopolis-853x1024.jpg\" alt=\"\" class=\"wp-image-109154\" srcset=\"https:\/\/www.elsindical.com.ar\/notas\/var\/www\/html\/notas\/wp-content\/uploads\/2021\/11\/Bolivia-en-Tecnopolis-853x1024.jpg 853w, https:\/\/www.elsindical.com.ar\/notas\/var\/www\/html\/notas\/wp-content\/uploads\/2021\/11\/Bolivia-en-Tecnopolis-250x300.jpg 250w, https:\/\/www.elsindical.com.ar\/notas\/var\/www\/html\/notas\/wp-content\/uploads\/2021\/11\/Bolivia-en-Tecnopolis-768x922.jpg 768w, https:\/\/www.elsindical.com.ar\/notas\/var\/www\/html\/notas\/wp-content\/uploads\/2021\/11\/Bolivia-en-Tecnopolis.jpg 1066w\" sizes=\"auto, (max-width: 853px) 100vw, 853px\" \/><\/a><\/figure><\/div>\n\n\n\n<p>       Parece que los pol\u00edticos son muy similares en el mundo, todos son muy divertidos cuando de festejos se trata, difunden e invitan a los medios, pero cuando de temas relevantes se tratan desaparecen, se ausentan y no responden a las requisitorias, el gobierno de Bolivia no es la excepci\u00f3n.<\/p>\n\n\n\n<p>Hace meses que investigamos la explotaci\u00f3n de trabajadores migrantes en la Argentina, siendo una de las comunidades m\u00e1s grades en el pa\u00eds la de Bolivia y es justamente el trabajador migrante boliviano uno de los m\u00e1s afectados por la explotaci\u00f3n laboral, a pesar de ello, las autoridades de los ministerios de trabajo, nacional, provincial y de la Ciudad de Buenos Aires, no han desarrollado los controles necesarios para erradicar esta practica.<\/p>\n\n\n\n<p>Ante una serie de denuncias de ciudadanos bolivianos al respecto les solicitamos informaci\u00f3n a los ministerios y a la embajada de Bolivia que nunca respondieron.<\/p>\n\n\n\n<p>Eso s\u00ed, para anunciar y mostrar festejos inundan las redes sociales.<\/p>\n\n\n\n<p>Publicaci\u00f3n de la embajada en redes sociales:<\/p>\n\n\n\n<p>Un sol radiante, un d\u00eda hermoso y la presencia masiva de la Colectividad Boliviana en Argentina fueron los elementos que dieron mayor realce a nuestra Entrada Flokl\u00f3rica \u00abUn d\u00eda En Tecnop\u00f3lis para Bolivia\u00bb, tambi\u00e9n contamos con la presencia de importantes autoridades encabezando como anfitri\u00f3n el Embajador de Bolivia en Argentina, Ramiro Tapia Sainz, el C\u00f3nsul General de Bolivia en Buenos Aires, Santos Tito Veliz, el Ministro de Cultura de la Naci\u00f3n Trist\u00e1n Bauer, el Embajador de Argentina en Bolivia Ariel Basteiro, tambi\u00e9n contamos con la presencia de ex autoridades bolivianas como nuestro Exvicepresidente \u00c1lvaro Garc\u00eda Linera, el Excanciller Fernando Huanacuni e invitados del cuerpo diplom\u00e1tico, as\u00ed como invitados especiales. En la organizaci\u00f3n estuvo toda la Misi\u00f3n Diplom\u00e1tica, Consular, las asociaciones de folkoristas y personal de Tecnop\u00f3lis.Fue muy hermoso ver qu\u00e9 despu\u00e9s de 2 a\u00f1os de pandemia Bolivia retoma su agenda cultural con esta hermosa Entrada en Tecnop\u00f3lis, una vez m\u00e1s mostrando como Bolivia lidera la defensa de su cultura, sus danzas y sus tradiciones a nivel mundial, fueron muchas las fraternidades y comparsas que nos deleitaron durante todo el d\u00eda, en un desfile interminable y espectacular como solo Bolivia lo puede hacer. <a href=\"https:\/\/www.facebook.com\/hashtag\/und%C3%ADaentecnopolisparabolivia?__eep__=6&amp;__cft__[0]=AZXCjVte8Y38YjPPcTK3YSCi_-9YZURgbYB6zTlRwGICPGbAruEnTPXSa1SKkykHm4f-Kmrvkw_ALH2TK0Kc3KRMbb7nq3bqt9P5eLF03FbNcTJeb2vDtqD1zb4FQ8PFn_Xcs7mtSJOeDCu3aUOowY2ByK4XIi1RecgXZzmKovFYBohw5JxdHRNhrgwd8nZq8LA&amp;__tn__=*NK-R\">#UnD\u00edaEnTecnopolisParaBolivia<\/a><a href=\"https:\/\/www.facebook.com\/hashtag\/tecnopolis?__eep__=6&amp;__cft__[0]=AZXCjVte8Y38YjPPcTK3YSCi_-9YZURgbYB6zTlRwGICPGbAruEnTPXSa1SKkykHm4f-Kmrvkw_ALH2TK0Kc3KRMbb7nq3bqt9P5eLF03FbNcTJeb2vDtqD1zb4FQ8PFn_Xcs7mtSJOeDCu3aUOowY2ByK4XIi1RecgXZzmKovFYBohw5JxdHRNhrgwd8nZq8LA&amp;__tn__=*NK-R\">#Tecnopolis<\/a><a href=\"https:\/\/www.facebook.com\/hashtag\/ministeriodeculturaargentina?__eep__=6&amp;__cft__[0]=AZXCjVte8Y38YjPPcTK3YSCi_-9YZURgbYB6zTlRwGICPGbAruEnTPXSa1SKkykHm4f-Kmrvkw_ALH2TK0Kc3KRMbb7nq3bqt9P5eLF03FbNcTJeb2vDtqD1zb4FQ8PFn_Xcs7mtSJOeDCu3aUOowY2ByK4XIi1RecgXZzmKovFYBohw5JxdHRNhrgwd8nZq8LA&amp;__tn__=*NK-R\">#MinisteriodeCulturaArgentina<\/a><a href=\"https:\/\/www.facebook.com\/hashtag\/entradafolklorica?__eep__=6&amp;__cft__[0]=AZXCjVte8Y38YjPPcTK3YSCi_-9YZURgbYB6zTlRwGICPGbAruEnTPXSa1SKkykHm4f-Kmrvkw_ALH2TK0Kc3KRMbb7nq3bqt9P5eLF03FbNcTJeb2vDtqD1zb4FQ8PFn_Xcs7mtSJOeDCu3aUOowY2ByK4XIi1RecgXZzmKovFYBohw5JxdHRNhrgwd8nZq8LA&amp;__tn__=*NK-R\">#EntradaFolklorica<\/a><a href=\"https:\/\/www.facebook.com\/hashtag\/embajadadeboliviaenargentina?__eep__=6&amp;__cft__[0]=AZXCjVte8Y38YjPPcTK3YSCi_-9YZURgbYB6zTlRwGICPGbAruEnTPXSa1SKkykHm4f-Kmrvkw_ALH2TK0Kc3KRMbb7nq3bqt9P5eLF03FbNcTJeb2vDtqD1zb4FQ8PFn_Xcs7mtSJOeDCu3aUOowY2ByK4XIi1RecgXZzmKovFYBohw5JxdHRNhrgwd8nZq8LA&amp;__tn__=*NK-R\">#EmbajadaDeBoliviaEnArgentina<\/a><a href=\"https:\/\/www.facebook.com\/hashtag\/estamossaliendoadelante?__eep__=6&amp;__cft__[0]=AZXCjVte8Y38YjPPcTK3YSCi_-9YZURgbYB6zTlRwGICPGbAruEnTPXSa1SKkykHm4f-Kmrvkw_ALH2TK0Kc3KRMbb7nq3bqt9P5eLF03FbNcTJeb2vDtqD1zb4FQ8PFn_Xcs7mtSJOeDCu3aUOowY2ByK4XIi1RecgXZzmKovFYBohw5JxdHRNhrgwd8nZq8LA&amp;__tn__=*NK-R\">#EstamosSaliendoAdelante<\/a><a href=\"https:\/\/www.facebook.com\/Ramiro-Tapia-Sainz-108686871463684\/?__cft__[0]=AZXCjVte8Y38YjPPcTK3YSCi_-9YZURgbYB6zTlRwGICPGbAruEnTPXSa1SKkykHm4f-Kmrvkw_ALH2TK0Kc3KRMbb7nq3bqt9P5eLF03FbNcTJeb2vDtqD1zb4FQ8PFn_Xcs7mtSJOeDCu3aUOowY2ByK4XIi1RecgXZzmKovFYBohw5JxdHRNhrgwd8nZq8LA&amp;__tn__=kK-R\">Ramiro Tapia Sainz<\/a><a href=\"https:\/\/www.facebook.com\/ramiro.tapia.146?__cft__[0]=AZXCjVte8Y38YjPPcTK3YSCi_-9YZURgbYB6zTlRwGICPGbAruEnTPXSa1SKkykHm4f-Kmrvkw_ALH2TK0Kc3KRMbb7nq3bqt9P5eLF03FbNcTJeb2vDtqD1zb4FQ8PFn_Xcs7mtSJOeDCu3aUOowY2ByK4XIi1RecgXZzmKovFYBohw5JxdHRNhrgwd8nZq8LA&amp;__tn__=-]K-R\">Ramiro Tapia Sainz<\/a><\/p>\n\n\n\n<p>Una verg\u00fcenza el desinter\u00e9s de un gobierno por sus ciudadanos en el extranjero.<\/p>\n\n\n\n<figure class=\"wp-block-gallery columns-2 is-cropped wp-block-gallery-1 is-layout-flex wp-block-gallery-is-layout-flex\"><ul class=\"blocks-gallery-grid\"><li class=\"blocks-gallery-item\"><figure><a href=\"https:\/\/www.elsindical.com.ar\/notas\/var\/www\/html\/notas\/wp-content\/uploads\/2021\/11\/fiesta-comunidad-boliviana-en-Argentina-1.jpg\"><img loading=\"lazy\" decoding=\"async\" width=\"1024\" height=\"683\" src=\"https:\/\/www.elsindical.com.ar\/notas\/var\/www\/html\/notas\/wp-content\/uploads\/2021\/11\/fiesta-comunidad-boliviana-en-Argentina-1-1024x683.jpg\" alt=\"\" data-id=\"109155\" data-full-url=\"https:\/\/www.elsindical.com.ar\/notas\/var\/www\/html\/notas\/wp-content\/uploads\/2021\/11\/fiesta-comunidad-boliviana-en-Argentina-1.jpg\" data-link=\"https:\/\/www.elsindical.com.ar\/notas\/?attachment_id=109155#main\" class=\"wp-image-109155\" srcset=\"https:\/\/www.elsindical.com.ar\/notas\/var\/www\/html\/notas\/wp-content\/uploads\/2021\/11\/fiesta-comunidad-boliviana-en-Argentina-1-1024x683.jpg 1024w, https:\/\/www.elsindical.com.ar\/notas\/var\/www\/html\/notas\/wp-content\/uploads\/2021\/11\/fiesta-comunidad-boliviana-en-Argentina-1-300x200.jpg 300w, https:\/\/www.elsindical.com.ar\/notas\/var\/www\/html\/notas\/wp-content\/uploads\/2021\/11\/fiesta-comunidad-boliviana-en-Argentina-1-768x512.jpg 768w, https:\/\/www.elsindical.com.ar\/notas\/var\/www\/html\/notas\/wp-content\/uploads\/2021\/11\/fiesta-comunidad-boliviana-en-Argentina-1-450x300.jpg 450w, https:\/\/www.elsindical.com.ar\/notas\/var\/www\/html\/notas\/wp-content\/uploads\/2021\/11\/fiesta-comunidad-boliviana-en-Argentina-1-1536x1024.jpg 1536w, https:\/\/www.elsindical.com.ar\/notas\/var\/www\/html\/notas\/wp-content\/uploads\/2021\/11\/fiesta-comunidad-boliviana-en-Argentina-1.jpg 2048w\" sizes=\"auto, (max-width: 1024px) 100vw, 1024px\" \/><\/a><\/figure><\/li><li class=\"blocks-gallery-item\"><figure><a href=\"https:\/\/www.elsindical.com.ar\/notas\/var\/www\/html\/notas\/wp-content\/uploads\/2021\/11\/fiesta-comunidad-boliviana-en-Argentina-2.jpg\"><img loading=\"lazy\" decoding=\"async\" width=\"1024\" height=\"683\" src=\"https:\/\/www.elsindical.com.ar\/notas\/var\/www\/html\/notas\/wp-content\/uploads\/2021\/11\/fiesta-comunidad-boliviana-en-Argentina-2-1024x683.jpg\" alt=\"\" data-id=\"109156\" data-full-url=\"https:\/\/www.elsindical.com.ar\/notas\/var\/www\/html\/notas\/wp-content\/uploads\/2021\/11\/fiesta-comunidad-boliviana-en-Argentina-2.jpg\" data-link=\"https:\/\/www.elsindical.com.ar\/notas\/?attachment_id=109156#main\" class=\"wp-image-109156\" srcset=\"https:\/\/www.elsindical.com.ar\/notas\/var\/www\/html\/notas\/wp-content\/uploads\/2021\/11\/fiesta-comunidad-boliviana-en-Argentina-2-1024x683.jpg 1024w, https:\/\/www.elsindical.com.ar\/notas\/var\/www\/html\/notas\/wp-content\/uploads\/2021\/11\/fiesta-comunidad-boliviana-en-Argentina-2-300x200.jpg 300w, https:\/\/www.elsindical.com.ar\/notas\/var\/www\/html\/notas\/wp-content\/uploads\/2021\/11\/fiesta-comunidad-boliviana-en-Argentina-2-768x512.jpg 768w, https:\/\/www.elsindical.com.ar\/notas\/var\/www\/html\/notas\/wp-content\/uploads\/2021\/11\/fiesta-comunidad-boliviana-en-Argentina-2-450x300.jpg 450w, https:\/\/www.elsindical.com.ar\/notas\/var\/www\/html\/notas\/wp-content\/uploads\/2021\/11\/fiesta-comunidad-boliviana-en-Argentina-2-1536x1024.jpg 1536w, https:\/\/www.elsindical.com.ar\/notas\/var\/www\/html\/notas\/wp-content\/uploads\/2021\/11\/fiesta-comunidad-boliviana-en-Argentina-2.jpg 2048w\" sizes=\"auto, (max-width: 1024px) 100vw, 1024px\" \/><\/a><\/figure><\/li><li class=\"blocks-gallery-item\"><figure><a href=\"https:\/\/www.elsindical.com.ar\/notas\/var\/www\/html\/notas\/wp-content\/uploads\/2021\/11\/fiesta-comunidad-boliviana-en-Argentina-3.jpg\"><img loading=\"lazy\" decoding=\"async\" width=\"1024\" height=\"683\" src=\"https:\/\/www.elsindical.com.ar\/notas\/var\/www\/html\/notas\/wp-content\/uploads\/2021\/11\/fiesta-comunidad-boliviana-en-Argentina-3-1024x683.jpg\" alt=\"\" data-id=\"109157\" data-full-url=\"https:\/\/www.elsindical.com.ar\/notas\/var\/www\/html\/notas\/wp-content\/uploads\/2021\/11\/fiesta-comunidad-boliviana-en-Argentina-3.jpg\" data-link=\"https:\/\/www.elsindical.com.ar\/notas\/?attachment_id=109157#main\" class=\"wp-image-109157\" srcset=\"https:\/\/www.elsindical.com.ar\/notas\/var\/www\/html\/notas\/wp-content\/uploads\/2021\/11\/fiesta-comunidad-boliviana-en-Argentina-3-1024x683.jpg 1024w, https:\/\/www.elsindical.com.ar\/notas\/var\/www\/html\/notas\/wp-content\/uploads\/2021\/11\/fiesta-comunidad-boliviana-en-Argentina-3-300x200.jpg 300w, https:\/\/www.elsindical.com.ar\/notas\/var\/www\/html\/notas\/wp-content\/uploads\/2021\/11\/fiesta-comunidad-boliviana-en-Argentina-3-768x512.jpg 768w, https:\/\/www.elsindical.com.ar\/notas\/var\/www\/html\/notas\/wp-content\/uploads\/2021\/11\/fiesta-comunidad-boliviana-en-Argentina-3-450x300.jpg 450w, https:\/\/www.elsindical.com.ar\/notas\/var\/www\/html\/notas\/wp-content\/uploads\/2021\/11\/fiesta-comunidad-boliviana-en-Argentina-3-1536x1024.jpg 1536w, https:\/\/www.elsindical.com.ar\/notas\/var\/www\/html\/notas\/wp-content\/uploads\/2021\/11\/fiesta-comunidad-boliviana-en-Argentina-3.jpg 2048w\" sizes=\"auto, (max-width: 1024px) 100vw, 1024px\" \/><\/a><\/figure><\/li><li class=\"blocks-gallery-item\"><figure><a href=\"https:\/\/www.elsindical.com.ar\/notas\/var\/www\/html\/notas\/wp-content\/uploads\/2021\/11\/fiesta-comunidad-boliviana-en-Argentina-4.jpg\"><img loading=\"lazy\" decoding=\"async\" width=\"1024\" height=\"683\" src=\"https:\/\/www.elsindical.com.ar\/notas\/var\/www\/html\/notas\/wp-content\/uploads\/2021\/11\/fiesta-comunidad-boliviana-en-Argentina-4-1024x683.jpg\" alt=\"\" data-id=\"109158\" data-full-url=\"https:\/\/www.elsindical.com.ar\/notas\/var\/www\/html\/notas\/wp-content\/uploads\/2021\/11\/fiesta-comunidad-boliviana-en-Argentina-4.jpg\" data-link=\"https:\/\/www.elsindical.com.ar\/notas\/?attachment_id=109158#main\" class=\"wp-image-109158\" srcset=\"https:\/\/www.elsindical.com.ar\/notas\/var\/www\/html\/notas\/wp-content\/uploads\/2021\/11\/fiesta-comunidad-boliviana-en-Argentina-4-1024x683.jpg 1024w, https:\/\/www.elsindical.com.ar\/notas\/var\/www\/html\/notas\/wp-content\/uploads\/2021\/11\/fiesta-comunidad-boliviana-en-Argentina-4-300x200.jpg 300w, https:\/\/www.elsindical.com.ar\/notas\/var\/www\/html\/notas\/wp-content\/uploads\/2021\/11\/fiesta-comunidad-boliviana-en-Argentina-4-768x512.jpg 768w, https:\/\/www.elsindical.com.ar\/notas\/var\/www\/html\/notas\/wp-content\/uploads\/2021\/11\/fiesta-comunidad-boliviana-en-Argentina-4-450x300.jpg 450w, https:\/\/www.elsindical.com.ar\/notas\/var\/www\/html\/notas\/wp-content\/uploads\/2021\/11\/fiesta-comunidad-boliviana-en-Argentina-4-1536x1024.jpg 1536w, https:\/\/www.elsindical.com.ar\/notas\/var\/www\/html\/notas\/wp-content\/uploads\/2021\/11\/fiesta-comunidad-boliviana-en-Argentina-4.jpg 2048w\" sizes=\"auto, (max-width: 1024px) 100vw, 1024px\" \/><\/a><\/figure><\/li><li class=\"blocks-gallery-item\"><figure><a href=\"https:\/\/www.elsindical.com.ar\/notas\/var\/www\/html\/notas\/wp-content\/uploads\/2021\/11\/fiesta-comunidad-boliviana-en-Argentina-5.jpg\"><img loading=\"lazy\" decoding=\"async\" width=\"1024\" height=\"683\" src=\"https:\/\/www.elsindical.com.ar\/notas\/var\/www\/html\/notas\/wp-content\/uploads\/2021\/11\/fiesta-comunidad-boliviana-en-Argentina-5-1024x683.jpg\" alt=\"\" data-id=\"109159\" data-full-url=\"https:\/\/www.elsindical.com.ar\/notas\/var\/www\/html\/notas\/wp-content\/uploads\/2021\/11\/fiesta-comunidad-boliviana-en-Argentina-5.jpg\" data-link=\"https:\/\/www.elsindical.com.ar\/notas\/?attachment_id=109159#main\" class=\"wp-image-109159\" srcset=\"https:\/\/www.elsindical.com.ar\/notas\/var\/www\/html\/notas\/wp-content\/uploads\/2021\/11\/fiesta-comunidad-boliviana-en-Argentina-5-1024x683.jpg 1024w, https:\/\/www.elsindical.com.ar\/notas\/var\/www\/html\/notas\/wp-content\/uploads\/2021\/11\/fiesta-comunidad-boliviana-en-Argentina-5-300x200.jpg 300w, https:\/\/www.elsindical.com.ar\/notas\/var\/www\/html\/notas\/wp-content\/uploads\/2021\/11\/fiesta-comunidad-boliviana-en-Argentina-5-768x512.jpg 768w, https:\/\/www.elsindical.com.ar\/notas\/var\/www\/html\/notas\/wp-content\/uploads\/2021\/11\/fiesta-comunidad-boliviana-en-Argentina-5-450x300.jpg 450w, https:\/\/www.elsindical.com.ar\/notas\/var\/www\/html\/notas\/wp-content\/uploads\/2021\/11\/fiesta-comunidad-boliviana-en-Argentina-5-1536x1024.jpg 1536w, https:\/\/www.elsindical.com.ar\/notas\/var\/www\/html\/notas\/wp-content\/uploads\/2021\/11\/fiesta-comunidad-boliviana-en-Argentina-5.jpg 2048w\" sizes=\"auto, (max-width: 1024px) 100vw, 1024px\" \/><\/a><\/figure><\/li><li class=\"blocks-gallery-item\"><figure><a href=\"https:\/\/www.elsindical.com.ar\/notas\/var\/www\/html\/notas\/wp-content\/uploads\/2021\/11\/fiesta-comunidad-boliviana-en-Argentina-6.jpg\"><img loading=\"lazy\" decoding=\"async\" width=\"1024\" height=\"683\" src=\"https:\/\/www.elsindical.com.ar\/notas\/var\/www\/html\/notas\/wp-content\/uploads\/2021\/11\/fiesta-comunidad-boliviana-en-Argentina-6-1024x683.jpg\" alt=\"\" data-id=\"109160\" data-full-url=\"https:\/\/www.elsindical.com.ar\/notas\/var\/www\/html\/notas\/wp-content\/uploads\/2021\/11\/fiesta-comunidad-boliviana-en-Argentina-6.jpg\" data-link=\"https:\/\/www.elsindical.com.ar\/notas\/?attachment_id=109160#main\" class=\"wp-image-109160\" srcset=\"https:\/\/www.elsindical.com.ar\/notas\/var\/www\/html\/notas\/wp-content\/uploads\/2021\/11\/fiesta-comunidad-boliviana-en-Argentina-6-1024x683.jpg 1024w, https:\/\/www.elsindical.com.ar\/notas\/var\/www\/html\/notas\/wp-content\/uploads\/2021\/11\/fiesta-comunidad-boliviana-en-Argentina-6-300x200.jpg 300w, https:\/\/www.elsindical.com.ar\/notas\/var\/www\/html\/notas\/wp-content\/uploads\/2021\/11\/fiesta-comunidad-boliviana-en-Argentina-6-768x512.jpg 768w, https:\/\/www.elsindical.com.ar\/notas\/var\/www\/html\/notas\/wp-content\/uploads\/2021\/11\/fiesta-comunidad-boliviana-en-Argentina-6-450x300.jpg 450w, https:\/\/www.elsindical.com.ar\/notas\/var\/www\/html\/notas\/wp-content\/uploads\/2021\/11\/fiesta-comunidad-boliviana-en-Argentina-6-1536x1024.jpg 1536w, https:\/\/www.elsindical.com.ar\/notas\/var\/www\/html\/notas\/wp-content\/uploads\/2021\/11\/fiesta-comunidad-boliviana-en-Argentina-6.jpg 2048w\" sizes=\"auto, (max-width: 1024px) 100vw, 1024px\" \/><\/a><\/figure><\/li><li class=\"blocks-gallery-item\"><figure><a href=\"https:\/\/www.elsindical.com.ar\/notas\/var\/www\/html\/notas\/wp-content\/uploads\/2021\/11\/fiesta-comunidad-boliviana-en-Argentina-7.jpg\"><img loading=\"lazy\" decoding=\"async\" width=\"1024\" height=\"683\" src=\"https:\/\/www.elsindical.com.ar\/notas\/var\/www\/html\/notas\/wp-content\/uploads\/2021\/11\/fiesta-comunidad-boliviana-en-Argentina-7-1024x683.jpg\" alt=\"\" data-id=\"109161\" data-full-url=\"https:\/\/www.elsindical.com.ar\/notas\/var\/www\/html\/notas\/wp-content\/uploads\/2021\/11\/fiesta-comunidad-boliviana-en-Argentina-7.jpg\" data-link=\"https:\/\/www.elsindical.com.ar\/notas\/?attachment_id=109161#main\" class=\"wp-image-109161\" srcset=\"https:\/\/www.elsindical.com.ar\/notas\/var\/www\/html\/notas\/wp-content\/uploads\/2021\/11\/fiesta-comunidad-boliviana-en-Argentina-7-1024x683.jpg 1024w, https:\/\/www.elsindical.com.ar\/notas\/var\/www\/html\/notas\/wp-content\/uploads\/2021\/11\/fiesta-comunidad-boliviana-en-Argentina-7-300x200.jpg 300w, https:\/\/www.elsindical.com.ar\/notas\/var\/www\/html\/notas\/wp-content\/uploads\/2021\/11\/fiesta-comunidad-boliviana-en-Argentina-7-768x512.jpg 768w, https:\/\/www.elsindical.com.ar\/notas\/var\/www\/html\/notas\/wp-content\/uploads\/2021\/11\/fiesta-comunidad-boliviana-en-Argentina-7-450x300.jpg 450w, https:\/\/www.elsindical.com.ar\/notas\/var\/www\/html\/notas\/wp-content\/uploads\/2021\/11\/fiesta-comunidad-boliviana-en-Argentina-7-1536x1024.jpg 1536w, https:\/\/www.elsindical.com.ar\/notas\/var\/www\/html\/notas\/wp-content\/uploads\/2021\/11\/fiesta-comunidad-boliviana-en-Argentina-7.jpg 2048w\" sizes=\"auto, (max-width: 1024px) 100vw, 1024px\" \/><\/a><\/figure><\/li><\/ul><\/figure>\n\n\n\n<p><strong>Por Marcelo Ricardo Hawrylciw<\/strong><\/p>\n","protected":false},"excerpt":{"rendered":"<p>Parece que los pol\u00edticos son muy similares en el mundo, todos son muy divertidos cuando de festejos se trata, difunden e invitan a los medios, pero cuando de temas relevantes se tratan desaparecen, se ausentan y no responden a las requisitorias, el gobierno de Bolivia no es la excepci\u00f3n. Hace meses que investigamos la explotaci\u00f3n&hellip;<\/p>\n","protected":false},"author":1,"featured_media":109154,"comment_status":"open","ping_status":"open","sticky":false,"template":"","format":"standard","meta":{"footnotes":""},"categories":[10],"tags":[1141,22020,2450,35889,7066,35890,35891,20321,35888,10231],"class_list":["post-109153","post","type-post","status-publish","format-standard","has-post-thumbnail","hentry","category-editorial","tag-bolivia","tag-denuncias","tag-diario-el-sindical","tag-embajada-de-bolivia","tag-explotacion-laboral","tag-ramiro-tapia-sainz","tag-santos-tito-veliz","tag-tecnopolis","tag-trabajador-migrante","tag-tristan-bauer"],"_links":{"self":[{"href":"https:\/\/www.elsindical.com.ar\/notas\/wp-json\/wp\/v2\/posts\/109153","targetHints":{"allow":["GET"]}}],"collection":[{"href":"https:\/\/www.elsindical.com.ar\/notas\/wp-json\/wp\/v2\/posts"}],"about":[{"href":"https:\/\/www.elsindical.com.ar\/notas\/wp-json\/wp\/v2\/types\/post"}],"author":[{"embeddable":true,"href":"https:\/\/www.elsindical.com.ar\/notas\/wp-json\/wp\/v2\/users\/1"}],"replies":[{"embeddable":true,"href":"https:\/\/www.elsindical.com.ar\/notas\/wp-json\/wp\/v2\/comments?post=109153"}],"version-history":[{"count":1,"href":"https:\/\/www.elsindical.com.ar\/notas\/wp-json\/wp\/v2\/posts\/109153\/revisions"}],"predecessor-version":[{"id":109162,"href":"https:\/\/www.elsindical.com.ar\/notas\/wp-json\/wp\/v2\/posts\/109153\/revisions\/109162"}],"wp:featuredmedia":[{"embeddable":true,"href":"https:\/\/www.elsindical.com.ar\/notas\/wp-json\/wp\/v2\/media\/109154"}],"wp:attachment":[{"href":"https:\/\/www.elsindical.com.ar\/notas\/wp-json\/wp\/v2\/media?parent=109153"}],"wp:term":[{"taxonomy":"category","embeddable":true,"href":"https:\/\/www.elsindical.com.ar\/notas\/wp-json\/wp\/v2\/categories?post=109153"},{"taxonomy":"post_tag","embeddable":true,"href":"https:\/\/www.elsindical.com.ar\/notas\/wp-json\/wp\/v2\/tags?post=109153"}],"curies":[{"name":"wp","href":"https:\/\/api.w.org\/{rel}","templated":true}]}}