{"id":109148,"date":"2021-11-07T08:50:09","date_gmt":"2021-11-07T11:50:09","guid":{"rendered":"https:\/\/www.elsindical.com.ar\/notas\/?p=109148"},"modified":"2021-11-07T09:16:32","modified_gmt":"2021-11-07T12:16:32","slug":"berazategui-un-policia-mato-al-novio-de-su-ex-pareja-a-la-que-hirio-de-gravedad","status":"publish","type":"post","link":"https:\/\/www.elsindical.com.ar\/notas\/berazategui-un-policia-mato-al-novio-de-su-ex-pareja-a-la-que-hirio-de-gravedad\/","title":{"rendered":"Berazategui: Un polic\u00eda mat\u00f3 al novio de su ex pareja, a la que hiri\u00f3 de gravedad"},"content":{"rendered":"\n<figure class=\"wp-block-image size-full\"><a href=\"https:\/\/www.elsindical.com.ar\/notas\/var\/www\/html\/notas\/wp-content\/uploads\/2021\/11\/comisaria-3ra-Berazategui.jpg\"><img loading=\"lazy\" decoding=\"async\" width=\"923\" height=\"533\" src=\"https:\/\/www.elsindical.com.ar\/notas\/var\/www\/html\/notas\/wp-content\/uploads\/2021\/11\/comisaria-3ra-Berazategui.jpg\" alt=\"\" class=\"wp-image-109149\" srcset=\"https:\/\/www.elsindical.com.ar\/notas\/var\/www\/html\/notas\/wp-content\/uploads\/2021\/11\/comisaria-3ra-Berazategui.jpg 923w, https:\/\/www.elsindical.com.ar\/notas\/var\/www\/html\/notas\/wp-content\/uploads\/2021\/11\/comisaria-3ra-Berazategui-300x173.jpg 300w, https:\/\/www.elsindical.com.ar\/notas\/var\/www\/html\/notas\/wp-content\/uploads\/2021\/11\/comisaria-3ra-Berazategui-768x443.jpg 768w, https:\/\/www.elsindical.com.ar\/notas\/var\/www\/html\/notas\/wp-content\/uploads\/2021\/11\/comisaria-3ra-Berazategui-500x289.jpg 500w, https:\/\/www.elsindical.com.ar\/notas\/var\/www\/html\/notas\/wp-content\/uploads\/2021\/11\/comisaria-3ra-Berazategui-220x126.jpg 220w\" sizes=\"auto, (max-width: 923px) 100vw, 923px\" \/><\/a><\/figure>\n\n\n\n<p>Un efectivo de la Polic\u00eda bonaerense mat\u00f3 hoy de al menos un balazo en la cabeza al novio de su expareja, a la que tambi\u00e9n hiri\u00f3 de gravedad, luego de atacarlos a tiros cuando ambos estaban en un autom\u00f3vil en el partido de Berazategui.<\/p>\n\n\n\n<p>Un efectivo de la Polic\u00eda bonaerense mat\u00f3 hoy de al menos un balazo en la cabeza al novio de su expareja, a la que tambi\u00e9n hiri\u00f3 de gravedad, luego de atacarlos a tiros cuando ambos estaban en un autom\u00f3vil en el partido de Berazategui, y fue detenido a las pocas cuadras tras intentar escapar del lugar, informaron fuentes judiciales.El hecho ocurri\u00f3 pasadas las 16 en la calle 416, a pocos metros del Camino Centenario, en la localidad bonaerense de Guti\u00e9rrez, de dicho partido del sur del Gran Buenos Aires, donde se encontraban las v\u00edctimas, identificadas por la Justicia como Lucas Saavedra (33) Laura Figueroa (31).<\/p>\n\n\n\n<p>Voceros judiciales informaron a T\u00e9lam que en esas circunstancias se puso a la par del veh\u00edculo una camioneta utilitaria Peugeot Partner de color negra, conducida por Ram\u00f3n Mieres, expareja de Figueroa, con quien tiene una hija en com\u00fan, y miembro de la divisi\u00f3n Narcotr\u00e1fico de la Polic\u00eda bonaerense.<\/p>\n\n\n\n<p>De inmediato, Mieres comenz\u00f3 a dispararles a ambos, quienes se bajaron del autom\u00f3vil para intentar escapar pero finalmente cayeron al suelo gravemente heridos.<\/p>\n\n\n\n<p>Tras ello, el polic\u00eda huy\u00f3 del lugar pero finalmente fue detenido a las pocas cuadras.<\/p>\n\n\n\n<p>Es que testigos escucharon los disparos y alertaron a la Polic\u00eda, mientras que tambi\u00e9n a pocos metros se llevaba a cabo un control vehicular, por lo que el accionar de los efectivos fue inmediato, informaron fuentes judiciales.<\/p>\n\n\n\n<p>A simple vista Figueroa ten\u00eda al menos dos disparos en el torso y Saavedra un impacto de bala en la cabeza, y ambos fueron trasladados de urgencia al hospital Evita Pueblo.<\/p>\n\n\n\n<p>Finalmente esta noche Saavedra falleci\u00f3 como consecuencia de la herida de arma de fuego en la cabeza, mientras que Figueroa permanec\u00eda internada en estado cr\u00edtico.<\/p>\n\n\n\n<p>En la escena esta tarde trabajaron peritos de la Polic\u00eda Cient\u00edfica y efectivos de la comisar\u00eda 3ra. de Berazategui, quienes recogieron sobre el asfalto ocho vainas servidas de calibre 9 mil\u00edmetros, a\u00f1adieron las fuentes consultadas.<\/p>\n\n\n\n<p>En tanto, al aprehender a Mieres los uniformados secuestraron su pistola reglamentaria Bersa Thunder, que ten\u00eda siete cartuchos intactos y uno en la rec\u00e1mara.<\/p>\n\n\n\n<p>Interviene en la causa la fiscal Silvia Borrone, que subroga la Unidad Funcional de Instrucci\u00f3n (UFI) 1 descentralizada de Berazategui, quien supervis\u00f3 desde el lugar del hecho las tareas realizadas e indagar\u00e1 el lunes al polic\u00eda por el delito de \u00abhomicidio simple agravado por el uso de arma de fuego, en concurso real con homicidio agravado por el v\u00ednculo y por mediar violencia de g\u00e9nero, en grado de tentativa\u00bb.<\/p>\n\n\n\n<div class=\"wp-block-image\"><figure class=\"aligncenter size-full is-resized\"><a href=\"https:\/\/www.elsindical.com.ar\/notas\/var\/www\/html\/notas\/wp-content\/uploads\/2021\/11\/asesinato-en-Berazategui.jpg\"><img loading=\"lazy\" decoding=\"async\" src=\"https:\/\/www.elsindical.com.ar\/notas\/var\/www\/html\/notas\/wp-content\/uploads\/2021\/11\/asesinato-en-Berazategui.jpg\" alt=\"\" class=\"wp-image-109151\" width=\"843\" height=\"636\" srcset=\"https:\/\/www.elsindical.com.ar\/notas\/var\/www\/html\/notas\/wp-content\/uploads\/2021\/11\/asesinato-en-Berazategui.jpg 642w, https:\/\/www.elsindical.com.ar\/notas\/var\/www\/html\/notas\/wp-content\/uploads\/2021\/11\/asesinato-en-Berazategui-300x226.jpg 300w, https:\/\/www.elsindical.com.ar\/notas\/var\/www\/html\/notas\/wp-content\/uploads\/2021\/11\/asesinato-en-Berazategui-398x300.jpg 398w\" sizes=\"auto, (max-width: 843px) 100vw, 843px\" \/><\/a><\/figure><\/div>\n","protected":false},"excerpt":{"rendered":"<p>Un efectivo de la Polic\u00eda bonaerense mat\u00f3 hoy de al menos un balazo en la cabeza al novio de su expareja, a la que tambi\u00e9n hiri\u00f3 de gravedad, luego de atacarlos a tiros cuando ambos estaban en un autom\u00f3vil en el partido de Berazategui. Un efectivo de la Polic\u00eda bonaerense mat\u00f3 hoy de al menos&hellip;<\/p>\n","protected":false},"author":1,"featured_media":109149,"comment_status":"open","ping_status":"open","sticky":false,"template":"","format":"standard","meta":{"footnotes":""},"categories":[22],"tags":[1277,2450,35886,35885,749,35887],"class_list":["post-109148","post","type-post","status-publish","format-standard","has-post-thumbnail","hentry","category-policiales","tag-berazategui","tag-diario-el-sindical","tag-laura-figueroa","tag-lucas-saavedra","tag-policia-bonaerense","tag-ramom-mieres"],"_links":{"self":[{"href":"https:\/\/www.elsindical.com.ar\/notas\/wp-json\/wp\/v2\/posts\/109148","targetHints":{"allow":["GET"]}}],"collection":[{"href":"https:\/\/www.elsindical.com.ar\/notas\/wp-json\/wp\/v2\/posts"}],"about":[{"href":"https:\/\/www.elsindical.com.ar\/notas\/wp-json\/wp\/v2\/types\/post"}],"author":[{"embeddable":true,"href":"https:\/\/www.elsindical.com.ar\/notas\/wp-json\/wp\/v2\/users\/1"}],"replies":[{"embeddable":true,"href":"https:\/\/www.elsindical.com.ar\/notas\/wp-json\/wp\/v2\/comments?post=109148"}],"version-history":[{"count":2,"href":"https:\/\/www.elsindical.com.ar\/notas\/wp-json\/wp\/v2\/posts\/109148\/revisions"}],"predecessor-version":[{"id":109152,"href":"https:\/\/www.elsindical.com.ar\/notas\/wp-json\/wp\/v2\/posts\/109148\/revisions\/109152"}],"wp:featuredmedia":[{"embeddable":true,"href":"https:\/\/www.elsindical.com.ar\/notas\/wp-json\/wp\/v2\/media\/109149"}],"wp:attachment":[{"href":"https:\/\/www.elsindical.com.ar\/notas\/wp-json\/wp\/v2\/media?parent=109148"}],"wp:term":[{"taxonomy":"category","embeddable":true,"href":"https:\/\/www.elsindical.com.ar\/notas\/wp-json\/wp\/v2\/categories?post=109148"},{"taxonomy":"post_tag","embeddable":true,"href":"https:\/\/www.elsindical.com.ar\/notas\/wp-json\/wp\/v2\/tags?post=109148"}],"curies":[{"name":"wp","href":"https:\/\/api.w.org\/{rel}","templated":true}]}}