{"id":109136,"date":"2021-11-06T00:35:48","date_gmt":"2021-11-06T03:35:48","guid":{"rendered":"https:\/\/www.elsindical.com.ar\/notas\/?p=109136"},"modified":"2021-11-06T00:35:49","modified_gmt":"2021-11-06T03:35:49","slug":"coronavirus-en-la-argentina-28-muertos-y-1271-nuevos-casos-en-las-ultimas-24-horas","status":"publish","type":"post","link":"https:\/\/www.elsindical.com.ar\/notas\/coronavirus-en-la-argentina-28-muertos-y-1271-nuevos-casos-en-las-ultimas-24-horas\/","title":{"rendered":"Coronavirus en la Argentina: 28 muertos y 1271 nuevos casos en las \u00faltimas 24 horas"},"content":{"rendered":"\n<figure class=\"wp-block-image size-full\"><a href=\"https:\/\/www.elsindical.com.ar\/notas\/var\/www\/html\/notas\/wp-content\/uploads\/2021\/11\/Covid-Argentina-5-nov-21.jpg\"><img loading=\"lazy\" decoding=\"async\" width=\"850\" height=\"453\" src=\"https:\/\/www.elsindical.com.ar\/notas\/var\/www\/html\/notas\/wp-content\/uploads\/2021\/11\/Covid-Argentina-5-nov-21.jpg\" alt=\"\" class=\"wp-image-109137\" srcset=\"https:\/\/www.elsindical.com.ar\/notas\/var\/www\/html\/notas\/wp-content\/uploads\/2021\/11\/Covid-Argentina-5-nov-21.jpg 850w, https:\/\/www.elsindical.com.ar\/notas\/var\/www\/html\/notas\/wp-content\/uploads\/2021\/11\/Covid-Argentina-5-nov-21-300x160.jpg 300w, https:\/\/www.elsindical.com.ar\/notas\/var\/www\/html\/notas\/wp-content\/uploads\/2021\/11\/Covid-Argentina-5-nov-21-768x409.jpg 768w, https:\/\/www.elsindical.com.ar\/notas\/var\/www\/html\/notas\/wp-content\/uploads\/2021\/11\/Covid-Argentina-5-nov-21-500x266.jpg 500w\" sizes=\"auto, (max-width: 850px) 100vw, 850px\" \/><\/a><\/figure>\n\n\n\n<p>Ya son 5.295.260 los contagios y 116.083 las v\u00edctimas fatales desde el inicio de la pandemia.<\/p>\n\n\n\n<p>El <strong>Ministerio de Salud<\/strong> inform\u00f3 este viernes 1271 nuevos contagios y 28 muertos por <strong>coronavirus<\/strong> en las \u00faltimas 24 horas.<\/p>\n\n\n\n<p>Seg\u00fan el reporte diario, ya son <strong>5.295.260<\/strong> los casos confirmados y <strong>116.083 las v\u00edctimas fatales<\/strong> en la Argentina. Los activos, en tanto, suman<strong> 17.805<\/strong> y las personas dadas de alta totalizan <strong>5.161.372.<\/strong><\/p>\n\n\n\n<p>Adem\u00e1s, la informaci\u00f3n oficial indic\u00f3 que durante las \u00faltimas 24 horas se realizaron <strong>41.748 pruebas<\/strong> para detectar la enfermedad, y ya son <strong>25.325.869 los testeos <\/strong>llevados a cabo en el pa\u00eds desde el inicio de la pandemia.<\/p>\n\n\n\n<p>Por otra parte, los pacientes que permanecen internados con<strong> Covid-19<\/strong> en las distintas unidades de <strong>terapia intensiva (UTI)<\/strong> del pa\u00eds son 603. En tanto que el porcentaje de ocupaci\u00f3n total de camas en las UTI adulto es del 35.7% a nivel nacional y del 39.9% en el<strong> \u00c1rea Metropolitana de Buenos Aires (AMBA).<\/strong><\/p>\n","protected":false},"excerpt":{"rendered":"<p>Ya son 5.295.260 los contagios y 116.083 las v\u00edctimas fatales desde el inicio de la pandemia. El Ministerio de Salud inform\u00f3 este viernes 1271 nuevos contagios y 28 muertos por coronavirus en las \u00faltimas 24 horas. Seg\u00fan el reporte diario, ya son 5.295.260 los casos confirmados y 116.083 las v\u00edctimas fatales en la Argentina. Los&hellip;<\/p>\n","protected":false},"author":1,"featured_media":109137,"comment_status":"open","ping_status":"open","sticky":false,"template":"","format":"standard","meta":{"footnotes":""},"categories":[23],"tags":[127,19938,32346,32627,2450,134],"class_list":["post-109136","post","type-post","status-publish","format-standard","has-post-thumbnail","hentry","category-salud","tag-argentina","tag-contagios","tag-coronavirus","tag-covid-19","tag-diario-el-sindical","tag-muertes"],"_links":{"self":[{"href":"https:\/\/www.elsindical.com.ar\/notas\/wp-json\/wp\/v2\/posts\/109136","targetHints":{"allow":["GET"]}}],"collection":[{"href":"https:\/\/www.elsindical.com.ar\/notas\/wp-json\/wp\/v2\/posts"}],"about":[{"href":"https:\/\/www.elsindical.com.ar\/notas\/wp-json\/wp\/v2\/types\/post"}],"author":[{"embeddable":true,"href":"https:\/\/www.elsindical.com.ar\/notas\/wp-json\/wp\/v2\/users\/1"}],"replies":[{"embeddable":true,"href":"https:\/\/www.elsindical.com.ar\/notas\/wp-json\/wp\/v2\/comments?post=109136"}],"version-history":[{"count":1,"href":"https:\/\/www.elsindical.com.ar\/notas\/wp-json\/wp\/v2\/posts\/109136\/revisions"}],"predecessor-version":[{"id":109138,"href":"https:\/\/www.elsindical.com.ar\/notas\/wp-json\/wp\/v2\/posts\/109136\/revisions\/109138"}],"wp:featuredmedia":[{"embeddable":true,"href":"https:\/\/www.elsindical.com.ar\/notas\/wp-json\/wp\/v2\/media\/109137"}],"wp:attachment":[{"href":"https:\/\/www.elsindical.com.ar\/notas\/wp-json\/wp\/v2\/media?parent=109136"}],"wp:term":[{"taxonomy":"category","embeddable":true,"href":"https:\/\/www.elsindical.com.ar\/notas\/wp-json\/wp\/v2\/categories?post=109136"},{"taxonomy":"post_tag","embeddable":true,"href":"https:\/\/www.elsindical.com.ar\/notas\/wp-json\/wp\/v2\/tags?post=109136"}],"curies":[{"name":"wp","href":"https:\/\/api.w.org\/{rel}","templated":true}]}}