{"id":109042,"date":"2021-11-03T18:56:23","date_gmt":"2021-11-03T21:56:23","guid":{"rendered":"https:\/\/www.elsindical.com.ar\/notas\/?p=109042"},"modified":"2021-11-03T18:56:25","modified_gmt":"2021-11-03T21:56:25","slug":"candidatos-a-concejales-de-quilmes-del-frente-de-randazzo-anunciaron-pase-al-fdt","status":"publish","type":"post","link":"https:\/\/www.elsindical.com.ar\/notas\/candidatos-a-concejales-de-quilmes-del-frente-de-randazzo-anunciaron-pase-al-fdt\/","title":{"rendered":"Candidatos a concejales de Quilmes del frente de Randazzo anunciaron pase al FdT"},"content":{"rendered":"\n<figure class=\"wp-block-image size-full\"><a href=\"https:\/\/www.elsindical.com.ar\/notas\/var\/www\/html\/notas\/wp-content\/uploads\/2021\/11\/Mayra-y-candidatos-de-Randazzo.jpg\"><img loading=\"lazy\" decoding=\"async\" width=\"900\" height=\"600\" src=\"https:\/\/www.elsindical.com.ar\/notas\/var\/www\/html\/notas\/wp-content\/uploads\/2021\/11\/Mayra-y-candidatos-de-Randazzo.jpg\" alt=\"\" class=\"wp-image-109043\" srcset=\"https:\/\/www.elsindical.com.ar\/notas\/var\/www\/html\/notas\/wp-content\/uploads\/2021\/11\/Mayra-y-candidatos-de-Randazzo.jpg 900w, https:\/\/www.elsindical.com.ar\/notas\/var\/www\/html\/notas\/wp-content\/uploads\/2021\/11\/Mayra-y-candidatos-de-Randazzo-300x200.jpg 300w, https:\/\/www.elsindical.com.ar\/notas\/var\/www\/html\/notas\/wp-content\/uploads\/2021\/11\/Mayra-y-candidatos-de-Randazzo-768x512.jpg 768w, https:\/\/www.elsindical.com.ar\/notas\/var\/www\/html\/notas\/wp-content\/uploads\/2021\/11\/Mayra-y-candidatos-de-Randazzo-450x300.jpg 450w\" sizes=\"auto, (max-width: 900px) 100vw, 900px\" \/><\/a><\/figure>\n\n\n\n<p>La intendenta de Quilmes, <strong>Mayra Mendoza,<\/strong> recibi\u00f3 hoy a integrantes de la lista de candidatos a concejales del frente <strong>\u201cVamos Con Vos\u201d,<\/strong> que responde al postulante Florencio Randazzo, quienes le comunicaron su decisi\u00f3n de renunciar a esa lista para apoyar al Frente de Todos (FdT) en el distrito, de cara a las legislativas del 14 de noviembre.<\/p>\n\n\n\n<p><strong>\u201cEl peronismo unido para no volver al pasado. \u00a1Mauricio Macri nunca m\u00e1s!\u201d,<\/strong> public\u00f3 Mayra Mendoza en Twitter tras el encuentro.<\/p>\n\n\n\n<p>Estuvieron presentes los excandidatos a concejales del randazzismo Patricia Maciel, Carlos Rodr\u00edguez, Silvana Rodr\u00edguez y la excandidata a consejera escolar Norma L\u00f3pez.<\/p>\n\n\n\n<p><strong>\u201cTuvimos una reuni\u00f3n con la intendenta para ver los trabajos que vamos a seguir de ac\u00e1 en adelante.<\/strong> Nosotros decidimos trabajar con Mayra por decisi\u00f3n nuestra, porque necesitamos que no llegue Macri de nuevo al poder\u201d, expres\u00f3 Maciel sobre la reuni\u00f3n, seg\u00fan se inform\u00f3 en un comunicado.<\/p>\n\n\n\n<p>Por su parte, Rodr\u00edguez indic\u00f3: \u201cEn el pa\u00eds se le dio una oportunidad a Macri durante cuatro a\u00f1os. Se le dio un barco que lo termin\u00f3 chocando lamentablemente e incendi\u00e1ndolo. Hoy seguimos pagando las consecuencias del aumento sideral que hubo\u201d, a\u00f1adi\u00f3.<\/p>\n","protected":false},"excerpt":{"rendered":"<p>La intendenta de Quilmes, Mayra Mendoza, recibi\u00f3 hoy a integrantes de la lista de candidatos a concejales del frente \u201cVamos Con Vos\u201d, que responde al postulante Florencio Randazzo, quienes le comunicaron su decisi\u00f3n de renunciar a esa lista para apoyar al Frente de Todos (FdT) en el distrito, de cara a las legislativas del 14&hellip;<\/p>\n","protected":false},"author":1,"featured_media":109043,"comment_status":"open","ping_status":"open","sticky":false,"template":"","format":"standard","meta":{"footnotes":""},"categories":[13],"tags":[828,2450,34736,1995,22025,684],"class_list":["post-109042","post","type-post","status-publish","format-standard","has-post-thumbnail","hentry","category-politica","tag-candidatos","tag-diario-el-sindical","tag-fdt","tag-florencio-randazzo","tag-politica","tag-quilmes"],"_links":{"self":[{"href":"https:\/\/www.elsindical.com.ar\/notas\/wp-json\/wp\/v2\/posts\/109042","targetHints":{"allow":["GET"]}}],"collection":[{"href":"https:\/\/www.elsindical.com.ar\/notas\/wp-json\/wp\/v2\/posts"}],"about":[{"href":"https:\/\/www.elsindical.com.ar\/notas\/wp-json\/wp\/v2\/types\/post"}],"author":[{"embeddable":true,"href":"https:\/\/www.elsindical.com.ar\/notas\/wp-json\/wp\/v2\/users\/1"}],"replies":[{"embeddable":true,"href":"https:\/\/www.elsindical.com.ar\/notas\/wp-json\/wp\/v2\/comments?post=109042"}],"version-history":[{"count":1,"href":"https:\/\/www.elsindical.com.ar\/notas\/wp-json\/wp\/v2\/posts\/109042\/revisions"}],"predecessor-version":[{"id":109044,"href":"https:\/\/www.elsindical.com.ar\/notas\/wp-json\/wp\/v2\/posts\/109042\/revisions\/109044"}],"wp:featuredmedia":[{"embeddable":true,"href":"https:\/\/www.elsindical.com.ar\/notas\/wp-json\/wp\/v2\/media\/109043"}],"wp:attachment":[{"href":"https:\/\/www.elsindical.com.ar\/notas\/wp-json\/wp\/v2\/media?parent=109042"}],"wp:term":[{"taxonomy":"category","embeddable":true,"href":"https:\/\/www.elsindical.com.ar\/notas\/wp-json\/wp\/v2\/categories?post=109042"},{"taxonomy":"post_tag","embeddable":true,"href":"https:\/\/www.elsindical.com.ar\/notas\/wp-json\/wp\/v2\/tags?post=109042"}],"curies":[{"name":"wp","href":"https:\/\/api.w.org\/{rel}","templated":true}]}}