{"id":108922,"date":"2021-10-29T22:54:56","date_gmt":"2021-10-30T01:54:56","guid":{"rendered":"https:\/\/www.elsindical.com.ar\/notas\/?p=108922"},"modified":"2021-10-29T23:01:53","modified_gmt":"2021-10-30T02:01:53","slug":"avellaneda-otro-robo-en-la-esquina-del-delito-en-gerli","status":"publish","type":"post","link":"https:\/\/www.elsindical.com.ar\/notas\/avellaneda-otro-robo-en-la-esquina-del-delito-en-gerli\/","title":{"rendered":"Avellaneda: Otro robo en la esquina del delito en Gerli"},"content":{"rendered":"\n<figure class=\"wp-block-image size-large\"><a href=\"https:\/\/www.elsindical.com.ar\/notas\/var\/www\/html\/notas\/wp-content\/uploads\/2021\/10\/robo-en-Gerli-Zappone.jpg\"><img loading=\"lazy\" decoding=\"async\" width=\"1024\" height=\"608\" src=\"https:\/\/www.elsindical.com.ar\/notas\/var\/www\/html\/notas\/wp-content\/uploads\/2021\/10\/robo-en-Gerli-Zappone-1024x608.jpg\" alt=\"\" class=\"wp-image-108923\" srcset=\"https:\/\/www.elsindical.com.ar\/notas\/var\/www\/html\/notas\/wp-content\/uploads\/2021\/10\/robo-en-Gerli-Zappone-1024x608.jpg 1024w, https:\/\/www.elsindical.com.ar\/notas\/var\/www\/html\/notas\/wp-content\/uploads\/2021\/10\/robo-en-Gerli-Zappone-300x178.jpg 300w, https:\/\/www.elsindical.com.ar\/notas\/var\/www\/html\/notas\/wp-content\/uploads\/2021\/10\/robo-en-Gerli-Zappone-768x456.jpg 768w, https:\/\/www.elsindical.com.ar\/notas\/var\/www\/html\/notas\/wp-content\/uploads\/2021\/10\/robo-en-Gerli-Zappone-500x297.jpg 500w, https:\/\/www.elsindical.com.ar\/notas\/var\/www\/html\/notas\/wp-content\/uploads\/2021\/10\/robo-en-Gerli-Zappone-1536x912.jpg 1536w, https:\/\/www.elsindical.com.ar\/notas\/var\/www\/html\/notas\/wp-content\/uploads\/2021\/10\/robo-en-Gerli-Zappone.jpg 1746w\" sizes=\"auto, (max-width: 1024px) 100vw, 1024px\" \/><\/a><\/figure>\n\n\n\n<p>       Hace muy poco informamos de un violento robo en Gerli a un vecino, en una esquina donde ya hubo varios robos y hasta un asesinato, lo que indigna a los vecinos es que en el lugar se encuentra un domo del municipio y una alarma comunitaria, ambos no han servido de nada y los delitos en esa cuadra siguen hasta que tengan otro muerto.<\/p>\n\n\n\n<p>Los cambios de jefe de la comisar\u00eda 6ta de Avellaneda no han mejorado nada y curiosamente el Jefe de Estaci\u00f3n el Comisario Mayor Gregorio Mart\u00ednez parece no poder controlar un par de cuadras para que los vecinos se sientan seguros.<\/p>\n\n\n\n<p>Pero las responsabilidades por la inseguridad no son solo de la polic\u00eda, sino tambi\u00e9n judiciales y pol\u00edticas, los fiscales del Polo Judicial de Avellaneda llevan a\u00f1os trabajando de una forma deficiente, los robos reiterados no son esclarecidos por falta de coordinaci\u00f3n y solo se dedican a apilar los expedientes y a esperar que las causas vayan al archivo, de esto el primer responsable es el Fiscal General de Avellaneda-Lan\u00fas Guillermo Castro Moure, quien dedica m\u00e1s tiempo a las actividades sociales que a llevar adelante con eficiencia el trabajo de los fiscales.<\/p>\n\n\n\n<p>Por el lado pol\u00edtico, es evidente que no hay inter\u00e9s alguno de mejorar la seguridad, eso s\u00ed, se gastan millones que no se pueden comprobar su destino para la compra de patrullas como si eso mejorara algo por s\u00ed solo, es sabido que el 70% de los patrulleros nuevos terminan da\u00f1ados en menos de un a\u00f1o.<\/p>\n\n\n\n<p>Esas puestas en escena de Ferraresi, Chornobroff y Magdalena Sierra sonriendo con los polic\u00edas de Avellaneda son una burla a los vecinos, como es muy sospechoso que el secretario de seguridad Marcelo Rey siga en su cargo y ascienda a pesar de haber demostrado ser totalmente ineficiente y sumar m\u00e1s denuncias que agradecimientos.<\/p>\n\n\n\n<p>En la noche del viernes 29 promediando las 20:00 hs. gritos en la calle alertaron a los vecinos, tres j\u00f3venes, dos hombres y una mujer rompieron la ventana de un domicilio y un grupo de muchachos al verlos ingresar comenzaron a gritar lo que puso a los delincuentes en fuga. Se ignoraba si robaron alguna pertenencia u objeto ya que los due\u00f1os de casa no se encontraban en ese momento.<\/p>\n\n\n\n<p>Gracias a las c\u00e1maras de seguridad particulares se pudo ver a los delincuentes huyendo y son muy f\u00e1ciles de identificar,  pero es evidente que la zona se encuentra liberada para los \u00abkioscos de drogas\u00bb, lo que hace que ronden los adictos para comprar sus drogas y delinquir.<\/p>\n\n\n\n<p>Mientras Julio Conte Grand con su inacci\u00f3n c\u00f3mplice m\u00e1s que nunca preside la Narco Procuraci\u00f3n de la Provincia de Buenos Aires.<\/p>\n\n\n\n<figure class=\"wp-block-embed is-type-video is-provider-youtube wp-block-embed-youtube wp-embed-aspect-16-9 wp-has-aspect-ratio\"><div class=\"wp-block-embed__wrapper\">\n<iframe loading=\"lazy\" title=\"Avellaneda: Otro robo en la esquina del delito en Gerli\" width=\"700\" height=\"394\" src=\"https:\/\/www.youtube.com\/embed\/guJzJ2PhMPM?feature=oembed\" frameborder=\"0\" allow=\"accelerometer; autoplay; clipboard-write; encrypted-media; gyroscope; picture-in-picture\" allowfullscreen><\/iframe>\n<\/div><\/figure>\n\n\n\n<p>Por Marcelo Ricardo Hawrylciw<\/p>\n","protected":false},"excerpt":{"rendered":"<p>Hace muy poco informamos de un violento robo en Gerli a un vecino, en una esquina donde ya hubo varios robos y hasta un asesinato, lo que indigna a los vecinos es que en el lugar se encuentra un domo del municipio y una alarma comunitaria, ambos no han servido de nada y los delitos&hellip;<\/p>\n","protected":false},"author":1,"featured_media":108923,"comment_status":"open","ping_status":"open","sticky":false,"template":"","format":"standard","meta":{"footnotes":""},"categories":[22],"tags":[30014,461,34470,2450,34191,1662,984,1062,16519,21958,32003,35835],"class_list":["post-108922","post","type-post","status-publish","format-standard","has-post-thumbnail","hentry","category-policiales","tag-alejo-chornobroff","tag-avellaneda","tag-comisario-mayor-gregorio-martinez","tag-diario-el-sindical","tag-fiscal-general-guillermo-castro-moure","tag-gerli","tag-inseguridad","tag-jorge-ferraresi","tag-magdalena-sierra","tag-marcelo-rey","tag-procurador-general-julio-conte-grand","tag-ro"],"_links":{"self":[{"href":"https:\/\/www.elsindical.com.ar\/notas\/wp-json\/wp\/v2\/posts\/108922","targetHints":{"allow":["GET"]}}],"collection":[{"href":"https:\/\/www.elsindical.com.ar\/notas\/wp-json\/wp\/v2\/posts"}],"about":[{"href":"https:\/\/www.elsindical.com.ar\/notas\/wp-json\/wp\/v2\/types\/post"}],"author":[{"embeddable":true,"href":"https:\/\/www.elsindical.com.ar\/notas\/wp-json\/wp\/v2\/users\/1"}],"replies":[{"embeddable":true,"href":"https:\/\/www.elsindical.com.ar\/notas\/wp-json\/wp\/v2\/comments?post=108922"}],"version-history":[{"count":2,"href":"https:\/\/www.elsindical.com.ar\/notas\/wp-json\/wp\/v2\/posts\/108922\/revisions"}],"predecessor-version":[{"id":108925,"href":"https:\/\/www.elsindical.com.ar\/notas\/wp-json\/wp\/v2\/posts\/108922\/revisions\/108925"}],"wp:featuredmedia":[{"embeddable":true,"href":"https:\/\/www.elsindical.com.ar\/notas\/wp-json\/wp\/v2\/media\/108923"}],"wp:attachment":[{"href":"https:\/\/www.elsindical.com.ar\/notas\/wp-json\/wp\/v2\/media?parent=108922"}],"wp:term":[{"taxonomy":"category","embeddable":true,"href":"https:\/\/www.elsindical.com.ar\/notas\/wp-json\/wp\/v2\/categories?post=108922"},{"taxonomy":"post_tag","embeddable":true,"href":"https:\/\/www.elsindical.com.ar\/notas\/wp-json\/wp\/v2\/tags?post=108922"}],"curies":[{"name":"wp","href":"https:\/\/api.w.org\/{rel}","templated":true}]}}