{"id":108900,"date":"2021-10-28T23:34:31","date_gmt":"2021-10-29T02:34:31","guid":{"rendered":"https:\/\/www.elsindical.com.ar\/notas\/?p=108900"},"modified":"2021-10-28T23:34:32","modified_gmt":"2021-10-29T02:34:32","slug":"florencio-varela-muerte-y-escandalo-en-el-hospital-el-cruce","status":"publish","type":"post","link":"https:\/\/www.elsindical.com.ar\/notas\/florencio-varela-muerte-y-escandalo-en-el-hospital-el-cruce\/","title":{"rendered":"Florencio Varela: Muerte y esc\u00e1ndalo en el Hospital el Cruce"},"content":{"rendered":"\n<figure class=\"wp-block-image size-large\"><a href=\"https:\/\/www.elsindical.com.ar\/notas\/var\/www\/html\/notas\/wp-content\/uploads\/2021\/10\/enfermera-Daiana-Musso.jpg\"><img loading=\"lazy\" decoding=\"async\" width=\"1024\" height=\"576\" src=\"https:\/\/www.elsindical.com.ar\/notas\/var\/www\/html\/notas\/wp-content\/uploads\/2021\/10\/enfermera-Daiana-Musso-1024x576.jpg\" alt=\"\" class=\"wp-image-108901\" srcset=\"https:\/\/www.elsindical.com.ar\/notas\/var\/www\/html\/notas\/wp-content\/uploads\/2021\/10\/enfermera-Daiana-Musso-1024x576.jpg 1024w, https:\/\/www.elsindical.com.ar\/notas\/var\/www\/html\/notas\/wp-content\/uploads\/2021\/10\/enfermera-Daiana-Musso-300x169.jpg 300w, https:\/\/www.elsindical.com.ar\/notas\/var\/www\/html\/notas\/wp-content\/uploads\/2021\/10\/enfermera-Daiana-Musso-768x432.jpg 768w, https:\/\/www.elsindical.com.ar\/notas\/var\/www\/html\/notas\/wp-content\/uploads\/2021\/10\/enfermera-Daiana-Musso-500x281.jpg 500w, https:\/\/www.elsindical.com.ar\/notas\/var\/www\/html\/notas\/wp-content\/uploads\/2021\/10\/enfermera-Daiana-Musso-1536x864.jpg 1536w, https:\/\/www.elsindical.com.ar\/notas\/var\/www\/html\/notas\/wp-content\/uploads\/2021\/10\/enfermera-Daiana-Musso-460x260.jpg 460w, https:\/\/www.elsindical.com.ar\/notas\/var\/www\/html\/notas\/wp-content\/uploads\/2021\/10\/enfermera-Daiana-Musso.jpg 1920w\" sizes=\"auto, (max-width: 1024px) 100vw, 1024px\" \/><\/a><\/figure>\n\n\n\n<p>Una trabajadora del Hospital El Cruce fue hallada sin vida dentro del nosocomio, hecho que causa conmoci\u00f3n en la comunidad de ese nosocomio. Si bien la justicia intenta determinar lo ocurrido, se cree que la mujer habr\u00eda tomado la decisi\u00f3n de quitarse la vida.<\/p>\n\n\n\n<p>El hecho se conoci\u00f3 este mi\u00e9rcoles, cuando la Licenciada Daiana Musso, quien se desempe\u00f1aba en el \u00e1rea de Diagn\u00f3stico por Im\u00e1genes del Hospital de <strong>Florencio Varela<\/strong>, fue hallada sin vida dentro de un ba\u00f1o de ese nosocomio.<\/p>\n\n\n\n<h5 class=\"wp-block-heading\"><strong>De acuerdo con las fuentes, fue una compa\u00f1era quien encontr\u00f3 el cuerpo, tras forzar la puerta del ba\u00f1o dado que el cuerpo de Daiana la trababa desde adentro.<\/strong><\/h5>\n\n\n\n<p>\u00abProfundo dolor por el fallecimiento de una trabajadora del HEC. Ayer, 27 de octubre falleci\u00f3 nuestra compa\u00f1era de trabajo, la Licenciada Daiana Musso de 28 a\u00f1os, quien se desempe\u00f1aba como enfermera en el servicio de Diagn\u00f3stico por Im\u00e1genes. Las autoridades del Hospital El Cruce expresan sus condolencias a la familia y a todos sus compa\u00f1eros de trabajo\u00bb, indicaron en un comunicado desde el Hospital El Cruce.<\/p>\n\n\n\n<p>Si bien la Justicia caratul\u00f3 la investigaci\u00f3n como \u00abAveriguaci\u00f3n causales de muerte\u00bb, existen denuncias acerca de que la v\u00edctima era obligada a trabajar estando enferma y que se enfrentaba a una situaci\u00f3n de precarizaci\u00f3n laboral. As\u00ed lo denunciaron en las \u00faltimas horas desde la agrupaci\u00f3n&nbsp;<strong>Las Rojas UNAJ<\/strong> (Musso era egresada de la Universidad Nacional Arturo Jauretche).<\/p>\n\n\n\n<h4 class=\"wp-block-heading\"><strong>Denuncia de precarizaci\u00f3n en el hospital El Cruce<\/strong><\/h4>\n\n\n\n<p>\u00abJusticia por Daiana y toda la primera l\u00ednea ! Basta de precarizaci\u00f3n del personal de salud. Desde la agrupaci\u00f3n <strong>Ya Basta<\/strong> lamentamos profundamente el suicidio de la enfermera Daiana Musso y acompa\u00f1amos en este duro momento a sus compa\u00f1eras de trabajo, familiares y amigos\u00bb, indicaron desde Ya Basta \u2013 Las Rojas.<\/p>\n\n\n\n<p>\u00abNo fue un hecho individual. Daiana era obligada a trabajar estando enferma, sin ning\u00fan tipo de cuidado ni asistencia por parte de las autoridades del HEC\u00bb, indicaron. En ese sentido, a\u00f1adieron que la joven \u00abNo solo se enfrentaba a la pandemia, se enfrentaba a la precarizaci\u00f3n, a los salarios de hambre, al vaciamiento presupuestario de la salud p\u00fablica\u00bb. \u00abQue su muerte no sea en vano! Exigimos la urgente investigaci\u00f3n de los hechos que desencadenaron en esta determinaci\u00f3n y que se destine de inmediato presupuesto de emergencia a la salud p\u00fablica aumentando el piso salarial a 100.000 pesos, pasando a planta permanente a contratados y resolviendo los problemas de infraestructura\u00bb, pidieron. \u00abBasta de jugar con las vidas de la primera l\u00ednea!! Justicia por Daiana! El estado y las autoridades del hospital son responsables\u00bb, acusaron.<\/p>\n","protected":false},"excerpt":{"rendered":"<p>Una trabajadora del Hospital El Cruce fue hallada sin vida dentro del nosocomio, hecho que causa conmoci\u00f3n en la comunidad de ese nosocomio. Si bien la justicia intenta determinar lo ocurrido, se cree que la mujer habr\u00eda tomado la decisi\u00f3n de quitarse la vida. El hecho se conoci\u00f3 este mi\u00e9rcoles, cuando la Licenciada Daiana Musso,&hellip;<\/p>\n","protected":false},"author":1,"featured_media":108901,"comment_status":"open","ping_status":"open","sticky":false,"template":"","format":"standard","meta":{"footnotes":""},"categories":[6,22],"tags":[35821,2450,9247,1307,5005,35820],"class_list":["post-108900","post","type-post","status-publish","format-standard","has-post-thumbnail","hentry","category-denuncias","category-policiales","tag-daiana-musso","tag-diario-el-sindical","tag-enfermera","tag-florencio-varela","tag-hospital-el-cruce","tag-las-rojas-unaj"],"_links":{"self":[{"href":"https:\/\/www.elsindical.com.ar\/notas\/wp-json\/wp\/v2\/posts\/108900","targetHints":{"allow":["GET"]}}],"collection":[{"href":"https:\/\/www.elsindical.com.ar\/notas\/wp-json\/wp\/v2\/posts"}],"about":[{"href":"https:\/\/www.elsindical.com.ar\/notas\/wp-json\/wp\/v2\/types\/post"}],"author":[{"embeddable":true,"href":"https:\/\/www.elsindical.com.ar\/notas\/wp-json\/wp\/v2\/users\/1"}],"replies":[{"embeddable":true,"href":"https:\/\/www.elsindical.com.ar\/notas\/wp-json\/wp\/v2\/comments?post=108900"}],"version-history":[{"count":1,"href":"https:\/\/www.elsindical.com.ar\/notas\/wp-json\/wp\/v2\/posts\/108900\/revisions"}],"predecessor-version":[{"id":108902,"href":"https:\/\/www.elsindical.com.ar\/notas\/wp-json\/wp\/v2\/posts\/108900\/revisions\/108902"}],"wp:featuredmedia":[{"embeddable":true,"href":"https:\/\/www.elsindical.com.ar\/notas\/wp-json\/wp\/v2\/media\/108901"}],"wp:attachment":[{"href":"https:\/\/www.elsindical.com.ar\/notas\/wp-json\/wp\/v2\/media?parent=108900"}],"wp:term":[{"taxonomy":"category","embeddable":true,"href":"https:\/\/www.elsindical.com.ar\/notas\/wp-json\/wp\/v2\/categories?post=108900"},{"taxonomy":"post_tag","embeddable":true,"href":"https:\/\/www.elsindical.com.ar\/notas\/wp-json\/wp\/v2\/tags?post=108900"}],"curies":[{"name":"wp","href":"https:\/\/api.w.org\/{rel}","templated":true}]}}