{"id":108893,"date":"2021-10-28T17:17:21","date_gmt":"2021-10-28T20:17:21","guid":{"rendered":"https:\/\/www.elsindical.com.ar\/notas\/?p=108893"},"modified":"2021-10-28T17:54:55","modified_gmt":"2021-10-28T20:54:55","slug":"dolores-papelon-judicial-y-politico-en-la-indagatoria-que-no-fue-de-mauricio-macri","status":"publish","type":"post","link":"https:\/\/www.elsindical.com.ar\/notas\/dolores-papelon-judicial-y-politico-en-la-indagatoria-que-no-fue-de-mauricio-macri\/","title":{"rendered":"Dolores: Papel\u00f3n judicial y pol\u00edtico en la indagatoria que no fue, de Mauricio Macri"},"content":{"rendered":"\n<div class=\"wp-block-image\"><figure class=\"aligncenter size-full\"><a href=\"https:\/\/www.elsindical.com.ar\/notas\/var\/www\/html\/notas\/wp-content\/uploads\/2021\/10\/indagatoria-Macri-en-Dolores.jpg\"><img loading=\"lazy\" decoding=\"async\" width=\"730\" height=\"487\" src=\"https:\/\/www.elsindical.com.ar\/notas\/var\/www\/html\/notas\/wp-content\/uploads\/2021\/10\/indagatoria-Macri-en-Dolores.jpg\" alt=\"\" class=\"wp-image-108894\" srcset=\"https:\/\/www.elsindical.com.ar\/notas\/var\/www\/html\/notas\/wp-content\/uploads\/2021\/10\/indagatoria-Macri-en-Dolores.jpg 730w, https:\/\/www.elsindical.com.ar\/notas\/var\/www\/html\/notas\/wp-content\/uploads\/2021\/10\/indagatoria-Macri-en-Dolores-300x200.jpg 300w, https:\/\/www.elsindical.com.ar\/notas\/var\/www\/html\/notas\/wp-content\/uploads\/2021\/10\/indagatoria-Macri-en-Dolores-450x300.jpg 450w\" sizes=\"auto, (max-width: 730px) 100vw, 730px\" \/><\/a><\/figure><\/div>\n\n\n\n<p>       Con un circo medi\u00e1tico del macrismo que intent\u00f3 una marcha en apoyo al ex presidente Mauricio Macri que deb\u00eda declarar en calidad de indagado ante el Juez federal Mart\u00edn Bava que investiga la causa por el espionaje a los familiares de las 44 v\u00edctimas del ARA San Juan, termin\u00f3 siendo un papel\u00f3n judicial y Mauricio Macri el \u00fanico beneficiado.<\/p>\n\n\n\n<p>Todos trabajan para obtener la impunidad de Mauricio Macri quien tiene como defensor al pol\u00e9mico ex fiscal Pablo Jorge Lanusse, quien ahora se muestra como un ac\u00e9rrimo anti k, pero fue de los primeros fiscales en participar de la pol\u00edtica y justo en gobierno de N\u00e9stor Kirchner. Lanusse no solo conoce las \u00abtrampas\u00bb judiciales y pol\u00edticas, sino que posee un conocimiento amplio del sector de inteligencia y espionaje del que curiosamente pocos hacen referencia.<\/p>\n\n\n\n<p>La causa en s\u00ed ya es un \u00abmamarracho\u00bb, el fiscal federal siempre del lado de la defensa de los imputados, avalando sus pedidos, pero alejado de la funci\u00f3n principal de los fiscales que es la de velar por la legalidad de los actos procesales, algo que en esta causa no se aprecia.<\/p>\n\n\n\n<p>El rol de Lanusse es pat\u00e9tico, toda la \u00e9tica que siempre pregon\u00f3 la despilfarra con cada intervenci\u00f3n en la que sale a lanzar defensas medi\u00e1ticas para la tribuna, pero se aparta de la b\u00fasqueda de la verdad y no tiene problemas en mentir, en eso comparten la cara bien dura con Mauricio Macri.<\/p>\n\n\n\n<p>Por el lado del circo pol\u00edtico, la marcha en apoyo fue un fiasco, si se descuentan los funcionarios, el personal policial y de seguridad no tuvieron ni 100 personas en apoyo, el mismo Mauricio Macri ante el panorama desolador no tuvo mejor idea que mentir, al afirmar que miles estaban demorados en las rutas por repentinos controles policiales que justo hoy se realizaban, sus dichos inmediatamente fueron desmentidos por los periodistas que cubr\u00edan la ciudad de Dolores, torpe y rid\u00edcula la posici\u00f3n en la que solo qued\u00f3 Macri que sin esas declaraciones hubiera quedado mejor parado ante el papel\u00f3n judicial.<\/p>\n\n\n\n<p>Incluso las querellas parecen no haber advertido la irregularidad que termin\u00f3 motivando la suspensi\u00f3n de la indagatoria.<\/p>\n\n\n\n<div class=\"wp-block-image\"><figure class=\"aligncenter size-full is-resized\"><a href=\"https:\/\/www.elsindical.com.ar\/notas\/var\/www\/html\/notas\/wp-content\/uploads\/2021\/10\/Anibal-y-Lanusse.jpg\"><img loading=\"lazy\" decoding=\"async\" src=\"https:\/\/www.elsindical.com.ar\/notas\/var\/www\/html\/notas\/wp-content\/uploads\/2021\/10\/Anibal-y-Lanusse.jpg\" alt=\"\" class=\"wp-image-108896\" width=\"741\" height=\"451\" srcset=\"https:\/\/www.elsindical.com.ar\/notas\/var\/www\/html\/notas\/wp-content\/uploads\/2021\/10\/Anibal-y-Lanusse.jpg 600w, https:\/\/www.elsindical.com.ar\/notas\/var\/www\/html\/notas\/wp-content\/uploads\/2021\/10\/Anibal-y-Lanusse-300x183.jpg 300w, https:\/\/www.elsindical.com.ar\/notas\/var\/www\/html\/notas\/wp-content\/uploads\/2021\/10\/Anibal-y-Lanusse-493x300.jpg 493w\" sizes=\"auto, (max-width: 741px) 100vw, 741px\" \/><\/a><\/figure><\/div>\n\n\n\n<p>Por Marcelo Ricardo Hawrylciw<\/p>\n","protected":false},"excerpt":{"rendered":"<p>Con un circo medi\u00e1tico del macrismo que intent\u00f3 una marcha en apoyo al ex presidente Mauricio Macri que deb\u00eda declarar en calidad de indagado ante el Juez federal Mart\u00edn Bava que investiga la causa por el espionaje a los familiares de las 44 v\u00edctimas del ARA San Juan, termin\u00f3 siendo un papel\u00f3n judicial y Mauricio&hellip;<\/p>\n","protected":false},"author":1,"featured_media":108894,"comment_status":"open","ping_status":"open","sticky":false,"template":"","format":"standard","meta":{"footnotes":""},"categories":[10,20],"tags":[2450,4802,1983,16248,76,3820,22025],"class_list":["post-108893","post","type-post","status-publish","format-standard","has-post-thumbnail","hentry","category-editorial","category-judiciales","tag-diario-el-sindical","tag-dolores","tag-indagatoria","tag-juez-federal-martin-bava","tag-mauricio-macri","tag-pablo-jorge-lanusse","tag-politica"],"_links":{"self":[{"href":"https:\/\/www.elsindical.com.ar\/notas\/wp-json\/wp\/v2\/posts\/108893","targetHints":{"allow":["GET"]}}],"collection":[{"href":"https:\/\/www.elsindical.com.ar\/notas\/wp-json\/wp\/v2\/posts"}],"about":[{"href":"https:\/\/www.elsindical.com.ar\/notas\/wp-json\/wp\/v2\/types\/post"}],"author":[{"embeddable":true,"href":"https:\/\/www.elsindical.com.ar\/notas\/wp-json\/wp\/v2\/users\/1"}],"replies":[{"embeddable":true,"href":"https:\/\/www.elsindical.com.ar\/notas\/wp-json\/wp\/v2\/comments?post=108893"}],"version-history":[{"count":2,"href":"https:\/\/www.elsindical.com.ar\/notas\/wp-json\/wp\/v2\/posts\/108893\/revisions"}],"predecessor-version":[{"id":108897,"href":"https:\/\/www.elsindical.com.ar\/notas\/wp-json\/wp\/v2\/posts\/108893\/revisions\/108897"}],"wp:featuredmedia":[{"embeddable":true,"href":"https:\/\/www.elsindical.com.ar\/notas\/wp-json\/wp\/v2\/media\/108894"}],"wp:attachment":[{"href":"https:\/\/www.elsindical.com.ar\/notas\/wp-json\/wp\/v2\/media?parent=108893"}],"wp:term":[{"taxonomy":"category","embeddable":true,"href":"https:\/\/www.elsindical.com.ar\/notas\/wp-json\/wp\/v2\/categories?post=108893"},{"taxonomy":"post_tag","embeddable":true,"href":"https:\/\/www.elsindical.com.ar\/notas\/wp-json\/wp\/v2\/tags?post=108893"}],"curies":[{"name":"wp","href":"https:\/\/api.w.org\/{rel}","templated":true}]}}