{"id":10889,"date":"2010-11-18T13:13:46","date_gmt":"2010-11-18T16:13:46","guid":{"rendered":"http:\/\/www.elsindical.com.ar\/notas\/?p=10889"},"modified":"2010-11-18T13:13:55","modified_gmt":"2010-11-18T16:13:55","slug":"un-hombre-podria-ser-condenado-por-violar-un-e-mail","status":"publish","type":"post","link":"https:\/\/www.elsindical.com.ar\/notas\/un-hombre-podria-ser-condenado-por-violar-un-e-mail\/","title":{"rendered":"Un hombre podr\u00eda ser condenado por violar un e-mail"},"content":{"rendered":"<p style=\"text-align: justify;\"><em><a href=\"http:\/\/www.elsindical.com.ar\/notas\/var\/www\/html\/notas\/wp-content\/uploads\/2010\/10\/email-gen\u00e9rico.jpg\"><img loading=\"lazy\" decoding=\"async\" class=\"alignleft size-full wp-image-9982\" title=\"email-gen\u00e9rico\" src=\"http:\/\/www.elsindical.com.ar\/notas\/var\/www\/html\/notas\/wp-content\/uploads\/2010\/10\/email-gen\u00e9rico.jpg\" alt=\"\" width=\"236\" height=\"158\" \/><\/a>La Justicia dej\u00f3 sin efecto el sobreseimiento a un trabajador acusado de entrar a la casilla de correo de un compa\u00f1ero y <strong>difundir informaci\u00f3n privada<\/strong>. Podr\u00eda ser castigado con <strong>un a\u00f1o de prisi\u00f3n.<\/strong><\/em><\/p>\n<p id=\"cuerpoNota\" style=\"text-align: justify;\"><strong>La Justicia revoc\u00f3 el sobreseimiento a favor de un acusado de haber violado la casilla de e-mail de un compa\u00f1ero de trabajo y difundir su contenido entre el resto del personal<\/strong>.<\/p>\n<p>La Sala S\u00e9ptima de la C\u00e1mara del Crimen, con las firmas de los jueces Mauro Divito y Juan Cicciaro, dej\u00f3 sin efecto el sobreseimiento dictado en primera instancia por la jueza en lo correccional Graciela Sarada Angulo.<\/p>\n<p>Seg\u00fan constancias de la causa \u00abentre el 31 de mayo y 1 de junio pasados <strong>Guillermo Claudio Gresia no pudo ingresar a su casilla de correo electr\u00f3nico a ra\u00edz de que Mart\u00edn Mendiguren habr\u00eda cambiado su clave de acceso y que ello motiv\u00f3 la difusi\u00f3n de informaci\u00f3n privada y laboral al d\u00eda siguiente en la instituci\u00f3n en que se desempe\u00f1aba<\/strong>\u00ab.<\/p>\n<p>Esa informaci\u00f3n \u00abs\u00f3lo pudo filtrarse con la exclusiva lectura directa de la casilla\u00bb, sostiene el fallo.<\/p>\n<p>Para la C\u00e1mara, est\u00e1 en juego la posibilidad de los <strong>delitos <\/strong>contemplados en los art\u00edculos 153 y 153 bis del C\u00f3digo Penal. El art\u00edculo 153 establece que \u00abser\u00e1 reprimido con prisi\u00f3n de <strong>15 d\u00edas a seis meses <\/strong>el que abriere o accediere indebidamente a una comunicaci\u00f3n electr\u00f3nica, una carta, un pliego cerrado, un despacho telegr\u00e1fico, telef\u00f3nico o de otra naturaleza, que no le est\u00e9<br \/>\ndirigido\u00bb.<\/p>\n<p>Pero \u00abla pena ser\u00e1 de prisi\u00f3n de <strong>un mes a un a\u00f1o <\/strong>si el autor adem\u00e1s comunicare a otro o publicare el contenido de la carta, escrito, despacho o comunicaci\u00f3n electr\u00f3nica\u00bb.<\/p>\n<p>El art\u00edculo 153 bis, por su parte, reprime con la misma pena a quien \u00aba sabiendas accediere por cualquier medio, sin la debida autorizaci\u00f3n o excediendo la que posea, a un sistema o dato inform\u00e1tico de acceso restringido\u00bb.<\/p>\n<p>La C\u00e1mara revoc\u00f3 el sobreseimiento y <strong>devolvi\u00f3 la causa a primera instancia, para que contin\u00fae la investigaci\u00f3n.<\/strong><\/p>\n<p style=\"text-align: justify;\">Fuente: DyN<\/p>\n","protected":false},"excerpt":{"rendered":"<p>La Justicia dej\u00f3 sin efecto el sobreseimiento a un trabajador acusado de entrar a la casilla de correo de un compa\u00f1ero y difundir informaci\u00f3n privada. Podr\u00eda ser castigado con un a\u00f1o de prisi\u00f3n. La Justicia revoc\u00f3 el sobreseimiento a favor de un acusado de haber violado la casilla de e-mail de un compa\u00f1ero de trabajo&hellip;<\/p>\n","protected":false},"author":1,"featured_media":0,"comment_status":"open","ping_status":"open","sticky":false,"template":"","format":"standard","meta":{"footnotes":""},"categories":[20],"tags":[5175,5176,5173,5177,5178,5174,4558],"class_list":["post-10889","post","type-post","status-publish","format-standard","hentry","category-judiciales","tag-camara-nacional-del-crimen","tag-castigo","tag-email","tag-guillermo-claudio-gresia","tag-martin-mendiguren","tag-sobreseimiento","tag-trabajador"],"_links":{"self":[{"href":"https:\/\/www.elsindical.com.ar\/notas\/wp-json\/wp\/v2\/posts\/10889","targetHints":{"allow":["GET"]}}],"collection":[{"href":"https:\/\/www.elsindical.com.ar\/notas\/wp-json\/wp\/v2\/posts"}],"about":[{"href":"https:\/\/www.elsindical.com.ar\/notas\/wp-json\/wp\/v2\/types\/post"}],"author":[{"embeddable":true,"href":"https:\/\/www.elsindical.com.ar\/notas\/wp-json\/wp\/v2\/users\/1"}],"replies":[{"embeddable":true,"href":"https:\/\/www.elsindical.com.ar\/notas\/wp-json\/wp\/v2\/comments?post=10889"}],"version-history":[{"count":2,"href":"https:\/\/www.elsindical.com.ar\/notas\/wp-json\/wp\/v2\/posts\/10889\/revisions"}],"predecessor-version":[{"id":10891,"href":"https:\/\/www.elsindical.com.ar\/notas\/wp-json\/wp\/v2\/posts\/10889\/revisions\/10891"}],"wp:attachment":[{"href":"https:\/\/www.elsindical.com.ar\/notas\/wp-json\/wp\/v2\/media?parent=10889"}],"wp:term":[{"taxonomy":"category","embeddable":true,"href":"https:\/\/www.elsindical.com.ar\/notas\/wp-json\/wp\/v2\/categories?post=10889"},{"taxonomy":"post_tag","embeddable":true,"href":"https:\/\/www.elsindical.com.ar\/notas\/wp-json\/wp\/v2\/tags?post=10889"}],"curies":[{"name":"wp","href":"https:\/\/api.w.org\/{rel}","templated":true}]}}