{"id":108838,"date":"2021-10-27T00:11:54","date_gmt":"2021-10-27T03:11:54","guid":{"rendered":"https:\/\/www.elsindical.com.ar\/notas\/?p=108838"},"modified":"2021-10-27T00:11:55","modified_gmt":"2021-10-27T03:11:55","slug":"el-empleo-publico-aumento-su-ritmo-de-crecimiento-en-pandemia","status":"publish","type":"post","link":"https:\/\/www.elsindical.com.ar\/notas\/el-empleo-publico-aumento-su-ritmo-de-crecimiento-en-pandemia\/","title":{"rendered":"El empleo p\u00fablico aument\u00f3 su ritmo de crecimiento en Pandemia"},"content":{"rendered":"\n<figure class=\"wp-block-image size-large\"><a href=\"https:\/\/www.elsindical.com.ar\/notas\/var\/www\/html\/notas\/wp-content\/uploads\/2021\/10\/Frente-Ministerio-de-Trabajo-de-la-Nacion.jpg\"><img loading=\"lazy\" decoding=\"async\" width=\"1024\" height=\"501\" src=\"https:\/\/www.elsindical.com.ar\/notas\/var\/www\/html\/notas\/wp-content\/uploads\/2021\/10\/Frente-Ministerio-de-Trabajo-de-la-Nacion-1024x501.jpg\" alt=\"\" class=\"wp-image-108839\" srcset=\"https:\/\/www.elsindical.com.ar\/notas\/var\/www\/html\/notas\/wp-content\/uploads\/2021\/10\/Frente-Ministerio-de-Trabajo-de-la-Nacion-1024x501.jpg 1024w, https:\/\/www.elsindical.com.ar\/notas\/var\/www\/html\/notas\/wp-content\/uploads\/2021\/10\/Frente-Ministerio-de-Trabajo-de-la-Nacion-300x147.jpg 300w, https:\/\/www.elsindical.com.ar\/notas\/var\/www\/html\/notas\/wp-content\/uploads\/2021\/10\/Frente-Ministerio-de-Trabajo-de-la-Nacion-768x376.jpg 768w, https:\/\/www.elsindical.com.ar\/notas\/var\/www\/html\/notas\/wp-content\/uploads\/2021\/10\/Frente-Ministerio-de-Trabajo-de-la-Nacion-500x245.jpg 500w, https:\/\/www.elsindical.com.ar\/notas\/var\/www\/html\/notas\/wp-content\/uploads\/2021\/10\/Frente-Ministerio-de-Trabajo-de-la-Nacion-1536x751.jpg 1536w, https:\/\/www.elsindical.com.ar\/notas\/var\/www\/html\/notas\/wp-content\/uploads\/2021\/10\/Frente-Ministerio-de-Trabajo-de-la-Nacion.jpg 2000w\" sizes=\"auto, (max-width: 1024px) 100vw, 1024px\" \/><\/a><\/figure>\n\n\n\n<p>Desde diciembre del 2017, el empleo p\u00fablico creci\u00f3 en 131.805 puestos, mientras que se perdieron 385.042 empleos privados, seg\u00fan la Fundaci\u00f3n Libertad y Progreso.<\/p>\n\n\n\n<p>El empleo p\u00fablico aument\u00f3 su ritmo de crecimiento durante la pandemia, con la creaci\u00f3n de casi 90 mil puestos en la esfera estatal, advirti\u00f3 un informe de la Fundaci\u00f3n Libertad y Progreso que se\u00f1ala que \u201ca pesar de que no hubo crecimiento econ\u00f3mico, los empleos p\u00fablicos aumentan, lo que configura m\u00e1s presi\u00f3n sobre un gasto que se financia con emisi\u00f3n\u201d.<\/p>\n\n\n\n<p>Seg\u00fan datos del Ministerio de Trabajo, desde que empez\u00f3 la pandemia 89.247 asalariados privados perdieron su empleo, lo que representa una ca\u00edda del 1,5% del empleo privado, mientras que se crearon 86.025 empleos p\u00fablicos, marcando una suba del 2,7% en este sector.<\/p>\n\n\n\n<p>\u201cLa grieta entre el sector p\u00fablico y el privado se profundiz\u00f3 con el Covid-19, aunque ello no es exclusivo de esta gesti\u00f3n, pues el punto de inflexi\u00f3n fue la crisis de confianza en 2018\u201d, indic\u00f3 la entidad que precisa que desde diciembre del 2017, el empleo p\u00fablico creci\u00f3 en 131.805 puestos, mientras que se perdieron 385.042 empleos privados por lo que si bien el primero aument\u00f3 su planta casi a la par de la ca\u00edda del segundo, no logr\u00f3 recuperar los empleos perdidos.<\/p>\n\n\n\n<p>En porcentaje, el empleo privado cay\u00f3 6,1% en simult\u00e1neo al crecimiento del 4,2% del p\u00fablico.<\/p>\n\n\n\n<p>En t\u00e9rminos interanuales, al observar la serie con estacionalidad, puede notarse que el empleo p\u00fablico creci\u00f3 3,1% este a\u00f1o, la mayor suba interanual desde junio del 2016.<\/p>\n\n\n\n<p>Diego Piccardo, economista en la Fundaci\u00f3n Libertad y Progreso, indic\u00f3 que los gobiernos fueron decisivos en este detrimento.<\/p>\n\n\n\n<p>\u201cLos datos muestran que, a la hora de enfrentar una crisis, es el sector privado el que termina realizando el ajuste mientras que el p\u00fablico sigue contratando trabajadores\u201d, cuestion\u00f3.<\/p>\n\n\n\n<p>Adem\u00e1s, el analista hizo foco en los \u00faltimos dos a\u00f1os y explic\u00f3 que \u201csi para enfrentar una crisis como la del 2018 o la del Covid-19, el Estado contrata m\u00e1s trabajadores financiado mediante mayores impuestos o inflaci\u00f3n, el sector privado se va a terminar asfixiando cada vez m\u00e1s como consecuencia de esta enorme presi\u00f3n tributaria\u201d.<\/p>\n","protected":false},"excerpt":{"rendered":"<p>Desde diciembre del 2017, el empleo p\u00fablico creci\u00f3 en 131.805 puestos, mientras que se perdieron 385.042 empleos privados, seg\u00fan la Fundaci\u00f3n Libertad y Progreso. El empleo p\u00fablico aument\u00f3 su ritmo de crecimiento durante la pandemia, con la creaci\u00f3n de casi 90 mil puestos en la esfera estatal, advirti\u00f3 un informe de la Fundaci\u00f3n Libertad y&hellip;<\/p>\n","protected":false},"author":1,"featured_media":108839,"comment_status":"open","ping_status":"open","sticky":false,"template":"","format":"standard","meta":{"footnotes":""},"categories":[13,25],"tags":[2450,22023,35806,35640,5639,32620,22025,22032],"class_list":["post-108838","post","type-post","status-publish","format-standard","has-post-thumbnail","hentry","category-politica","category-sociedad","tag-diario-el-sindical","tag-economia","tag-empleo-privado","tag-empleo-publico","tag-ministerio-de-trabajo-de-la-nacion","tag-pandemia","tag-politica","tag-sociedad"],"_links":{"self":[{"href":"https:\/\/www.elsindical.com.ar\/notas\/wp-json\/wp\/v2\/posts\/108838","targetHints":{"allow":["GET"]}}],"collection":[{"href":"https:\/\/www.elsindical.com.ar\/notas\/wp-json\/wp\/v2\/posts"}],"about":[{"href":"https:\/\/www.elsindical.com.ar\/notas\/wp-json\/wp\/v2\/types\/post"}],"author":[{"embeddable":true,"href":"https:\/\/www.elsindical.com.ar\/notas\/wp-json\/wp\/v2\/users\/1"}],"replies":[{"embeddable":true,"href":"https:\/\/www.elsindical.com.ar\/notas\/wp-json\/wp\/v2\/comments?post=108838"}],"version-history":[{"count":1,"href":"https:\/\/www.elsindical.com.ar\/notas\/wp-json\/wp\/v2\/posts\/108838\/revisions"}],"predecessor-version":[{"id":108840,"href":"https:\/\/www.elsindical.com.ar\/notas\/wp-json\/wp\/v2\/posts\/108838\/revisions\/108840"}],"wp:featuredmedia":[{"embeddable":true,"href":"https:\/\/www.elsindical.com.ar\/notas\/wp-json\/wp\/v2\/media\/108839"}],"wp:attachment":[{"href":"https:\/\/www.elsindical.com.ar\/notas\/wp-json\/wp\/v2\/media?parent=108838"}],"wp:term":[{"taxonomy":"category","embeddable":true,"href":"https:\/\/www.elsindical.com.ar\/notas\/wp-json\/wp\/v2\/categories?post=108838"},{"taxonomy":"post_tag","embeddable":true,"href":"https:\/\/www.elsindical.com.ar\/notas\/wp-json\/wp\/v2\/tags?post=108838"}],"curies":[{"name":"wp","href":"https:\/\/api.w.org\/{rel}","templated":true}]}}