{"id":108832,"date":"2021-10-26T18:21:36","date_gmt":"2021-10-26T21:21:36","guid":{"rendered":"https:\/\/www.elsindical.com.ar\/notas\/?p=108832"},"modified":"2021-10-26T18:30:36","modified_gmt":"2021-10-26T21:30:36","slug":"quilmes-transportaban-200-kilos-de-droga-y-cayeron-en-un-control-vehicular-de-rutina","status":"publish","type":"post","link":"https:\/\/www.elsindical.com.ar\/notas\/quilmes-transportaban-200-kilos-de-droga-y-cayeron-en-un-control-vehicular-de-rutina\/","title":{"rendered":"Quilmes: transportaban 200 kilos de droga y cayeron en un control vehicular de rutina"},"content":{"rendered":"\n<figure class=\"wp-block-image size-large\"><a href=\"https:\/\/www.elsindical.com.ar\/notas\/var\/www\/html\/notas\/wp-content\/uploads\/2021\/10\/operativo-drogas-en-Quilmes.jpg\"><img loading=\"lazy\" decoding=\"async\" width=\"1024\" height=\"576\" src=\"https:\/\/www.elsindical.com.ar\/notas\/var\/www\/html\/notas\/wp-content\/uploads\/2021\/10\/operativo-drogas-en-Quilmes-1024x576.jpg\" alt=\"\" class=\"wp-image-108833\" srcset=\"https:\/\/www.elsindical.com.ar\/notas\/var\/www\/html\/notas\/wp-content\/uploads\/2021\/10\/operativo-drogas-en-Quilmes-1024x576.jpg 1024w, https:\/\/www.elsindical.com.ar\/notas\/var\/www\/html\/notas\/wp-content\/uploads\/2021\/10\/operativo-drogas-en-Quilmes-300x169.jpg 300w, https:\/\/www.elsindical.com.ar\/notas\/var\/www\/html\/notas\/wp-content\/uploads\/2021\/10\/operativo-drogas-en-Quilmes-768x432.jpg 768w, https:\/\/www.elsindical.com.ar\/notas\/var\/www\/html\/notas\/wp-content\/uploads\/2021\/10\/operativo-drogas-en-Quilmes-500x281.jpg 500w, https:\/\/www.elsindical.com.ar\/notas\/var\/www\/html\/notas\/wp-content\/uploads\/2021\/10\/operativo-drogas-en-Quilmes-1536x864.jpg 1536w, https:\/\/www.elsindical.com.ar\/notas\/var\/www\/html\/notas\/wp-content\/uploads\/2021\/10\/operativo-drogas-en-Quilmes-460x260.jpg 460w, https:\/\/www.elsindical.com.ar\/notas\/var\/www\/html\/notas\/wp-content\/uploads\/2021\/10\/operativo-drogas-en-Quilmes.jpg 1920w\" sizes=\"auto, (max-width: 1024px) 100vw, 1024px\" \/><\/a><\/figure>\n\n\n\n<p>La Polic\u00eda de <strong>Quilmes<\/strong> detuvo a tres hombres que transportaban m\u00e1s de 200 kilos de estupefacientes en una camioneta. Se cree que las sustancias estar\u00edan destinadas a una cocina de coca\u00edna ubicada en el distrito.<\/p>\n\n\n\n<p>El operativo tuvo lugar en horas del mediod\u00eda de este martes en Avenida Monteverde y 898, de San Francisco Solano. All\u00ed, efectivos de la Polic\u00eda Bonaerense detuvieron el paso de una Renault Kangoo en el marco de un operativo de control vehicular.<\/p>\n\n\n\n<p>Al revisar el interior del rodado, los uniformados hallaron que los tres ocupantes transportaban&nbsp;133 paquetes de hojas de coca, 43 paquetes de cloruro de sodio y 14 controles de alarmas vecinales.<\/p>\n\n\n\n<p>De acuerdo con las fuentes, todos esos elementos ser\u00edan utilizados por los sujetos como en la operatoria de cocinar y distribuir coca\u00edna desde una cocina de esa sustancia en el distrito.<\/p>\n\n\n\n<p>Los agentes procedieron a aprehender a los sujetos, todos ellos de nacionalidad boliviana, y trasladarlos a la comisar\u00eda local.<\/p>\n\n\n\n<figure class=\"wp-block-embed is-type-video is-provider-youtube wp-block-embed-youtube wp-embed-aspect-16-9 wp-has-aspect-ratio\"><div class=\"wp-block-embed__wrapper\">\n<iframe loading=\"lazy\" title=\"Quilmes secuestro de drogas en Solano\" width=\"700\" height=\"394\" src=\"https:\/\/www.youtube.com\/embed\/xDEPl2d683I?feature=oembed\" frameborder=\"0\" allow=\"accelerometer; autoplay; clipboard-write; encrypted-media; gyroscope; picture-in-picture\" allowfullscreen><\/iframe>\n<\/div><\/figure>\n","protected":false},"excerpt":{"rendered":"<p>La Polic\u00eda de Quilmes detuvo a tres hombres que transportaban m\u00e1s de 200 kilos de estupefacientes en una camioneta. Se cree que las sustancias estar\u00edan destinadas a una cocina de coca\u00edna ubicada en el distrito. El operativo tuvo lugar en horas del mediod\u00eda de este martes en Avenida Monteverde y 898, de San Francisco Solano.&hellip;<\/p>\n","protected":false},"author":1,"featured_media":108833,"comment_status":"open","ping_status":"open","sticky":false,"template":"","format":"standard","meta":{"footnotes":""},"categories":[22],"tags":[1935,8206,2450,664,749,35805,684,3279],"class_list":["post-108832","post","type-post","status-publish","format-standard","has-post-thumbnail","hentry","category-policiales","tag-bolivianos","tag-control-vehicular","tag-diario-el-sindical","tag-marihuana","tag-policia-bonaerense","tag-policia-motorizada","tag-quilmes","tag-san-francisco-solano"],"_links":{"self":[{"href":"https:\/\/www.elsindical.com.ar\/notas\/wp-json\/wp\/v2\/posts\/108832","targetHints":{"allow":["GET"]}}],"collection":[{"href":"https:\/\/www.elsindical.com.ar\/notas\/wp-json\/wp\/v2\/posts"}],"about":[{"href":"https:\/\/www.elsindical.com.ar\/notas\/wp-json\/wp\/v2\/types\/post"}],"author":[{"embeddable":true,"href":"https:\/\/www.elsindical.com.ar\/notas\/wp-json\/wp\/v2\/users\/1"}],"replies":[{"embeddable":true,"href":"https:\/\/www.elsindical.com.ar\/notas\/wp-json\/wp\/v2\/comments?post=108832"}],"version-history":[{"count":2,"href":"https:\/\/www.elsindical.com.ar\/notas\/wp-json\/wp\/v2\/posts\/108832\/revisions"}],"predecessor-version":[{"id":108835,"href":"https:\/\/www.elsindical.com.ar\/notas\/wp-json\/wp\/v2\/posts\/108832\/revisions\/108835"}],"wp:featuredmedia":[{"embeddable":true,"href":"https:\/\/www.elsindical.com.ar\/notas\/wp-json\/wp\/v2\/media\/108833"}],"wp:attachment":[{"href":"https:\/\/www.elsindical.com.ar\/notas\/wp-json\/wp\/v2\/media?parent=108832"}],"wp:term":[{"taxonomy":"category","embeddable":true,"href":"https:\/\/www.elsindical.com.ar\/notas\/wp-json\/wp\/v2\/categories?post=108832"},{"taxonomy":"post_tag","embeddable":true,"href":"https:\/\/www.elsindical.com.ar\/notas\/wp-json\/wp\/v2\/tags?post=108832"}],"curies":[{"name":"wp","href":"https:\/\/api.w.org\/{rel}","templated":true}]}}