{"id":108693,"date":"2021-10-21T07:26:55","date_gmt":"2021-10-21T10:26:55","guid":{"rendered":"https:\/\/www.elsindical.com.ar\/notas\/?p=108693"},"modified":"2021-10-21T07:26:56","modified_gmt":"2021-10-21T10:26:56","slug":"marcha-a-la-gobernacion-de-bs-as-viernes-22-10","status":"publish","type":"post","link":"https:\/\/www.elsindical.com.ar\/notas\/marcha-a-la-gobernacion-de-bs-as-viernes-22-10\/","title":{"rendered":"Marcha a la Gobernaci\u00f3n de Bs As > viernes 22\/10"},"content":{"rendered":"\n<figure class=\"wp-block-image size-large\"><a href=\"https:\/\/www.elsindical.com.ar\/notas\/var\/www\/html\/notas\/wp-content\/uploads\/2021\/10\/marcha-ambiental.jpg\"><img loading=\"lazy\" decoding=\"async\" width=\"1024\" height=\"1024\" src=\"https:\/\/www.elsindical.com.ar\/notas\/var\/www\/html\/notas\/wp-content\/uploads\/2021\/10\/marcha-ambiental-1024x1024.jpg\" alt=\"\" class=\"wp-image-108694\" srcset=\"https:\/\/www.elsindical.com.ar\/notas\/var\/www\/html\/notas\/wp-content\/uploads\/2021\/10\/marcha-ambiental-1024x1024.jpg 1024w, https:\/\/www.elsindical.com.ar\/notas\/var\/www\/html\/notas\/wp-content\/uploads\/2021\/10\/marcha-ambiental-300x300.jpg 300w, https:\/\/www.elsindical.com.ar\/notas\/var\/www\/html\/notas\/wp-content\/uploads\/2021\/10\/marcha-ambiental-150x150.jpg 150w, https:\/\/www.elsindical.com.ar\/notas\/var\/www\/html\/notas\/wp-content\/uploads\/2021\/10\/marcha-ambiental-768x768.jpg 768w, https:\/\/www.elsindical.com.ar\/notas\/var\/www\/html\/notas\/wp-content\/uploads\/2021\/10\/marcha-ambiental-50x50.jpg 50w, https:\/\/www.elsindical.com.ar\/notas\/var\/www\/html\/notas\/wp-content\/uploads\/2021\/10\/marcha-ambiental.jpg 1080w\" sizes=\"auto, (max-width: 1024px) 100vw, 1024px\" \/><\/a><\/figure>\n\n\n\n<p>El <strong>viernes 22\/10<\/strong> numerosas asambleas socioambientales, organizaciones, coaliciones y vecinxs que vienen trabajando y potenciando sus luchas en conjunto desde hace meses se movilizar\u00e1n en <strong>LA PLATA<\/strong> (10h Plaza Moreno, 11h marcha hacia Gobernaci\u00f3n) y en diferentes ciudades de la provincia (hasta el momento: Luj\u00e1n 16:30h Plaza Col\u00f3n, Baradero, Mar del Plata, Necochea) con un lema:<br><br><strong>\u00a1Basta de destrucci\u00f3n ambiental en la provincia de Buenos Aires! \u00a1Los gobiernos son responsables!<\/strong><\/p>\n\n\n\n<p>Se entregar\u00e1 un documento en Gobernaci\u00f3n dirigido a Axel Kicillof, junto al pedido de una audiencia con el gobernador, y otro documento en el OPDS.<\/p>\n\n\n\n<p><strong>Se denuncia:<\/strong><br>Inoperancia, inacci\u00f3n y complicidad ecocida de OPDS, ADA, Gobierno de la Provincia, Municipios, COMIREC, COMILU y ACUMAR<\/p>\n\n\n\n<p><strong>Se reclama:<\/strong><br>. Plan inmediato de remediaci\u00f3n de ecosistemas y reforestaci\u00f3n para dar respuesta a la emergencia clim\u00e1tica.<br>. Detener urgentemente la depredaci\u00f3n de \u00e1reas protegidas, los negocios en espacios naturales y las actividades de empresas contaminantes.<br>. Que se declaren Reservas Naturales los espacios verdes que se intentan destruir y que haya presupuesto acorde para su conservaci\u00f3n y protecci\u00f3n.<br>. Pol\u00edtica ambiental con participaci\u00f3n ciudadana en su construcci\u00f3n y en la toma de decisiones.<br>. Detener los proyectos de plataformas offshore en las costas bonaerenses.<br>. Relevamiento de todas las comunidades ind\u00edgenas que faltan relevar.<\/p>\n\n\n\n<p><strong>Contactos:<br><\/strong>Natalia Penda: 2215 85-2197<br>Francisco Ayala: 11 3698-5944<br>Laura Krayeski: 11 5112-6913<br>Juan Esteche: 11 2098-7891<\/p>\n","protected":false},"excerpt":{"rendered":"<p>El viernes 22\/10 numerosas asambleas socioambientales, organizaciones, coaliciones y vecinxs que vienen trabajando y potenciando sus luchas en conjunto desde hace meses se movilizar\u00e1n en LA PLATA (10h Plaza Moreno, 11h marcha hacia Gobernaci\u00f3n) y en diferentes ciudades de la provincia (hasta el momento: Luj\u00e1n 16:30h Plaza Col\u00f3n, Baradero, Mar del Plata, Necochea) con un&hellip;<\/p>\n","protected":false},"author":1,"featured_media":108694,"comment_status":"open","ping_status":"open","sticky":false,"template":"","format":"standard","meta":{"footnotes":""},"categories":[25],"tags":[13480,4287,35456,35771,2450,35769,35770],"class_list":["post-108693","post","type-post","status-publish","format-standard","has-post-thumbnail","hentry","category-sociedad","tag-acumar","tag-ambiental","tag-bfs","tag-comilu","tag-diario-el-sindical","tag-marcha-a-la-gobernacion","tag-pods"],"_links":{"self":[{"href":"https:\/\/www.elsindical.com.ar\/notas\/wp-json\/wp\/v2\/posts\/108693","targetHints":{"allow":["GET"]}}],"collection":[{"href":"https:\/\/www.elsindical.com.ar\/notas\/wp-json\/wp\/v2\/posts"}],"about":[{"href":"https:\/\/www.elsindical.com.ar\/notas\/wp-json\/wp\/v2\/types\/post"}],"author":[{"embeddable":true,"href":"https:\/\/www.elsindical.com.ar\/notas\/wp-json\/wp\/v2\/users\/1"}],"replies":[{"embeddable":true,"href":"https:\/\/www.elsindical.com.ar\/notas\/wp-json\/wp\/v2\/comments?post=108693"}],"version-history":[{"count":1,"href":"https:\/\/www.elsindical.com.ar\/notas\/wp-json\/wp\/v2\/posts\/108693\/revisions"}],"predecessor-version":[{"id":108695,"href":"https:\/\/www.elsindical.com.ar\/notas\/wp-json\/wp\/v2\/posts\/108693\/revisions\/108695"}],"wp:featuredmedia":[{"embeddable":true,"href":"https:\/\/www.elsindical.com.ar\/notas\/wp-json\/wp\/v2\/media\/108694"}],"wp:attachment":[{"href":"https:\/\/www.elsindical.com.ar\/notas\/wp-json\/wp\/v2\/media?parent=108693"}],"wp:term":[{"taxonomy":"category","embeddable":true,"href":"https:\/\/www.elsindical.com.ar\/notas\/wp-json\/wp\/v2\/categories?post=108693"},{"taxonomy":"post_tag","embeddable":true,"href":"https:\/\/www.elsindical.com.ar\/notas\/wp-json\/wp\/v2\/tags?post=108693"}],"curies":[{"name":"wp","href":"https:\/\/api.w.org\/{rel}","templated":true}]}}