{"id":108680,"date":"2021-10-20T15:46:01","date_gmt":"2021-10-20T18:46:01","guid":{"rendered":"https:\/\/www.elsindical.com.ar\/notas\/?p=108680"},"modified":"2021-10-20T15:46:02","modified_gmt":"2021-10-20T18:46:02","slug":"las-caras-de-las-mentiras-caraduras","status":"publish","type":"post","link":"https:\/\/www.elsindical.com.ar\/notas\/las-caras-de-las-mentiras-caraduras\/","title":{"rendered":"Las caras de las mentiras, caraduras"},"content":{"rendered":"\n<figure class=\"wp-block-image size-full\"><a href=\"https:\/\/www.elsindical.com.ar\/notas\/var\/www\/html\/notas\/wp-content\/uploads\/2021\/10\/Mentirosos-sueltos.jpg\"><img loading=\"lazy\" decoding=\"async\" width=\"960\" height=\"720\" src=\"https:\/\/www.elsindical.com.ar\/notas\/var\/www\/html\/notas\/wp-content\/uploads\/2021\/10\/Mentirosos-sueltos.jpg\" alt=\"\" class=\"wp-image-108681\" srcset=\"https:\/\/www.elsindical.com.ar\/notas\/var\/www\/html\/notas\/wp-content\/uploads\/2021\/10\/Mentirosos-sueltos.jpg 960w, https:\/\/www.elsindical.com.ar\/notas\/var\/www\/html\/notas\/wp-content\/uploads\/2021\/10\/Mentirosos-sueltos-300x225.jpg 300w, https:\/\/www.elsindical.com.ar\/notas\/var\/www\/html\/notas\/wp-content\/uploads\/2021\/10\/Mentirosos-sueltos-768x576.jpg 768w, https:\/\/www.elsindical.com.ar\/notas\/var\/www\/html\/notas\/wp-content\/uploads\/2021\/10\/Mentirosos-sueltos-400x300.jpg 400w\" sizes=\"auto, (max-width: 960px) 100vw, 960px\" \/><\/a><\/figure>\n\n\n\n<p>       Que los pol\u00edticos hacen de las promesas y la mentira un culto no existe persona medianamente inteligente que lo dude, pero entre lo que se promete y no se puede realizar y la mentira de lo que nunca pensaron hacer hay diferencias.<\/p>\n\n\n\n<p>Ver en la oposici\u00f3n a personajes como Fernando Landaburu, impresentable como pol\u00edtico, impresentable como persona e impresentable con su aspecto desalineado para simular ser una persona honesta, lo muestran tal y como lo que es, un gran farsante, puede ser cre\u00edble una persona que a todas las mentiras pol\u00edticas se le suma el enga\u00f1ar a su ex pareja durante meses en el mismo ambiente de trabajo?.<\/p>\n\n\n\n<p>Su paso por el PAMI local fue de las peores gestiones que recuerdo y con total seguridad puedo endilgarle al menos 3 fallecimientos de jubilados que no recibieron un trata adecuada internados, que me consta Landaburu lo sab\u00eda pero no hizo nada aduciendo que \u00e9l ten\u00eda que creerle a sus auditores que estaba todo bien, el resultado lo contradice, pero como ya lo mencione, nada se puede esperar de un personaje de su cala\u00f1a.<\/p>\n\n\n\n<p>El otro gran mentiroso y por el que personalmente ten\u00eda un respeto por su trayectoria y coherencia es Rub\u00e9n Conde, quien al parecer los a\u00f1os en lugar de mejorarlo lo \u00abpicaron\u00bb como si de un vino berreta se tratara, \u00e9l mejor que nadie sabe que tiene una deuda con los vecinos de Avellaneda, prometi\u00f3 seguridad, anunci\u00f3 en su momento reuniones con Cristian Ritondo y con el impresentable de Gerardo Milman, pero ninguno de los dos ex funcionarios movieron un dedo por la seguridad de los vecinos de Avellaneda.<\/p>\n\n\n\n<p>Entonces, si cuando fueron gobierno y pod\u00edan hacer algo no lo hicieron, hoy que solo van a sumar legisladores, lo \u00fanico que van a sumar es dinero para Cambiemos al sumar nuevos legisladores, las cosas como son, basta de mentirle a los vecinos y subestimarlos, ustedes hoy no pueden aportar nada, por eso al momento de votar los vecinos deber\u00edan descartarlos por mentirosos y oportunistas.<\/p>\n\n\n\n<p><\/p>\n\n\n\n<p>Por Marcelo Ricardo Hawrylciw<\/p>\n","protected":false},"excerpt":{"rendered":"<p>Que los pol\u00edticos hacen de las promesas y la mentira un culto no existe persona medianamente inteligente que lo dude, pero entre lo que se promete y no se puede realizar y la mentira de lo que nunca pensaron hacer hay diferencias. Ver en la oposici\u00f3n a personajes como Fernando Landaburu, impresentable como pol\u00edtico, impresentable&hellip;<\/p>\n","protected":false},"author":1,"featured_media":108681,"comment_status":"open","ping_status":"open","sticky":false,"template":"","format":"standard","meta":{"footnotes":""},"categories":[13],"tags":[461,22169,35766,14466,2450,21713,16896,984,1819,15385],"class_list":["post-108680","post","type-post","status-publish","format-standard","has-post-thumbnail","hentry","category-politica","tag-avellaneda","tag-cambiemos","tag-caraduras","tag-cristian-ritondo","tag-diario-el-sindical","tag-fernando-landaburu","tag-gerardo-milman","tag-inseguridad","tag-mentiras","tag-ruben-conde"],"_links":{"self":[{"href":"https:\/\/www.elsindical.com.ar\/notas\/wp-json\/wp\/v2\/posts\/108680","targetHints":{"allow":["GET"]}}],"collection":[{"href":"https:\/\/www.elsindical.com.ar\/notas\/wp-json\/wp\/v2\/posts"}],"about":[{"href":"https:\/\/www.elsindical.com.ar\/notas\/wp-json\/wp\/v2\/types\/post"}],"author":[{"embeddable":true,"href":"https:\/\/www.elsindical.com.ar\/notas\/wp-json\/wp\/v2\/users\/1"}],"replies":[{"embeddable":true,"href":"https:\/\/www.elsindical.com.ar\/notas\/wp-json\/wp\/v2\/comments?post=108680"}],"version-history":[{"count":1,"href":"https:\/\/www.elsindical.com.ar\/notas\/wp-json\/wp\/v2\/posts\/108680\/revisions"}],"predecessor-version":[{"id":108682,"href":"https:\/\/www.elsindical.com.ar\/notas\/wp-json\/wp\/v2\/posts\/108680\/revisions\/108682"}],"wp:featuredmedia":[{"embeddable":true,"href":"https:\/\/www.elsindical.com.ar\/notas\/wp-json\/wp\/v2\/media\/108681"}],"wp:attachment":[{"href":"https:\/\/www.elsindical.com.ar\/notas\/wp-json\/wp\/v2\/media?parent=108680"}],"wp:term":[{"taxonomy":"category","embeddable":true,"href":"https:\/\/www.elsindical.com.ar\/notas\/wp-json\/wp\/v2\/categories?post=108680"},{"taxonomy":"post_tag","embeddable":true,"href":"https:\/\/www.elsindical.com.ar\/notas\/wp-json\/wp\/v2\/tags?post=108680"}],"curies":[{"name":"wp","href":"https:\/\/api.w.org\/{rel}","templated":true}]}}