{"id":108600,"date":"2021-10-17T21:25:27","date_gmt":"2021-10-18T00:25:27","guid":{"rendered":"https:\/\/www.elsindical.com.ar\/notas\/?p=108600"},"modified":"2021-10-17T21:26:27","modified_gmt":"2021-10-18T00:26:27","slug":"alerta-siniestralidad-vial-argentina","status":"publish","type":"post","link":"https:\/\/www.elsindical.com.ar\/notas\/alerta-siniestralidad-vial-argentina\/","title":{"rendered":"Alerta, siniestralidad vial Argentina"},"content":{"rendered":"\n<figure class=\"wp-block-image size-large\"><a href=\"https:\/\/www.elsindical.com.ar\/notas\/var\/www\/html\/notas\/wp-content\/uploads\/2021\/10\/siniestralidad-vial.jpg\"><img loading=\"lazy\" decoding=\"async\" width=\"1024\" height=\"373\" src=\"https:\/\/www.elsindical.com.ar\/notas\/var\/www\/html\/notas\/wp-content\/uploads\/2021\/10\/siniestralidad-vial-1024x373.jpg\" alt=\"\" class=\"wp-image-108601\" srcset=\"https:\/\/www.elsindical.com.ar\/notas\/var\/www\/html\/notas\/wp-content\/uploads\/2021\/10\/siniestralidad-vial-1024x373.jpg 1024w, https:\/\/www.elsindical.com.ar\/notas\/var\/www\/html\/notas\/wp-content\/uploads\/2021\/10\/siniestralidad-vial-300x109.jpg 300w, https:\/\/www.elsindical.com.ar\/notas\/var\/www\/html\/notas\/wp-content\/uploads\/2021\/10\/siniestralidad-vial-768x280.jpg 768w, https:\/\/www.elsindical.com.ar\/notas\/var\/www\/html\/notas\/wp-content\/uploads\/2021\/10\/siniestralidad-vial-500x182.jpg 500w, https:\/\/www.elsindical.com.ar\/notas\/var\/www\/html\/notas\/wp-content\/uploads\/2021\/10\/siniestralidad-vial-1536x560.jpg 1536w, https:\/\/www.elsindical.com.ar\/notas\/var\/www\/html\/notas\/wp-content\/uploads\/2021\/10\/siniestralidad-vial.jpg 1920w\" sizes=\"auto, (max-width: 1024px) 100vw, 1024px\" \/><\/a><\/figure>\n\n\n\n<p class=\"wp-block-paragraph\"><strong>ALERTA SINIESTRALIDAD VIAL<\/strong><\/p>\n\n\n\n<p class=\"wp-block-paragraph\">Preocupa realmente la evoluci\u00f3n de la pandemia vial que, durante el periodo de cuarentena y aislamiento social provocada por el Covid 19 se hab\u00eda reducido, por l\u00f3gica, en forma ostensible.<br>En la medida que se va recuperando la movilidad retornamos a las cifras de p\u00e9rdidas en vidas de 2019 y con miras a superarlas.<\/p>\n\n\n\n<p class=\"wp-block-paragraph\">Es fundamental que tomemos conciencia de la oportunidad que estamos perdiendo.<br><\/p>\n\n\n\n<p class=\"wp-block-paragraph\">El Estado por si solo no podr\u00e1 alcanzar soluciones.<br><\/p>\n\n\n\n<p class=\"wp-block-paragraph\">Resulta esencial SUMAR el accionar de las empresas y entidades privadas en materia de propiciar la seguridad vial para sus clientes, usuarios, dependientes y comunidad en donde desarrollan sus actividades.<\/p>\n\n\n\n<p class=\"wp-block-paragraph\"><strong>La Responsabilidad Social Empresaria hoy implica la participaci\u00f3n en las soluciones de los problemas que hoy aquejan a las comunidades en donde est\u00e1n presentes.<\/strong><\/p>\n\n\n\n<p class=\"wp-block-paragraph\">Observatorio: SEPTIEMBRE 2021<\/p>\n\n\n\n<p class=\"wp-block-paragraph\">CONTINUAN EN ASCENSO LA SINIESTRALIDAD, MORTALIDAD Y MORBILIDAD VIAL respecto a SEPTIEMBRE DE 2020. Y retornamos a valores similares a SEPTIEMBRE de 2019 (Pre pandemia)<\/p>\n\n\n\n<p class=\"wp-block-paragraph\"><strong>SINIESTRALIDAD VIAL<\/strong><\/p>\n\n\n\n<p class=\"wp-block-paragraph\">Contrastando respecto a SEPTIEMBRE de 2020 esta TASA presenta un AUMENTO en la siniestralidad vial grave (hechos que registran como m\u00ednimo un lesionado Grado 3, o sea con fractura), del&nbsp; <strong>26,8 %<\/strong><\/p>\n\n\n\n<p class=\"wp-block-paragraph\"><strong>MORTALIDAD VIAL<\/strong><\/p>\n\n\n\n<p class=\"wp-block-paragraph\">La Tasa&nbsp; presenta un AUMENTO del&nbsp; <strong>59,3 %<\/strong>&nbsp; respecto a SEPTIEMBRE de 2020<\/p>\n\n\n\n<p class=\"wp-block-paragraph\"><strong>MORBILIDAD VIAL<\/strong><\/p>\n\n\n\n<p class=\"wp-block-paragraph\">Este indicador pondera los lesionados graves consecuencia de los siniestros viales. Esta Tasa presenta un AUMENTO del&nbsp; <strong>37,6<\/strong> % respecto a SEPTIEMBRE de 2020.<\/p>\n\n\n\n<p class=\"wp-block-paragraph\"><strong>RELACI\u00d3N MUERTO POR SINIESTRO VIAL GRAVE<\/strong><\/p>\n\n\n\n<p class=\"wp-block-paragraph\">Esta relaci\u00f3n permite establecer la gravedad o \u00abvirulencia\u00bb del siniestro vial. La relaci\u00f3n entre SEPTIEMBRE de 2020&nbsp; y&nbsp; SEPTIEMBRE de 2021&nbsp; aumenta de <strong>0.31 A&nbsp; 0.39<\/strong> muertes por cada siniestro vial grave.<\/p>\n\n\n\n<p class=\"wp-block-paragraph\">&nbsp;Ver la PARTICULAR etiolog\u00eda del mes de SEPTIEMBRE de 2021 en documento al pie:<\/p>\n\n\n\n<p class=\"wp-block-paragraph\"><strong><a href=\"https:\/\/www.elsindical.com.ar\/notas\/var\/www\/html\/notas\/wp-content\/uploads\/2021\/10\/prensa_septiembre3.pdf\">Documento <\/a><\/strong><\/p>\n","protected":false},"excerpt":{"rendered":"<p>ALERTA SINIESTRALIDAD VIAL Preocupa realmente la evoluci\u00f3n de la pandemia vial que, durante el periodo de cuarentena y aislamiento social provocada por el Covid 19 se hab\u00eda reducido, por l\u00f3gica, en forma ostensible.En la medida que se va recuperando la movilidad retornamos a las cifras de p\u00e9rdidas en vidas de 2019 y con miras a&hellip;<\/p>\n","protected":false},"author":1,"featured_media":108601,"comment_status":"open","ping_status":"open","sticky":false,"template":"","format":"standard","meta":{"footnotes":""},"categories":[25],"tags":[2126,127,2450,35660,30765,35747],"class_list":["post-108600","post","type-post","status-publish","format-standard","has-post-thumbnail","hentry","category-sociedad","tag-alerta","tag-argentina","tag-diario-el-sindical","tag-eduardo-bertotti","tag-isev","tag-siniestralidad-vial"],"_links":{"self":[{"href":"https:\/\/www.elsindical.com.ar\/notas\/wp-json\/wp\/v2\/posts\/108600","targetHints":{"allow":["GET"]}}],"collection":[{"href":"https:\/\/www.elsindical.com.ar\/notas\/wp-json\/wp\/v2\/posts"}],"about":[{"href":"https:\/\/www.elsindical.com.ar\/notas\/wp-json\/wp\/v2\/types\/post"}],"author":[{"embeddable":true,"href":"https:\/\/www.elsindical.com.ar\/notas\/wp-json\/wp\/v2\/users\/1"}],"replies":[{"embeddable":true,"href":"https:\/\/www.elsindical.com.ar\/notas\/wp-json\/wp\/v2\/comments?post=108600"}],"version-history":[{"count":2,"href":"https:\/\/www.elsindical.com.ar\/notas\/wp-json\/wp\/v2\/posts\/108600\/revisions"}],"predecessor-version":[{"id":108604,"href":"https:\/\/www.elsindical.com.ar\/notas\/wp-json\/wp\/v2\/posts\/108600\/revisions\/108604"}],"wp:featuredmedia":[{"embeddable":true,"href":"https:\/\/www.elsindical.com.ar\/notas\/wp-json\/wp\/v2\/media\/108601"}],"wp:attachment":[{"href":"https:\/\/www.elsindical.com.ar\/notas\/wp-json\/wp\/v2\/media?parent=108600"}],"wp:term":[{"taxonomy":"category","embeddable":true,"href":"https:\/\/www.elsindical.com.ar\/notas\/wp-json\/wp\/v2\/categories?post=108600"},{"taxonomy":"post_tag","embeddable":true,"href":"https:\/\/www.elsindical.com.ar\/notas\/wp-json\/wp\/v2\/tags?post=108600"}],"curies":[{"name":"wp","href":"https:\/\/api.w.org\/{rel}","templated":true}]}}