{"id":108545,"date":"2021-10-15T16:32:01","date_gmt":"2021-10-15T19:32:01","guid":{"rendered":"https:\/\/www.elsindical.com.ar\/notas\/?p=108545"},"modified":"2021-10-15T16:32:03","modified_gmt":"2021-10-15T19:32:03","slug":"el-juicio-por-el-asesinato-de-fernando-baez-sosa-comenzara-en-enero","status":"publish","type":"post","link":"https:\/\/www.elsindical.com.ar\/notas\/el-juicio-por-el-asesinato-de-fernando-baez-sosa-comenzara-en-enero\/","title":{"rendered":"El juicio por el asesinato de Fernando B\u00e1ez Sosa comenzar\u00e1 en enero"},"content":{"rendered":"\n<figure class=\"wp-block-image size-full\"><a href=\"https:\/\/www.elsindical.com.ar\/notas\/var\/www\/html\/notas\/wp-content\/uploads\/2021\/10\/Fernando-Baez-Sosa-justicia.jpg\"><img loading=\"lazy\" decoding=\"async\" width=\"980\" height=\"543\" src=\"https:\/\/www.elsindical.com.ar\/notas\/var\/www\/html\/notas\/wp-content\/uploads\/2021\/10\/Fernando-Baez-Sosa-justicia.jpg\" alt=\"\" class=\"wp-image-108546\" srcset=\"https:\/\/www.elsindical.com.ar\/notas\/var\/www\/html\/notas\/wp-content\/uploads\/2021\/10\/Fernando-Baez-Sosa-justicia.jpg 980w, https:\/\/www.elsindical.com.ar\/notas\/var\/www\/html\/notas\/wp-content\/uploads\/2021\/10\/Fernando-Baez-Sosa-justicia-300x166.jpg 300w, https:\/\/www.elsindical.com.ar\/notas\/var\/www\/html\/notas\/wp-content\/uploads\/2021\/10\/Fernando-Baez-Sosa-justicia-768x426.jpg 768w, https:\/\/www.elsindical.com.ar\/notas\/var\/www\/html\/notas\/wp-content\/uploads\/2021\/10\/Fernando-Baez-Sosa-justicia-500x277.jpg 500w\" sizes=\"auto, (max-width: 980px) 100vw, 980px\" \/><\/a><\/figure>\n\n\n\n<p>El TOC 1 de Dolores ser\u00e1 el encargado de juzgar a los ocho rugbiers detenidos por el crimen, que ocurri\u00f3 en enero de 2020 en Villa Gesell.<\/p>\n\n\n\n<p>El juicio a los ocho rugbiers detenidos y acusados de haber asesinado a golpes al joven Fernando B\u00e1ez Sosa a la salida de un boliche de la ciudad balnearia de Villa Gesell, en enero de 2020, se iniciar\u00e1 el 2 de enero de 2023, en plena feria judicial de verano, y se realizar\u00e1 en 22 jornadas.<\/p>\n\n\n\n<p>As\u00ed lo dispuso el Tribunal Oral en lo Criminal (TOC) 1 de Dolores, integrado por los jueces Mar\u00eda Claudia Castro, Christian Rabaia y Emiliano L\u00e1zzari, en el \u201cauto de prueba\u201d, que emiti\u00f3 ayer y con el que notific\u00f3 a las partes la fecha de inicio del juicio oral, entre otras resoluciones.<\/p>\n\n\n\n<p>Pese a que tanto los abogados Fernando Burlando y Fabi\u00e1n Am\u00e9ndola, que representan como particulares damnificados a los padres de B\u00e1ez Sosa, como el defensor de los imputados Hugo Tomei, hab\u00edan sugerido que el debate se haga a raz\u00f3n de dos jornadas por semana, por las actividades que los letrados tienen en otras jurisdicciones, el TOC 1 opt\u00f3 por hacer el juicio en enero de 2023, durante la feria de verano, para que no tengan problemas de agenda.<\/p>\n\n\n\n<p>\u201cA los fines de no demorar este proceso, ni alterar los restantes de tr\u00e1mite por ante el Tribunal, encontr\u00e1ndose s\u00f3lo disponibles los meses de enero (por su afectaci\u00f3n al servicio de feria judicial) y de acuerdo a los requerimientos de las partes, consideramos ajustado a las necesidades de todos los intervinientes, atendiendo al principio de celeridad en respeto de las garant\u00edas procesales antes esgrimidas: a) fijar para la realizaci\u00f3n de juicio oral y p\u00fablico, veintid\u00f3s (22) jornadas, que se llevar\u00e1n a cabo a partir del lunes 2 de enero de 2023, de lunes a viernes\u201d, se\u00f1ala el texto.<\/p>\n\n\n\n<p>Adem\u00e1s, en otro tramo de la resoluci\u00f3n, se indic\u00f3 que la cantidad de testigos que deber\u00e1n declaran ser\u00e1n un total de 130 y se fijaron 120 d\u00edas para la instrucci\u00f3n suplementaria, que son algunas medidas de prueba pendientes y pedidas por las partes a las que accedi\u00f3 el TOC 1 dolorense.<\/p>\n\n\n\n<h5 class=\"wp-block-heading\">Acusados<\/h5>\n\n\n\n<p>De acuerdo con la elevaci\u00f3n a juicio ordenada en febrero por el juez de Garant\u00edas 6 de Gesell, David Mancinelli, y confirmada en abril por la C\u00e1mara de Apelaci\u00f3n y Garant\u00edas de Dolores, enfrentar\u00e1n el proceso oral M\u00e1ximo Thomsen (21), Ciro Pertossi (21), Luciano Pertossi (19), Lucas Pertossi (22), Enzo Comelli (21), Mat\u00edas Benicelli (21), Blas Cinalli (20) y Ayrton Viollaz (22).<\/p>\n\n\n\n<p>Los ocho rugbiers acusados de matar a B\u00e1ez Sosa afrontan cargos por \u201chomicidio doblemente agravado por alevos\u00eda y por el concurso premeditado de dos o m\u00e1s personas\u201c, delito que prev\u00e9 una pena de prisi\u00f3n perpetua. Adem\u00e1s, en el juicio se debatir\u00e1n las responsabilidades penales de todos ellos por las lesiones sufridas por cinco amigos de Fernando que se encontraban con \u00e9l cuando fue asesinado.<\/p>\n\n\n\n<p>En la causa fueron sobrese\u00eddos otros dos j\u00f3venes acusados de ser part\u00edcipes necesarios: Juan Pedro Guarino (19) y Alejo Milanesi (20).<\/p>\n\n\n\n<h5 class=\"wp-block-heading\">El caso<\/h5>\n\n\n\n<p>De acuerdo a la instrucci\u00f3n del caso, el crimen de Fernando se produjo \u201centre las 4.41 y las 5 del 18 de enero de 2020, frente al local bailable ubicado en avenida 3 y paseo 102, pleno centro de la localidad balnearia de Villa Gesell. El episodio qued\u00f3 registrado por c\u00e1maras de seguridad y en tel\u00e9fonos celulares de personas presentes en la zona, por lo que los sospechosos fueron identificados y detenidos horas m\u00e1s tarde en la casa que alquilaban, a pocas cuadras del lugar.<\/p>\n\n\n\n<p>Seg\u00fan la investigaci\u00f3n, los ocho j\u00f3venes que ser\u00e1n juzgados \u201cacordaron darle muerte\u201d al joven estudiante de derecho, y para ello \u201cpreviamente, distribuyeron funcionalmente sus roles\u201d, luego de que \u201cminutos antes, al encontrarse en el interior del local bailable, tuvieran un altercado\u201d con \u00e9l, \u201cquien se encontraba acompa\u00f1ado con su grupo de amigos\u201d.<\/p>\n\n\n\n<p>La fiscal indic\u00f3 en su pedido de elevaci\u00f3n a juicio que \u201caprovech\u00e1ndose del estado de indefensi\u00f3n de la v\u00edctima, con el fin de darle muerte y cumplir con el plan acordado, los acusados le propinaron\u201d en el suelo \u201cvarias patadas en su rostro y cabeza\u201d, y los golpes le produjeron \u201clesiones corporales internas y externas\u201d que \u201cprovocaron su deceso en forma casi inmediata, al causarle un paro card\u00edaco producido por shock neurog\u00e9nico debido a un traumatismo grave de cr\u00e1neo\u201d.<\/p>\n","protected":false},"excerpt":{"rendered":"<p>El TOC 1 de Dolores ser\u00e1 el encargado de juzgar a los ocho rugbiers detenidos por el crimen, que ocurri\u00f3 en enero de 2020 en Villa Gesell. El juicio a los ocho rugbiers detenidos y acusados de haber asesinado a golpes al joven Fernando B\u00e1ez Sosa a la salida de un boliche de la ciudad&hellip;<\/p>\n","protected":false},"author":1,"featured_media":108546,"comment_status":"open","ping_status":"open","sticky":false,"template":"","format":"standard","meta":{"footnotes":""},"categories":[1,20],"tags":[2450,35731,516,41,28855],"class_list":["post-108545","post","type-post","status-publish","format-standard","has-post-thumbnail","hentry","category-destacadas","category-judiciales","tag-diario-el-sindical","tag-fernado-baez-sosa","tag-juicio-oral","tag-justicia","tag-rugbiers"],"_links":{"self":[{"href":"https:\/\/www.elsindical.com.ar\/notas\/wp-json\/wp\/v2\/posts\/108545","targetHints":{"allow":["GET"]}}],"collection":[{"href":"https:\/\/www.elsindical.com.ar\/notas\/wp-json\/wp\/v2\/posts"}],"about":[{"href":"https:\/\/www.elsindical.com.ar\/notas\/wp-json\/wp\/v2\/types\/post"}],"author":[{"embeddable":true,"href":"https:\/\/www.elsindical.com.ar\/notas\/wp-json\/wp\/v2\/users\/1"}],"replies":[{"embeddable":true,"href":"https:\/\/www.elsindical.com.ar\/notas\/wp-json\/wp\/v2\/comments?post=108545"}],"version-history":[{"count":1,"href":"https:\/\/www.elsindical.com.ar\/notas\/wp-json\/wp\/v2\/posts\/108545\/revisions"}],"predecessor-version":[{"id":108547,"href":"https:\/\/www.elsindical.com.ar\/notas\/wp-json\/wp\/v2\/posts\/108545\/revisions\/108547"}],"wp:featuredmedia":[{"embeddable":true,"href":"https:\/\/www.elsindical.com.ar\/notas\/wp-json\/wp\/v2\/media\/108546"}],"wp:attachment":[{"href":"https:\/\/www.elsindical.com.ar\/notas\/wp-json\/wp\/v2\/media?parent=108545"}],"wp:term":[{"taxonomy":"category","embeddable":true,"href":"https:\/\/www.elsindical.com.ar\/notas\/wp-json\/wp\/v2\/categories?post=108545"},{"taxonomy":"post_tag","embeddable":true,"href":"https:\/\/www.elsindical.com.ar\/notas\/wp-json\/wp\/v2\/tags?post=108545"}],"curies":[{"name":"wp","href":"https:\/\/api.w.org\/{rel}","templated":true}]}}