{"id":108508,"date":"2021-10-13T21:37:17","date_gmt":"2021-10-14T00:37:17","guid":{"rendered":"https:\/\/www.elsindical.com.ar\/notas\/?p=108508"},"modified":"2021-10-13T21:37:19","modified_gmt":"2021-10-14T00:37:19","slug":"lanus-se-entrego-el-chofer-de-los-delincuentes-que-mataron-a-refi-en-un-robo","status":"publish","type":"post","link":"https:\/\/www.elsindical.com.ar\/notas\/lanus-se-entrego-el-chofer-de-los-delincuentes-que-mataron-a-refi-en-un-robo\/","title":{"rendered":"Lan\u00fas: Se entreg\u00f3 el chofer de los delincuentes que mataron a Refi en un robo"},"content":{"rendered":"\n<figure class=\"wp-block-image size-full\"><a href=\"https:\/\/www.elsindical.com.ar\/notas\/var\/www\/html\/notas\/wp-content\/uploads\/2021\/10\/Gonzalo-Refi-auto.jpg\"><img loading=\"lazy\" decoding=\"async\" width=\"992\" height=\"558\" src=\"https:\/\/www.elsindical.com.ar\/notas\/var\/www\/html\/notas\/wp-content\/uploads\/2021\/10\/Gonzalo-Refi-auto.jpg\" alt=\"\" class=\"wp-image-108509\" srcset=\"https:\/\/www.elsindical.com.ar\/notas\/var\/www\/html\/notas\/wp-content\/uploads\/2021\/10\/Gonzalo-Refi-auto.jpg 992w, https:\/\/www.elsindical.com.ar\/notas\/var\/www\/html\/notas\/wp-content\/uploads\/2021\/10\/Gonzalo-Refi-auto-300x169.jpg 300w, https:\/\/www.elsindical.com.ar\/notas\/var\/www\/html\/notas\/wp-content\/uploads\/2021\/10\/Gonzalo-Refi-auto-768x432.jpg 768w, https:\/\/www.elsindical.com.ar\/notas\/var\/www\/html\/notas\/wp-content\/uploads\/2021\/10\/Gonzalo-Refi-auto-500x281.jpg 500w, https:\/\/www.elsindical.com.ar\/notas\/var\/www\/html\/notas\/wp-content\/uploads\/2021\/10\/Gonzalo-Refi-auto-460x260.jpg 460w\" sizes=\"auto, (max-width: 992px) 100vw, 992px\" \/><\/a><\/figure>\n\n\n\n<p>       El due\u00f1o del auto usado por los delincuentes para embocar al joven empresario Gonzalo Refi, asesinado en el partido de Lan\u00fas al intentar evadir el robo, se entreg\u00f3 luego de que la polic\u00eda encontrara escondido el auto en un garage de Lan\u00fas Oeste y procedieran a su b\u00fasqueda, el delincuente se present\u00f3 en el municipio de Lan\u00fas junto a un abogado.<\/p>\n\n\n\n<p>En un r\u00e1pido accionar polic\u00edas de Lan\u00fas trabajando bajo la supervisi\u00f3n de la Superintendencia Regi\u00f3n AMBA SUR I, a cargo del Superintendente Javier Carlos Villar, avanzaron en la investigaci\u00f3n del intento de robo que termin\u00f3 con el homicidio del joven empresario oriundo de la ciudad de La Plata.<\/p>\n\n\n\n<p>La polic\u00eda lleg\u00f3 a un garage en la calle 20 de septiembre Nro. 2921, de Lan\u00fas Oeste, donde encontraron el auto usado para el crimen, un Citro\u00ebn DS3, patente OVP025, que es propiedad del joven que se entreg\u00f3 identificado como Facundo Nicol\u00e1s Gonz\u00e1lez, de 21 a\u00f1os, con domicilio en Lan\u00fas.<\/p>\n\n\n\n<figure class=\"wp-block-gallery columns-1 is-cropped wp-block-gallery-1 is-layout-flex wp-block-gallery-is-layout-flex\"><ul class=\"blocks-gallery-grid\"><li class=\"blocks-gallery-item\"><figure><a href=\"https:\/\/www.elsindical.com.ar\/notas\/var\/www\/html\/notas\/wp-content\/uploads\/2021\/10\/aopkposa4.jpg\"><img loading=\"lazy\" decoding=\"async\" width=\"934\" height=\"696\" src=\"https:\/\/www.elsindical.com.ar\/notas\/var\/www\/html\/notas\/wp-content\/uploads\/2021\/10\/aopkposa4.jpg\" alt=\"\" data-id=\"108510\" data-full-url=\"https:\/\/www.elsindical.com.ar\/notas\/var\/www\/html\/notas\/wp-content\/uploads\/2021\/10\/aopkposa4.jpg\" data-link=\"https:\/\/www.elsindical.com.ar\/notas\/?attachment_id=108510#main\" class=\"wp-image-108510\" srcset=\"https:\/\/www.elsindical.com.ar\/notas\/var\/www\/html\/notas\/wp-content\/uploads\/2021\/10\/aopkposa4.jpg 934w, https:\/\/www.elsindical.com.ar\/notas\/var\/www\/html\/notas\/wp-content\/uploads\/2021\/10\/aopkposa4-300x224.jpg 300w, https:\/\/www.elsindical.com.ar\/notas\/var\/www\/html\/notas\/wp-content\/uploads\/2021\/10\/aopkposa4-768x572.jpg 768w, https:\/\/www.elsindical.com.ar\/notas\/var\/www\/html\/notas\/wp-content\/uploads\/2021\/10\/aopkposa4-403x300.jpg 403w\" sizes=\"auto, (max-width: 934px) 100vw, 934px\" \/><\/a><\/figure><\/li><li class=\"blocks-gallery-item\"><figure><a href=\"https:\/\/www.elsindical.com.ar\/notas\/var\/www\/html\/notas\/wp-content\/uploads\/2021\/10\/estacionamiento-auto-asesinos-Lanus.jpg\"><img loading=\"lazy\" decoding=\"async\" width=\"1024\" height=\"558\" src=\"https:\/\/www.elsindical.com.ar\/notas\/var\/www\/html\/notas\/wp-content\/uploads\/2021\/10\/estacionamiento-auto-asesinos-Lanus-1024x558.jpg\" alt=\"\" data-id=\"108511\" data-full-url=\"https:\/\/www.elsindical.com.ar\/notas\/var\/www\/html\/notas\/wp-content\/uploads\/2021\/10\/estacionamiento-auto-asesinos-Lanus.jpg\" data-link=\"https:\/\/www.elsindical.com.ar\/notas\/?attachment_id=108511#main\" class=\"wp-image-108511\" srcset=\"https:\/\/www.elsindical.com.ar\/notas\/var\/www\/html\/notas\/wp-content\/uploads\/2021\/10\/estacionamiento-auto-asesinos-Lanus-1024x558.jpg 1024w, https:\/\/www.elsindical.com.ar\/notas\/var\/www\/html\/notas\/wp-content\/uploads\/2021\/10\/estacionamiento-auto-asesinos-Lanus-300x163.jpg 300w, https:\/\/www.elsindical.com.ar\/notas\/var\/www\/html\/notas\/wp-content\/uploads\/2021\/10\/estacionamiento-auto-asesinos-Lanus-768x418.jpg 768w, https:\/\/www.elsindical.com.ar\/notas\/var\/www\/html\/notas\/wp-content\/uploads\/2021\/10\/estacionamiento-auto-asesinos-Lanus-500x272.jpg 500w, https:\/\/www.elsindical.com.ar\/notas\/var\/www\/html\/notas\/wp-content\/uploads\/2021\/10\/estacionamiento-auto-asesinos-Lanus.jpg 1091w\" sizes=\"auto, (max-width: 1024px) 100vw, 1024px\" \/><\/a><\/figure><\/li><\/ul><\/figure>\n","protected":false},"excerpt":{"rendered":"<p>El due\u00f1o del auto usado por los delincuentes para embocar al joven empresario Gonzalo Refi, asesinado en el partido de Lan\u00fas al intentar evadir el robo, se entreg\u00f3 luego de que la polic\u00eda encontrara escondido el auto en un garage de Lan\u00fas Oeste y procedieran a su b\u00fasqueda, el delincuente se present\u00f3 en el municipio&hellip;<\/p>\n","protected":false},"author":1,"featured_media":108509,"comment_status":"open","ping_status":"open","sticky":false,"template":"","format":"standard","meta":{"footnotes":""},"categories":[22],"tags":[2450,35723,35710,2329,209,116,32890,32891],"class_list":["post-108508","post","type-post","status-publish","format-standard","has-post-thumbnail","hentry","category-policiales","tag-diario-el-sindical","tag-facundo-nicolas-gonzalez","tag-gonzalo-refi","tag-homicidio","tag-lanus","tag-robo","tag-superintendencia-region-amba-sur-i","tag-superintendente-javier-carlos-villar"],"_links":{"self":[{"href":"https:\/\/www.elsindical.com.ar\/notas\/wp-json\/wp\/v2\/posts\/108508","targetHints":{"allow":["GET"]}}],"collection":[{"href":"https:\/\/www.elsindical.com.ar\/notas\/wp-json\/wp\/v2\/posts"}],"about":[{"href":"https:\/\/www.elsindical.com.ar\/notas\/wp-json\/wp\/v2\/types\/post"}],"author":[{"embeddable":true,"href":"https:\/\/www.elsindical.com.ar\/notas\/wp-json\/wp\/v2\/users\/1"}],"replies":[{"embeddable":true,"href":"https:\/\/www.elsindical.com.ar\/notas\/wp-json\/wp\/v2\/comments?post=108508"}],"version-history":[{"count":1,"href":"https:\/\/www.elsindical.com.ar\/notas\/wp-json\/wp\/v2\/posts\/108508\/revisions"}],"predecessor-version":[{"id":108512,"href":"https:\/\/www.elsindical.com.ar\/notas\/wp-json\/wp\/v2\/posts\/108508\/revisions\/108512"}],"wp:featuredmedia":[{"embeddable":true,"href":"https:\/\/www.elsindical.com.ar\/notas\/wp-json\/wp\/v2\/media\/108509"}],"wp:attachment":[{"href":"https:\/\/www.elsindical.com.ar\/notas\/wp-json\/wp\/v2\/media?parent=108508"}],"wp:term":[{"taxonomy":"category","embeddable":true,"href":"https:\/\/www.elsindical.com.ar\/notas\/wp-json\/wp\/v2\/categories?post=108508"},{"taxonomy":"post_tag","embeddable":true,"href":"https:\/\/www.elsindical.com.ar\/notas\/wp-json\/wp\/v2\/tags?post=108508"}],"curies":[{"name":"wp","href":"https:\/\/api.w.org\/{rel}","templated":true}]}}