{"id":10850,"date":"2010-11-18T00:21:12","date_gmt":"2010-11-18T03:21:12","guid":{"rendered":"http:\/\/www.elsindical.com.ar\/notas\/?p=10850"},"modified":"2010-11-18T00:21:12","modified_gmt":"2010-11-18T03:21:12","slug":"chacomurio-beba-violada-por-amigo-de-la-madre","status":"publish","type":"post","link":"https:\/\/www.elsindical.com.ar\/notas\/chacomurio-beba-violada-por-amigo-de-la-madre\/","title":{"rendered":"Chaco:Muri\u00f3 beba violada por amigo de la madre"},"content":{"rendered":"<p style=\"text-align: justify;\"><em><a href=\"http:\/\/www.elsindical.com.ar\/notas\/var\/www\/html\/notas\/wp-content\/uploads\/2010\/11\/Javier-G\u00f3mez-violador-Chaco.jpg\"><img loading=\"lazy\" decoding=\"async\" class=\"alignleft size-medium wp-image-10851\" title=\"Javier-G\u00f3mez-violador-Chaco\" src=\"http:\/\/www.elsindical.com.ar\/notas\/var\/www\/html\/notas\/wp-content\/uploads\/2010\/11\/Javier-G\u00f3mez-violador-Chaco-300x193.jpg\" alt=\"\" width=\"300\" height=\"193\" srcset=\"https:\/\/www.elsindical.com.ar\/notas\/var\/www\/html\/notas\/wp-content\/uploads\/2010\/11\/Javier-G\u00f3mez-violador-Chaco-300x193.jpg 300w, https:\/\/www.elsindical.com.ar\/notas\/var\/www\/html\/notas\/wp-content\/uploads\/2010\/11\/Javier-G\u00f3mez-violador-Chaco.jpg 443w\" sizes=\"auto, (max-width: 300px) 100vw, 300px\" \/><\/a>La menor muri\u00f3 luego de que fuera ultrajada por <strong>un amigo de su madre, <\/strong>luego de que ambos bebieran juntos<strong>\u00a0<\/strong>en la ciudad de Resistencia. <strong>La\u00a0mam\u00e1 fue\u00a0detenida.<\/strong><\/em><\/p>\n<p style=\"text-align: justify;\">La peque\u00f1a, llamada<strong> Giuliana<\/strong>, se encontraba internada en el Hospital Pedi\u00e1trico de Resistencia con lesiones como desgarro vaginal y hemorragia intestinal provocadas por la violaci\u00f3n, y de acuerdo con lo se\u00f1alado, <strong>muri\u00f3 como consecuencia de ellas <\/strong>cerca del mediod\u00eda del martes.<\/p>\n<p>Adem\u00e1s del sospechoso, un hombre de 32 a\u00f1os, <strong>fue detenida la madre de la nena<\/strong>, llamada Vanesa, de 24 a\u00f1os, seg\u00fan publica el<em> Diario Norte <\/em>de esta ciudad.<\/p>\n<p>De acuerdo con lo que se desprende de la investigaci\u00f3n del caso, el hecho ocurri\u00f3 el mi\u00e9rcoles de la semana pasada, luego de que <strong>el acusado y detenido bebiera cerveza junto a la madre <\/strong>de la menor en el barrio La Rubita.<\/p>\n<p>En cierto momento, el hombre, que<strong> sufre algunas discapacidades f\u00edsicas<\/strong>, se llev\u00f3 a la beba de su amiga y<strong> la viol\u00f3 en un descampado, para luego abandonarla en el lugar<\/strong>, seg\u00fan consigna el diario.<\/p>\n<p>Poco despu\u00e9s, <strong>los llantos de la peque\u00f1a alertaron a la mujer<\/strong>, que la fue a buscar al\u00a0terreno y la llev\u00f3 al hospital.<\/p>\n<p>El acusado Javier G\u00f3mez fue detenido poco despu\u00e9s y ante los polic\u00edas <strong>asegur\u00f3 no poder recordar lo\u00a0ocurrido<\/strong>. El hombre fue derivado a la comisar\u00eda de otro barrio para evitar la una violenta reacci\u00f3n de los vecinos.<\/p>\n<p>Una vez que se conoci\u00f3 la muerte de la peque\u00f1a, la <strong>fiscal Graciela Griffith de Barreto<\/strong>, que interviene en el caso, dispuso la detenci\u00f3n de la madre y la entrega del cuerpo de la bebita a su padre.<\/p>\n","protected":false},"excerpt":{"rendered":"<p>La menor muri\u00f3 luego de que fuera ultrajada por un amigo de su madre, luego de que ambos bebieran juntos\u00a0en la ciudad de Resistencia. La\u00a0mam\u00e1 fue\u00a0detenida. La peque\u00f1a, llamada Giuliana, se encontraba internada en el Hospital Pedi\u00e1trico de Resistencia con lesiones como desgarro vaginal y hemorragia intestinal provocadas por la violaci\u00f3n, y de acuerdo con&hellip;<\/p>\n","protected":false},"author":1,"featured_media":0,"comment_status":"open","ping_status":"open","sticky":false,"template":"","format":"standard","meta":{"footnotes":""},"categories":[22],"tags":[255,2444,5152,5154,223,30,5151,5150,5153],"class_list":["post-10850","post","type-post","status-publish","format-standard","hentry","category-policiales","tag-chaco","tag-depravado","tag-giuliana","tag-javier-gomez","tag-menor","tag-policia","tag-resistencia","tag-ultrajada","tag-vanesa"],"_links":{"self":[{"href":"https:\/\/www.elsindical.com.ar\/notas\/wp-json\/wp\/v2\/posts\/10850","targetHints":{"allow":["GET"]}}],"collection":[{"href":"https:\/\/www.elsindical.com.ar\/notas\/wp-json\/wp\/v2\/posts"}],"about":[{"href":"https:\/\/www.elsindical.com.ar\/notas\/wp-json\/wp\/v2\/types\/post"}],"author":[{"embeddable":true,"href":"https:\/\/www.elsindical.com.ar\/notas\/wp-json\/wp\/v2\/users\/1"}],"replies":[{"embeddable":true,"href":"https:\/\/www.elsindical.com.ar\/notas\/wp-json\/wp\/v2\/comments?post=10850"}],"version-history":[{"count":1,"href":"https:\/\/www.elsindical.com.ar\/notas\/wp-json\/wp\/v2\/posts\/10850\/revisions"}],"predecessor-version":[{"id":10852,"href":"https:\/\/www.elsindical.com.ar\/notas\/wp-json\/wp\/v2\/posts\/10850\/revisions\/10852"}],"wp:attachment":[{"href":"https:\/\/www.elsindical.com.ar\/notas\/wp-json\/wp\/v2\/media?parent=10850"}],"wp:term":[{"taxonomy":"category","embeddable":true,"href":"https:\/\/www.elsindical.com.ar\/notas\/wp-json\/wp\/v2\/categories?post=10850"},{"taxonomy":"post_tag","embeddable":true,"href":"https:\/\/www.elsindical.com.ar\/notas\/wp-json\/wp\/v2\/tags?post=10850"}],"curies":[{"name":"wp","href":"https:\/\/api.w.org\/{rel}","templated":true}]}}