{"id":108495,"date":"2021-10-13T18:08:34","date_gmt":"2021-10-13T21:08:34","guid":{"rendered":"https:\/\/www.elsindical.com.ar\/notas\/?p=108495"},"modified":"2021-10-13T18:19:22","modified_gmt":"2021-10-13T21:19:22","slug":"quilmes-la-policia-esclarecio-el-asesinato-del-adolescente-lucas-ivan-cancino","status":"publish","type":"post","link":"https:\/\/www.elsindical.com.ar\/notas\/quilmes-la-policia-esclarecio-el-asesinato-del-adolescente-lucas-ivan-cancino\/","title":{"rendered":"Quilmes: La polic\u00eda esclareci\u00f3 el asesinato del adolescente Lucas Iv\u00e1n Cancino"},"content":{"rendered":"\n<div class=\"wp-block-image\"><figure class=\"aligncenter size-full\"><a href=\"https:\/\/www.elsindical.com.ar\/notas\/var\/www\/html\/notas\/wp-content\/uploads\/2021\/10\/ad9w.jpg\"><img loading=\"lazy\" decoding=\"async\" width=\"926\" height=\"700\" src=\"https:\/\/www.elsindical.com.ar\/notas\/var\/www\/html\/notas\/wp-content\/uploads\/2021\/10\/ad9w.jpg\" alt=\"\" class=\"wp-image-108496\" srcset=\"https:\/\/www.elsindical.com.ar\/notas\/var\/www\/html\/notas\/wp-content\/uploads\/2021\/10\/ad9w.jpg 926w, https:\/\/www.elsindical.com.ar\/notas\/var\/www\/html\/notas\/wp-content\/uploads\/2021\/10\/ad9w-300x227.jpg 300w, https:\/\/www.elsindical.com.ar\/notas\/var\/www\/html\/notas\/wp-content\/uploads\/2021\/10\/ad9w-768x581.jpg 768w, https:\/\/www.elsindical.com.ar\/notas\/var\/www\/html\/notas\/wp-content\/uploads\/2021\/10\/ad9w-397x300.jpg 397w\" sizes=\"auto, (max-width: 926px) 100vw, 926px\" \/><\/a><\/figure><\/div>\n\n\n\n<p>       Con un importante operativo policial, los efectivos de la Estaci\u00f3n de Polic\u00eda de Quilmes trabajaron en conjunto para esclarecer en horas el homicidio del adolescente Lucas Cancino que fuera v\u00edctima de robo cuando se dirig\u00eda a la escuela por parte de tres delincuentes que lo apu\u00f1alaron al intentar evitar el robo.<\/p>\n\n\n\n<p>Fue importante el trabajo en el lugar de la Fiscal Karina Gallo de la UFI 4 del Departamento Judicial de Quilmes, para que los efectivos policiales actuaran con celeridad bajo la supervisi\u00f3n del Ministerio de Seguridad en la persona del propio Sergio Berni quien critic\u00f3 a los fiscales por otorgar libertades a imputados de delitos graves ya que uno de los aprehendidos hace pocos d\u00edas fue detenido acusado por robo agravado por el uso de arma de fuego y recuper\u00f3 la libertad en 4 d\u00edas.<\/p>\n\n\n\n<p>Personalmente el Superintendente Javier Villar dispuso el uso de todos los recursos y personal policial para dar con los delincuentes que fueron puestos a disposici\u00f3n de la justicia y recibieron el repudio de los presentes en la comisar\u00eda 1ra que reclamaban por justicia para Lucas.<\/p>\n\n\n\n<p>El parte policial:<\/p>\n\n\n\n<p>HOMICIDIO AGRAVADO EN OCASI\u00d3N DE ROBO-QUILMES- ESCLARECIDO DOS APREHENDIDOS- UN MASCULINO IDENTIFICADO<br>S.R. AMBA SUR 1- CRIA. 1RA<br>13OCT2021<br>LUGAR: CDTE. NAVAL E\/ASCASUBI Y LUGONES.-<br>Fecha, 07:30 Hs., se toma conocimiento de un herido de arma blanca en Combate Naval e\/Ascasubi y Lugones, por lo que constituido personal constata la veracidad de los dichos estableciendo que un masculino identificado como LUCAS IVAN CANCINO, arg., 17 a\u00f1os se encontraba sin signos vitales y tras averiguaciones realizadas se establece que momentos antes dos masculinos intentan cometerle il\u00edcito, hiri\u00e9ndolo de muerte (herida punzo-cortante a la altura del t\u00f3rax a la altura del coraz\u00f3n), sin llegar a sustraerle pertenencias, presente Dra. Gallo ( UFIJ Nro. 04), Polic\u00eda cient\u00edfica, DDI Quilmes quienes realizan tareas de rigor. Abocada la totalidad de los gabinetes de Estaci\u00f3n Quilmes se establece dos posibles domicilios de ocultamiento, uno sito en Mozart entre Lugones y Juan Cruz Varela, donde se aprehende de urgencia en los fondos del lote a Rodrigo Rivas, argentino, (19), (autor material) junto a LAGOS BRIAN LAUTARO, argentino, (20), indocumentado (este \u00faltimo solo identificado), efectivizando el traslado, a posterior en el allanamiento en urgencia de la morada de Rivas, se procede al secuestro de campera negra, remera clara (coincidente con im\u00e1genes f\u00edlmica), A posterior constituidos en Storni e\/ Syerra y Jorge Newbery, domicilio del segundo participante del hecho, se procede al allanamiento en urgencia secuestrando prendas utilizadas en el hecho. De rastrillaje se logra la aprehensi\u00f3n de Mej\u00edas Nazareno Juan Cruz, argentino, (20), indocumentado (a) convulsi\u00f3n, quien se hallaba oculto en la misma manzana sobre un ba\u00f1ado dentro de mangrullo. Por \u00faltimo en la arteria Lugones e\/Mozart y Syerra se procede al secuestro del arma blanca de tipo cuchilla (utilizada en el hecho). Mantenida comunicaci\u00f3n con magistrado confirmo la aprehensi\u00f3n de Mej\u00edas y Rivas en orden al delito de ep\u00edgrafe actuaciones de rigor. Fdo. Javier Carlos Villar Comisario Mayor Superintendente Regi\u00f3n AMBA Sur I.<\/p>\n\n\n\n<figure class=\"wp-block-gallery columns-1 is-cropped wp-block-gallery-1 is-layout-flex wp-block-gallery-is-layout-flex\"><ul class=\"blocks-gallery-grid\"><li class=\"blocks-gallery-item\"><figure><a href=\"https:\/\/www.elsindical.com.ar\/notas\/var\/www\/html\/notas\/wp-content\/uploads\/2021\/10\/jodajp54.jpg\"><img loading=\"lazy\" decoding=\"async\" width=\"381\" height=\"584\" src=\"https:\/\/www.elsindical.com.ar\/notas\/var\/www\/html\/notas\/wp-content\/uploads\/2021\/10\/jodajp54.jpg\" alt=\"\" data-id=\"108497\" data-full-url=\"https:\/\/www.elsindical.com.ar\/notas\/var\/www\/html\/notas\/wp-content\/uploads\/2021\/10\/jodajp54.jpg\" data-link=\"https:\/\/www.elsindical.com.ar\/notas\/?attachment_id=108497#main\" class=\"wp-image-108497\" srcset=\"https:\/\/www.elsindical.com.ar\/notas\/var\/www\/html\/notas\/wp-content\/uploads\/2021\/10\/jodajp54.jpg 381w, https:\/\/www.elsindical.com.ar\/notas\/var\/www\/html\/notas\/wp-content\/uploads\/2021\/10\/jodajp54-196x300.jpg 196w\" sizes=\"auto, (max-width: 381px) 100vw, 381px\" \/><\/a><\/figure><\/li><li class=\"blocks-gallery-item\"><figure><a href=\"https:\/\/www.elsindical.com.ar\/notas\/var\/www\/html\/notas\/wp-content\/uploads\/2021\/10\/jaosd4.jpg\"><img loading=\"lazy\" decoding=\"async\" width=\"433\" height=\"578\" src=\"https:\/\/www.elsindical.com.ar\/notas\/var\/www\/html\/notas\/wp-content\/uploads\/2021\/10\/jaosd4.jpg\" alt=\"\" data-id=\"108498\" data-full-url=\"https:\/\/www.elsindical.com.ar\/notas\/var\/www\/html\/notas\/wp-content\/uploads\/2021\/10\/jaosd4.jpg\" data-link=\"https:\/\/www.elsindical.com.ar\/notas\/?attachment_id=108498#main\" class=\"wp-image-108498\" srcset=\"https:\/\/www.elsindical.com.ar\/notas\/var\/www\/html\/notas\/wp-content\/uploads\/2021\/10\/jaosd4.jpg 433w, https:\/\/www.elsindical.com.ar\/notas\/var\/www\/html\/notas\/wp-content\/uploads\/2021\/10\/jaosd4-225x300.jpg 225w\" sizes=\"auto, (max-width: 433px) 100vw, 433px\" \/><\/a><\/figure><\/li><li class=\"blocks-gallery-item\"><figure><a href=\"https:\/\/www.elsindical.com.ar\/notas\/var\/www\/html\/notas\/wp-content\/uploads\/2021\/10\/jajpos41.jpg\"><img loading=\"lazy\" decoding=\"async\" width=\"476\" height=\"627\" src=\"https:\/\/www.elsindical.com.ar\/notas\/var\/www\/html\/notas\/wp-content\/uploads\/2021\/10\/jajpos41.jpg\" alt=\"\" data-id=\"108499\" data-full-url=\"https:\/\/www.elsindical.com.ar\/notas\/var\/www\/html\/notas\/wp-content\/uploads\/2021\/10\/jajpos41.jpg\" data-link=\"https:\/\/www.elsindical.com.ar\/notas\/?attachment_id=108499#main\" class=\"wp-image-108499\" srcset=\"https:\/\/www.elsindical.com.ar\/notas\/var\/www\/html\/notas\/wp-content\/uploads\/2021\/10\/jajpos41.jpg 476w, https:\/\/www.elsindical.com.ar\/notas\/var\/www\/html\/notas\/wp-content\/uploads\/2021\/10\/jajpos41-228x300.jpg 228w\" sizes=\"auto, (max-width: 476px) 100vw, 476px\" \/><\/a><\/figure><\/li><li class=\"blocks-gallery-item\"><figure><a href=\"https:\/\/www.elsindical.com.ar\/notas\/var\/www\/html\/notas\/wp-content\/uploads\/2021\/10\/jodass21.jpg\"><img loading=\"lazy\" decoding=\"async\" width=\"383\" height=\"541\" src=\"https:\/\/www.elsindical.com.ar\/notas\/var\/www\/html\/notas\/wp-content\/uploads\/2021\/10\/jodass21.jpg\" alt=\"\" data-id=\"108500\" data-full-url=\"https:\/\/www.elsindical.com.ar\/notas\/var\/www\/html\/notas\/wp-content\/uploads\/2021\/10\/jodass21.jpg\" data-link=\"https:\/\/www.elsindical.com.ar\/notas\/?attachment_id=108500#main\" class=\"wp-image-108500\" srcset=\"https:\/\/www.elsindical.com.ar\/notas\/var\/www\/html\/notas\/wp-content\/uploads\/2021\/10\/jodass21.jpg 383w, https:\/\/www.elsindical.com.ar\/notas\/var\/www\/html\/notas\/wp-content\/uploads\/2021\/10\/jodass21-212x300.jpg 212w\" sizes=\"auto, (max-width: 383px) 100vw, 383px\" \/><\/a><\/figure><\/li><\/ul><\/figure>\n\n\n\n<figure class=\"wp-block-embed is-type-video is-provider-youtube wp-block-embed-youtube wp-embed-aspect-16-9 wp-has-aspect-ratio\"><div class=\"wp-block-embed__wrapper\">\n<iframe loading=\"lazy\" title=\"Quilmes: La polic\u00eda esclareci\u00f3 el asesinato del adolescente Lucas Iv\u00e1n Cancino\" width=\"700\" height=\"394\" src=\"https:\/\/www.youtube.com\/embed\/CCViM0xhiSE?feature=oembed\" frameborder=\"0\" allow=\"accelerometer; autoplay; clipboard-write; encrypted-media; gyroscope; picture-in-picture\" allowfullscreen><\/iframe>\n<\/div><\/figure>\n","protected":false},"excerpt":{"rendered":"<p>Con un importante operativo policial, los efectivos de la Estaci\u00f3n de Polic\u00eda de Quilmes trabajaron en conjunto para esclarecer en horas el homicidio del adolescente Lucas Cancino que fuera v\u00edctima de robo cuando se dirig\u00eda a la escuela por parte de tres delincuentes que lo apu\u00f1alaron al intentar evitar el robo. Fue importante el trabajo&hellip;<\/p>\n","protected":false},"author":1,"featured_media":108496,"comment_status":"open","ping_status":"open","sticky":false,"template":"","format":"standard","meta":{"footnotes":""},"categories":[22],"tags":[2329,35720,684,116,32890,32891],"class_list":["post-108495","post","type-post","status-publish","format-standard","has-post-thumbnail","hentry","category-policiales","tag-homicidio","tag-lucas-ivan-cancino","tag-quilmes","tag-robo","tag-superintendencia-region-amba-sur-i","tag-superintendente-javier-carlos-villar"],"_links":{"self":[{"href":"https:\/\/www.elsindical.com.ar\/notas\/wp-json\/wp\/v2\/posts\/108495","targetHints":{"allow":["GET"]}}],"collection":[{"href":"https:\/\/www.elsindical.com.ar\/notas\/wp-json\/wp\/v2\/posts"}],"about":[{"href":"https:\/\/www.elsindical.com.ar\/notas\/wp-json\/wp\/v2\/types\/post"}],"author":[{"embeddable":true,"href":"https:\/\/www.elsindical.com.ar\/notas\/wp-json\/wp\/v2\/users\/1"}],"replies":[{"embeddable":true,"href":"https:\/\/www.elsindical.com.ar\/notas\/wp-json\/wp\/v2\/comments?post=108495"}],"version-history":[{"count":2,"href":"https:\/\/www.elsindical.com.ar\/notas\/wp-json\/wp\/v2\/posts\/108495\/revisions"}],"predecessor-version":[{"id":108502,"href":"https:\/\/www.elsindical.com.ar\/notas\/wp-json\/wp\/v2\/posts\/108495\/revisions\/108502"}],"wp:featuredmedia":[{"embeddable":true,"href":"https:\/\/www.elsindical.com.ar\/notas\/wp-json\/wp\/v2\/media\/108496"}],"wp:attachment":[{"href":"https:\/\/www.elsindical.com.ar\/notas\/wp-json\/wp\/v2\/media?parent=108495"}],"wp:term":[{"taxonomy":"category","embeddable":true,"href":"https:\/\/www.elsindical.com.ar\/notas\/wp-json\/wp\/v2\/categories?post=108495"},{"taxonomy":"post_tag","embeddable":true,"href":"https:\/\/www.elsindical.com.ar\/notas\/wp-json\/wp\/v2\/tags?post=108495"}],"curies":[{"name":"wp","href":"https:\/\/api.w.org\/{rel}","templated":true}]}}