{"id":108455,"date":"2021-10-12T22:47:49","date_gmt":"2021-10-13T01:47:49","guid":{"rendered":"https:\/\/www.elsindical.com.ar\/notas\/?p=108455"},"modified":"2021-10-12T22:47:50","modified_gmt":"2021-10-13T01:47:50","slug":"lanus-mataron-a-tiros-un-comerciante-de-la-plata-en-medio-de-un-brutal-robo","status":"publish","type":"post","link":"https:\/\/www.elsindical.com.ar\/notas\/lanus-mataron-a-tiros-un-comerciante-de-la-plata-en-medio-de-un-brutal-robo\/","title":{"rendered":"Lan\u00fas: Mataron a tiros un comerciante de La Plata en medio de un brutal robo"},"content":{"rendered":"\n<figure class=\"wp-block-image size-large\"><a href=\"https:\/\/www.elsindical.com.ar\/notas\/var\/www\/html\/notas\/wp-content\/uploads\/2021\/10\/Gonzalo-Refi.jpg\"><img loading=\"lazy\" decoding=\"async\" width=\"1024\" height=\"684\" src=\"https:\/\/www.elsindical.com.ar\/notas\/var\/www\/html\/notas\/wp-content\/uploads\/2021\/10\/Gonzalo-Refi-1024x684.jpg\" alt=\"\" class=\"wp-image-108456\" srcset=\"https:\/\/www.elsindical.com.ar\/notas\/var\/www\/html\/notas\/wp-content\/uploads\/2021\/10\/Gonzalo-Refi-1024x684.jpg 1024w, https:\/\/www.elsindical.com.ar\/notas\/var\/www\/html\/notas\/wp-content\/uploads\/2021\/10\/Gonzalo-Refi-300x200.jpg 300w, https:\/\/www.elsindical.com.ar\/notas\/var\/www\/html\/notas\/wp-content\/uploads\/2021\/10\/Gonzalo-Refi-768x513.jpg 768w, https:\/\/www.elsindical.com.ar\/notas\/var\/www\/html\/notas\/wp-content\/uploads\/2021\/10\/Gonzalo-Refi-449x300.jpg 449w, https:\/\/www.elsindical.com.ar\/notas\/var\/www\/html\/notas\/wp-content\/uploads\/2021\/10\/Gonzalo-Refi.jpg 1037w\" sizes=\"auto, (max-width: 1024px) 100vw, 1024px\" \/><\/a><\/figure>\n\n\n\n<p><strong>Un comerciante platense de 32 a\u00f1os fue asesinado este martes por la tarde de al menos dos balazos en Lan\u00fas<\/strong>, y se investiga si lo mataron delincuentes que previamente lo habr\u00edan citado en el lugar para realizar una compra de estanter\u00edas inform\u00e1ticas, informaron fuentes policiales.<\/p>\n\n\n\n<p>El hecho se registr\u00f3 en la calle Honduras al 1.600, en esa localidad del sur del Gran Buenos Aires, <strong>cuando la v\u00edctima se resisti\u00f3 a un asalto y al intentar escapar en su Audi S3 fue baleado por los asaltantes<\/strong> y a unos 100 metros choc\u00f3 y qued\u00f3 sobre la vereda.<\/p>\n\n\n\n<p>De acuerdo a lo manifestado por los informantes, el hecho comenz\u00f3 en las inmediaciones del cruce de Honduras y La Rioja, en la localidad de Gerli, cuando los sujetos, quienes se desplazaban armados y a bordo de un Citro\u00ebn DS3 blanco, interceptaron al damnificado, quien manejaba un Audi, dominio HUK 656.<\/p>\n\n\n\n<p>Seg\u00fan informaron fuentes oficiales, un llamado al 911 alert\u00f3 a la Polic\u00eda y un m\u00f3vil se acerc\u00f3 hasta el lugar del hecho para corroborar la denuncia. Al arribar, encontraron el veh\u00edculo y en el interior a la v\u00edctima, identificada como <strong>Gonzalo Refi<\/strong>. <strong>\u00abTen\u00eda una herida de arma de fuego en el rostro\u00bb<\/strong>, explicaron los voceros.<\/p>\n\n\n\n<p>De acuerdo al relato de los testigos, <strong>se corrobor\u00f3 que varios ladrones lo hab\u00edan interceptado con intenciones de robo y que durante la fuga le dispararon al rodado<\/strong>. Sobre los sospechosos a\u00fan no trascendieron mayores precisiones, por lo que la investigaci\u00f3n avanza en pos de esclarecer el hecho.<\/p>\n\n\n\n<p>En el lugar trabaj\u00f3 el personal de Polic\u00eda Cient\u00edfica y el Gabinete T\u00e9cnico Operativo (GTO) de las&nbsp;seccionales abocadas a la pesquisa. Se orden\u00f3 el relevo de c\u00e1maras de seguridad ubicadas en la zona y que podr\u00edan haber captado la secuencia.<\/p>\n","protected":false},"excerpt":{"rendered":"<p>Un comerciante platense de 32 a\u00f1os fue asesinado este martes por la tarde de al menos dos balazos en Lan\u00fas, y se investiga si lo mataron delincuentes que previamente lo habr\u00edan citado en el lugar para realizar una compra de estanter\u00edas inform\u00e1ticas, informaron fuentes policiales. El hecho se registr\u00f3 en la calle Honduras al 1.600,&hellip;<\/p>\n","protected":false},"author":1,"featured_media":108456,"comment_status":"open","ping_status":"open","sticky":false,"template":"","format":"standard","meta":{"footnotes":""},"categories":[22],"tags":[363,2450,1662,35710,209,116],"class_list":["post-108455","post","type-post","status-publish","format-standard","has-post-thumbnail","hentry","category-policiales","tag-asesinato","tag-diario-el-sindical","tag-gerli","tag-gonzalo-refi","tag-lanus","tag-robo"],"_links":{"self":[{"href":"https:\/\/www.elsindical.com.ar\/notas\/wp-json\/wp\/v2\/posts\/108455","targetHints":{"allow":["GET"]}}],"collection":[{"href":"https:\/\/www.elsindical.com.ar\/notas\/wp-json\/wp\/v2\/posts"}],"about":[{"href":"https:\/\/www.elsindical.com.ar\/notas\/wp-json\/wp\/v2\/types\/post"}],"author":[{"embeddable":true,"href":"https:\/\/www.elsindical.com.ar\/notas\/wp-json\/wp\/v2\/users\/1"}],"replies":[{"embeddable":true,"href":"https:\/\/www.elsindical.com.ar\/notas\/wp-json\/wp\/v2\/comments?post=108455"}],"version-history":[{"count":1,"href":"https:\/\/www.elsindical.com.ar\/notas\/wp-json\/wp\/v2\/posts\/108455\/revisions"}],"predecessor-version":[{"id":108457,"href":"https:\/\/www.elsindical.com.ar\/notas\/wp-json\/wp\/v2\/posts\/108455\/revisions\/108457"}],"wp:featuredmedia":[{"embeddable":true,"href":"https:\/\/www.elsindical.com.ar\/notas\/wp-json\/wp\/v2\/media\/108456"}],"wp:attachment":[{"href":"https:\/\/www.elsindical.com.ar\/notas\/wp-json\/wp\/v2\/media?parent=108455"}],"wp:term":[{"taxonomy":"category","embeddable":true,"href":"https:\/\/www.elsindical.com.ar\/notas\/wp-json\/wp\/v2\/categories?post=108455"},{"taxonomy":"post_tag","embeddable":true,"href":"https:\/\/www.elsindical.com.ar\/notas\/wp-json\/wp\/v2\/tags?post=108455"}],"curies":[{"name":"wp","href":"https:\/\/api.w.org\/{rel}","templated":true}]}}