{"id":108433,"date":"2021-10-12T07:59:52","date_gmt":"2021-10-12T10:59:52","guid":{"rendered":"https:\/\/www.elsindical.com.ar\/notas\/?p=108433"},"modified":"2021-10-12T07:59:53","modified_gmt":"2021-10-12T10:59:53","slug":"roberto-feletti-yo-creo-en-los-controles","status":"publish","type":"post","link":"https:\/\/www.elsindical.com.ar\/notas\/roberto-feletti-yo-creo-en-los-controles\/","title":{"rendered":"Roberto Feletti: \u201cYo creo en los controles\u201d"},"content":{"rendered":"\n<div class=\"wp-block-image\"><figure class=\"aligncenter size-large\"><a href=\"https:\/\/www.elsindical.com.ar\/notas\/var\/www\/html\/notas\/wp-content\/uploads\/2021\/10\/Roberto-Feletti-1.jpg\"><img loading=\"lazy\" decoding=\"async\" width=\"1024\" height=\"576\" src=\"https:\/\/www.elsindical.com.ar\/notas\/var\/www\/html\/notas\/wp-content\/uploads\/2021\/10\/Roberto-Feletti-1-1024x576.jpg\" alt=\"\" class=\"wp-image-108434\" srcset=\"https:\/\/www.elsindical.com.ar\/notas\/var\/www\/html\/notas\/wp-content\/uploads\/2021\/10\/Roberto-Feletti-1-1024x576.jpg 1024w, https:\/\/www.elsindical.com.ar\/notas\/var\/www\/html\/notas\/wp-content\/uploads\/2021\/10\/Roberto-Feletti-1-300x169.jpg 300w, https:\/\/www.elsindical.com.ar\/notas\/var\/www\/html\/notas\/wp-content\/uploads\/2021\/10\/Roberto-Feletti-1-768x432.jpg 768w, https:\/\/www.elsindical.com.ar\/notas\/var\/www\/html\/notas\/wp-content\/uploads\/2021\/10\/Roberto-Feletti-1-500x281.jpg 500w, https:\/\/www.elsindical.com.ar\/notas\/var\/www\/html\/notas\/wp-content\/uploads\/2021\/10\/Roberto-Feletti-1-460x260.jpg 460w, https:\/\/www.elsindical.com.ar\/notas\/var\/www\/html\/notas\/wp-content\/uploads\/2021\/10\/Roberto-Feletti-1.jpg 1200w\" sizes=\"auto, (max-width: 1024px) 100vw, 1024px\" \/><\/a><\/figure><\/div>\n\n\n\n<p>El ex viceministro durante la gesti\u00f3n de Amado Boudou sostuvo que hay que acordar \u00abcon intendentes, sindicatos, y organizaciones sociales\u00bb para fiscalizar precios.<\/p>\n\n\n\n<p>El designado secretario de Comercio Interior, Roberto Feletti, sostuvo hoy que el objetivo de su gesti\u00f3n ser\u00e1 \u201cbajar el peso de la canasta b\u00e1sica alimentaria en el salario\u201d, para \u201crecuperar ese legado del peronismo donde el pueblo com\u00eda m\u00e1s o menos lo que quer\u00eda\u201d.<\/p>\n\n\n\n<p>\u201cEs un momento muy dif\u00edcil para la Argentina y no puede haber mezquindad. Tenemos que recuperar ese legado del peronismo donde el pueblo com\u00eda m\u00e1s o menos lo que quer\u00eda y lo com\u00eda desde su casa\u201d, enfatiz\u00f3 el ex funcionario del municipio de La Matanza.<\/p>\n\n\n\n<p>En ese sentido, indic\u00f3 que \u201cbajar el peso de la canasta b\u00e1sica alimentaria en el salario es fundamental para que haya resto para comprar indumentaria, electrodom\u00e9sticos, para comer afuera, porque si no, no hay mercado interno\u201d aunque reconoci\u00f3 que ese objetivo \u201ces muy dif\u00edcil en este momento\u201d.<\/p>\n\n\n\n<p>\u201cEso es lo normal. Lo que no es normal que alguien sobre un bien de consumo esencial fije el precio que quiere, la cantidad que quiere, y el que puede comprar, compra y el que no que se arregle\u201d, advirti\u00f3. Para el reemplazante de Paula Espa\u00f1ol, \u201cac\u00e1 hay una sola v\u00edctima, que es el pueblo argentino que no llega a fin de mes\u201d.<\/p>\n\n\n\n<p>\u201cYo voy a convocar a los productores y comercializadores, probablemente juntos, pero es fundamental hablar con la verdad en la mano y no victimizarse\u201d, adelant\u00f3 al tiempo que subray\u00f3 que \u201chay que hacer un acuerdo racional donde se respeten los m\u00e1rgenes de ganancia, donde se respete la posibilidad de expandir la producci\u00f3n y el consumo\u201d.<\/p>\n\n\n\n<p>El exviceministro durante la gesti\u00f3n de Amado Boudou al frente de Hacienda destac\u00f3 que es necesario \u201chablar racionalmente de costos, de m\u00e1rgenes de ganancias; ese es el desaf\u00edo m\u00e1s grande: lograr que el pueblo pueda ir a una g\u00f3ndola, elegir el producto que le gusta y consumirlo\u201d.<\/p>\n\n\n\n<p>Asimismo, en una suerte de declaraci\u00f3n de principios resalt\u00f3: \u201cYo creo en los controles y en los controles de los monopolios. Keynes dec\u00eda que si a los monopolios no se los regula terminan destruyendo la econom\u00eda y la sociedad, yo creo que la fiscalizaci\u00f3n de precios es territorial, creo que hay que estar en acuerdo con intendentes y sindicatos, y organizaciones sociales que colaboren\u201d, subray\u00f3.<\/p>\n","protected":false},"excerpt":{"rendered":"<p>El ex viceministro durante la gesti\u00f3n de Amado Boudou sostuvo que hay que acordar \u00abcon intendentes, sindicatos, y organizaciones sociales\u00bb para fiscalizar precios. El designado secretario de Comercio Interior, Roberto Feletti, sostuvo hoy que el objetivo de su gesti\u00f3n ser\u00e1 \u201cbajar el peso de la canasta b\u00e1sica alimentaria en el salario\u201d, para \u201crecuperar ese legado&hellip;<\/p>\n","protected":false},"author":1,"featured_media":108434,"comment_status":"open","ping_status":"open","sticky":false,"template":"","format":"standard","meta":{"footnotes":""},"categories":[13],"tags":[3586,2450,22023,761,15238,8729],"class_list":["post-108433","post","type-post","status-publish","format-standard","has-post-thumbnail","hentry","category-politica","tag-amado-boudou","tag-diario-el-sindical","tag-economia","tag-gobierno-nacional","tag-roberto-feletti","tag-secretario-de-comercio-interior"],"_links":{"self":[{"href":"https:\/\/www.elsindical.com.ar\/notas\/wp-json\/wp\/v2\/posts\/108433","targetHints":{"allow":["GET"]}}],"collection":[{"href":"https:\/\/www.elsindical.com.ar\/notas\/wp-json\/wp\/v2\/posts"}],"about":[{"href":"https:\/\/www.elsindical.com.ar\/notas\/wp-json\/wp\/v2\/types\/post"}],"author":[{"embeddable":true,"href":"https:\/\/www.elsindical.com.ar\/notas\/wp-json\/wp\/v2\/users\/1"}],"replies":[{"embeddable":true,"href":"https:\/\/www.elsindical.com.ar\/notas\/wp-json\/wp\/v2\/comments?post=108433"}],"version-history":[{"count":1,"href":"https:\/\/www.elsindical.com.ar\/notas\/wp-json\/wp\/v2\/posts\/108433\/revisions"}],"predecessor-version":[{"id":108435,"href":"https:\/\/www.elsindical.com.ar\/notas\/wp-json\/wp\/v2\/posts\/108433\/revisions\/108435"}],"wp:featuredmedia":[{"embeddable":true,"href":"https:\/\/www.elsindical.com.ar\/notas\/wp-json\/wp\/v2\/media\/108434"}],"wp:attachment":[{"href":"https:\/\/www.elsindical.com.ar\/notas\/wp-json\/wp\/v2\/media?parent=108433"}],"wp:term":[{"taxonomy":"category","embeddable":true,"href":"https:\/\/www.elsindical.com.ar\/notas\/wp-json\/wp\/v2\/categories?post=108433"},{"taxonomy":"post_tag","embeddable":true,"href":"https:\/\/www.elsindical.com.ar\/notas\/wp-json\/wp\/v2\/tags?post=108433"}],"curies":[{"name":"wp","href":"https:\/\/api.w.org\/{rel}","templated":true}]}}