{"id":108400,"date":"2021-10-10T13:57:30","date_gmt":"2021-10-10T16:57:30","guid":{"rendered":"https:\/\/www.elsindical.com.ar\/notas\/?p=108400"},"modified":"2021-10-10T13:57:31","modified_gmt":"2021-10-10T16:57:31","slug":"se-reunio-la-mesa-federal-nacional-de-los-desocupados-y-precarizados-de-la-ccc","status":"publish","type":"post","link":"https:\/\/www.elsindical.com.ar\/notas\/se-reunio-la-mesa-federal-nacional-de-los-desocupados-y-precarizados-de-la-ccc\/","title":{"rendered":"Se reuni\u00f3 la Mesa Federal Nacional de los Desocupados y Precarizados de la CCC"},"content":{"rendered":"\n<div class=\"wp-block-image\"><figure class=\"aligncenter size-full is-resized\"><a href=\"https:\/\/www.elsindical.com.ar\/notas\/var\/www\/html\/notas\/wp-content\/uploads\/2021\/10\/mesa-federal-nacional-desocupados.jpeg\"><img loading=\"lazy\" decoding=\"async\" src=\"https:\/\/www.elsindical.com.ar\/notas\/var\/www\/html\/notas\/wp-content\/uploads\/2021\/10\/mesa-federal-nacional-desocupados.jpeg\" alt=\"\" class=\"wp-image-108403\" width=\"712\" height=\"364\" srcset=\"https:\/\/www.elsindical.com.ar\/notas\/var\/www\/html\/notas\/wp-content\/uploads\/2021\/10\/mesa-federal-nacional-desocupados.jpeg 579w, https:\/\/www.elsindical.com.ar\/notas\/var\/www\/html\/notas\/wp-content\/uploads\/2021\/10\/mesa-federal-nacional-desocupados-300x153.jpeg 300w, https:\/\/www.elsindical.com.ar\/notas\/var\/www\/html\/notas\/wp-content\/uploads\/2021\/10\/mesa-federal-nacional-desocupados-500x256.jpeg 500w\" sizes=\"auto, (max-width: 712px) 100vw, 712px\" \/><\/a><\/figure><\/div>\n\n\n\n<p><strong>En la Plata 6, 7 y 8 de octubre 2021 funcion\u00f3 durante tres d\u00edas en forma presencial, despu\u00e9s de mas de 19 meses de hacerlo virtualmente, la Mesa Federal Nacional de los desocupados y precarizados de la CCC.<\/strong><\/p>\n\n\n\n<p>Representantes de 35 zonas de 17 de provincias durante tres d\u00edas, analizaron la situaci\u00f3n pol\u00edtica y el estado de los reclamos de las necesidades y sufrimientos de de millones de compatriotas que est\u00e1n golpeados por la pandemia, los cuatro a\u00f1os de Macrismo y la necesidad de las medidas a tomar en lo inmediato y las de fondo para abrir otra esperanza para nuestro pueblo.<\/p>\n\n\n\n<p>Tomando las medidas de prevenci\u00f3n se funciono el mi\u00e9rcoles en el Camping de ATSA en Olmos y jueves y viernes en el Camping de ATE Ensenada en Punta Lara.<\/p>\n\n\n\n<p>Juan Carlos Alderete, coordinador nacional de los desocupados \/ precarizados y diputado nacional del PTP en el Frente de Todos, abri\u00f3 la reuni\u00f3n proponiendo un minuto de silencio en homenaje al fallecido Oscar Rolando Navarro, un hist\u00f3rico dirigente clasista, fundador de la agrupaci\u00f3n clasista 1\u00b0 de Mayo en Dinfia\/Cordoba, de los protagonistas de Cordobazo y hoy hasta su muerte secretario del PCR de la Pcia de Tucuman y miembro de su Comit\u00e9 Central.<\/p>\n\n\n\n<p>En un gran esfuerzo organizativo vinieron a la reuni\u00f3n dirigentes de Entre R\u00edos, Mendoza, San Juan, La Pampa, Jujuy, Santa Fe, Rosario, San Luis, Salta Corrientes, Rio Negro, Formosa, Neuquen, Misiones, Tucuman, La Rioja. De la Pcia de Bs As: La Plata, Quilmes Berazategui Varela, Matanza, Bah\u00eda Blanca, Patagones, Chivilcoy, San Nicolas, Berisso, Mar del Plata, San Mart\u00edn, Oeste, Norte, Zarate, Campana y de CABA las zonas Centro, Norte y&nbsp; Sudoeste.<\/p>\n\n\n\n<p>Venimos de largos meses de sufrimiento por la pandemia que no fue mayor en gran medida por el protagonismo de los movimientos sociales (y la CCC fue parte de eso) y de muchos verdaderos h\u00e9roes que hoy no est\u00e1n. Y con las limitaciones de esa pandemia en CABA, conurbano y en todo el pais en los barrios y en las calles seguimos luchando. Cuesti\u00f3n que coloc\u00f3 a la CCC y a las organizaciones sociales en el centro de la escena pol\u00edtica nacional<\/p>\n\n\n\n<p>Desde ahi la Mesa Federal abordo la situaci\u00f3n nacional, sobre la presentaci\u00f3n de un guion de discusi\u00f3n que fue extensamente debatido y que fue aprobado por unanimidad.<\/p>\n\n\n\n<p>Entre los puntos principales est\u00e1:<\/p>\n\n\n\n<ul class=\"wp-block-list\"><li><em>Que el resultado de las PASO realizadas el 12 de septiembre pasado produjeron un cimbronazo pol\u00edtico en el pa\u00eds. El pueblo pateo el tablero y tens\u00f3 la lucha pol\u00edtica en relaci\u00f3n a las elecciones parlamentarias del pr\u00f3ximo 14 de noviembre. Que la crisis generada por los cuatro a\u00f1os del gobierno de Macri, Vidal y Larreta se agrav\u00f3 por la pandemia del coronavirus. Que si bien en 2020 el gobierno acompa\u00f1\u00f3 el enorme esfuerzo que se le ped\u00eda al pueblo con una fuerte inversi\u00f3n para fortalecer el sistema de salud y medidas de asistencia, en 2021 aplic\u00f3 de hecho un ajuste que redujo la asistencia social en&nbsp; la segunda ola de la pandemia. Y la bronca, el descontento por esa situaci\u00f3n se expres\u00f3 en las elecciones del 12 de septiembre<\/em><\/li><\/ul>\n\n\n\n<ul class=\"wp-block-list\"><li><em>La CCC es parte del Frente de Todos, pero no del Gobierno, porque no participamos donde se toman las decisiones ni somos consultados. Hoy no alcanzan los parches que no revierten la grave situaci\u00f3n que vive la mayor\u00eda de nuestro pueblo..y PLATA HAY. El problema es que se destina a pagar las deudas y estafas financieras acordadas por el macrismo\u2026y se mantiene&nbsp; la timba financiera de los bancos con las Leliq<\/em><\/li><\/ul>\n\n\n\n<ul class=\"wp-block-list\"><li><em>El resultado electoral&nbsp; sacudi\u00f3 al Gobierno y al Frente de Todos marcando la necesidad de dar respuesta urgente a las graves emergencias de nuestro pueblo\u2026y coloc\u00f3 como ganador a Juntos por el Cambio (J x C) principal responsable de la grave crisis que padecemos y del enorme endeudamiento con el FMI y que representan a los sectores m\u00e1s antipopulares, entreguistas y reaccionarios de nuestro pa\u00eds. Representan a la oligarqu\u00eda terrateniente, grandes monopolios y bancos que se benefician con el atraso y la dependencia de Argentina y que no solo se ilusionan con volver en 2023 sino en tener mayor\u00eda en el Congreso, ahora para imponer sus leyes de reforma laboral contra los trabajadores y si pueden, precipitar la salida del gobierno del Frente de Todos.<\/em><\/li><\/ul>\n\n\n\n<p><em>Por eso desde el an\u00e1lisis de la situaci\u00f3n pol\u00edtica y precisando el enemigo principal, el blanco de nuestra lucha para avanzar hacia una salida a favor del pueblo, la CCC plantea para avanzar en un camino liberador, debemos enfrentarlos y derrotarlos. Y el Frente de Todos es la herramienta que construimos para derrotarlos electoralmente. Si ahora por los errores, debilidades y disputas internas del Gobierno Nacional o Provincial dividimos el Frente de Todos el macrismo y todos los reaccionarios de Argentina se fortalecen y avanzan y por eso llamamos a <strong>VOTAR AL FRENTE DE TODOS PARA CERRARLE EL PASO AL MACRISMO<\/strong><\/em>.<\/p>\n\n\n\n<p><em>Y por eso nuestra campa\u00f1a a favor del Frente de Todos la hacemos poni\u00e9ndonos a la cabeza de la lucha por las necesidades populares. Y el Gobierno debe dar respuesta a esas necesidades populares.<\/em><\/p>\n\n\n\n<p><em>Tambi\u00e9n en forma particular se abordo todas las reivindicaciones para resolver las urgencias de los compa\u00f1eras y compa\u00f1eros.<\/em><\/p>\n\n\n\n<p><em>Y para fortalecer a la CCC se vio de fortalecer la lucha ideol\u00f3gica desde el clasismo.<\/em><\/p>\n\n\n\n<p><em>La pandemia limit\u00f3 el funcionamiento de la democracia grande de las asambleas, que no llega a resolver la virtualidad y por eso se discuti\u00f3 especialmente garantizar el protagonismo de todos y todas en las asambleas que rinda cuentas y se decida en la mas amplia democracia, que es lo contrario al caudillismo y el punterismo ajeno a lo que definimos debe ser la CCC. Esto para que sea una gran organizaci\u00f3n, que contribuya al servicio del gran objetivo, de <strong>dar vuelta el viento<\/strong> <strong>para otro destino para nuestra patria.<\/strong><\/em><\/p>\n\n\n\n<p><em>Por ultimo se resolvi\u00f3&nbsp; un <\/em><strong><em>PLAN DE LUCHA:<\/em><\/strong><\/p>\n\n\n\n<p>1) Desplegar la campa\u00f1a electoral por el Frente de Todos para las elecciones del 14 de noviembre encabezando la lucha por respuesta ya a los reclamos populares.<\/p>\n\n\n\n<p>2) El 6 de octubre acompa\u00f1amos la movilizaci\u00f3n al Congreso de los pueblos originarios por la pr\u00f3rroga de la Ley 26.160 y la sanci\u00f3n de la Ley de propiedad comunitaria. (que se realizo&nbsp; mientras funcionaba la Mesa)<\/p>\n\n\n\n<p>3) El <em>18 de octubre marcharemos junto a la CGT por Techo, Tierra y Trabajo y contra la reforma laboral que promueve Juntos por el Cambio<\/em><\/p>\n\n\n\n<p><em>4)&nbsp; Promover para fines de octubre una gran movilizaci\u00f3n nacional<\/em>.<\/p>\n\n\n\n<p><em>Se realizo un agradecimiento especial a la hospitalidad y la atenci\u00f3n de las y los compa\u00f1eros de La Plata, organizadores de los tres d\u00edas de la reuni\u00f3n, que fue reconocido en un acto con todos lo que trabajaron para su funcionamiento.<\/em><\/p>\n\n\n\n<p>A finalizar la <strong>Mesa Nacional<\/strong>, se recibi\u00f3 el saludo de la <strong>Federaci\u00f3n Nacional Campesina<\/strong> (FNC) de Roberto Solano y Malvina Luera y Alejandro Rusconi del <strong>Movimiento Evita<\/strong> y Natalia Lopez de <strong>Barrios de Pie<\/strong>.<\/p>\n\n\n\n<figure class=\"wp-block-gallery columns-1 is-cropped wp-block-gallery-1 is-layout-flex wp-block-gallery-is-layout-flex\"><ul class=\"blocks-gallery-grid\"><li class=\"blocks-gallery-item\"><figure><a href=\"https:\/\/www.elsindical.com.ar\/notas\/var\/www\/html\/notas\/wp-content\/uploads\/2021\/10\/mesa-federal-02.jpeg\"><img loading=\"lazy\" decoding=\"async\" width=\"626\" height=\"352\" src=\"https:\/\/www.elsindical.com.ar\/notas\/var\/www\/html\/notas\/wp-content\/uploads\/2021\/10\/mesa-federal-02.jpeg\" alt=\"\" data-id=\"108401\" data-full-url=\"https:\/\/www.elsindical.com.ar\/notas\/var\/www\/html\/notas\/wp-content\/uploads\/2021\/10\/mesa-federal-02.jpeg\" data-link=\"https:\/\/www.elsindical.com.ar\/notas\/?attachment_id=108401#main\" class=\"wp-image-108401\" srcset=\"https:\/\/www.elsindical.com.ar\/notas\/var\/www\/html\/notas\/wp-content\/uploads\/2021\/10\/mesa-federal-02.jpeg 626w, https:\/\/www.elsindical.com.ar\/notas\/var\/www\/html\/notas\/wp-content\/uploads\/2021\/10\/mesa-federal-02-300x169.jpeg 300w, https:\/\/www.elsindical.com.ar\/notas\/var\/www\/html\/notas\/wp-content\/uploads\/2021\/10\/mesa-federal-02-500x281.jpeg 500w, https:\/\/www.elsindical.com.ar\/notas\/var\/www\/html\/notas\/wp-content\/uploads\/2021\/10\/mesa-federal-02-460x260.jpeg 460w\" sizes=\"auto, (max-width: 626px) 100vw, 626px\" \/><\/a><\/figure><\/li><li class=\"blocks-gallery-item\"><figure><a href=\"https:\/\/www.elsindical.com.ar\/notas\/var\/www\/html\/notas\/wp-content\/uploads\/2021\/10\/mesa-federal-01.jpeg\"><img loading=\"lazy\" decoding=\"async\" width=\"700\" height=\"393\" src=\"https:\/\/www.elsindical.com.ar\/notas\/var\/www\/html\/notas\/wp-content\/uploads\/2021\/10\/mesa-federal-01.jpeg\" alt=\"\" data-id=\"108402\" data-full-url=\"https:\/\/www.elsindical.com.ar\/notas\/var\/www\/html\/notas\/wp-content\/uploads\/2021\/10\/mesa-federal-01.jpeg\" data-link=\"https:\/\/www.elsindical.com.ar\/notas\/?attachment_id=108402#main\" class=\"wp-image-108402\" srcset=\"https:\/\/www.elsindical.com.ar\/notas\/var\/www\/html\/notas\/wp-content\/uploads\/2021\/10\/mesa-federal-01.jpeg 700w, https:\/\/www.elsindical.com.ar\/notas\/var\/www\/html\/notas\/wp-content\/uploads\/2021\/10\/mesa-federal-01-300x168.jpeg 300w, https:\/\/www.elsindical.com.ar\/notas\/var\/www\/html\/notas\/wp-content\/uploads\/2021\/10\/mesa-federal-01-500x281.jpeg 500w\" sizes=\"auto, (max-width: 700px) 100vw, 700px\" \/><\/a><\/figure><\/li><\/ul><\/figure>\n","protected":false},"excerpt":{"rendered":"<p>En la Plata 6, 7 y 8 de octubre 2021 funcion\u00f3 durante tres d\u00edas en forma presencial, despu\u00e9s de mas de 19 meses de hacerlo virtualmente, la Mesa Federal Nacional de los desocupados y precarizados de la CCC. Representantes de 35 zonas de 17 de provincias durante tres d\u00edas, analizaron la situaci\u00f3n pol\u00edtica y el&hellip;<\/p>\n","protected":false},"author":1,"featured_media":108403,"comment_status":"open","ping_status":"open","sticky":false,"template":"","format":"standard","meta":{"footnotes":""},"categories":[13],"tags":[290,3370,12209,2450,33433,35687,35688],"class_list":["post-108400","post","type-post","status-publish","format-standard","has-post-thumbnail","hentry","category-politica","tag-ate","tag-atsa","tag-ccc","tag-diario-el-sindical","tag-juan-carlos-alderete","tag-mesa-federal-nacional-desocupados","tag-ptp"],"_links":{"self":[{"href":"https:\/\/www.elsindical.com.ar\/notas\/wp-json\/wp\/v2\/posts\/108400","targetHints":{"allow":["GET"]}}],"collection":[{"href":"https:\/\/www.elsindical.com.ar\/notas\/wp-json\/wp\/v2\/posts"}],"about":[{"href":"https:\/\/www.elsindical.com.ar\/notas\/wp-json\/wp\/v2\/types\/post"}],"author":[{"embeddable":true,"href":"https:\/\/www.elsindical.com.ar\/notas\/wp-json\/wp\/v2\/users\/1"}],"replies":[{"embeddable":true,"href":"https:\/\/www.elsindical.com.ar\/notas\/wp-json\/wp\/v2\/comments?post=108400"}],"version-history":[{"count":1,"href":"https:\/\/www.elsindical.com.ar\/notas\/wp-json\/wp\/v2\/posts\/108400\/revisions"}],"predecessor-version":[{"id":108404,"href":"https:\/\/www.elsindical.com.ar\/notas\/wp-json\/wp\/v2\/posts\/108400\/revisions\/108404"}],"wp:featuredmedia":[{"embeddable":true,"href":"https:\/\/www.elsindical.com.ar\/notas\/wp-json\/wp\/v2\/media\/108403"}],"wp:attachment":[{"href":"https:\/\/www.elsindical.com.ar\/notas\/wp-json\/wp\/v2\/media?parent=108400"}],"wp:term":[{"taxonomy":"category","embeddable":true,"href":"https:\/\/www.elsindical.com.ar\/notas\/wp-json\/wp\/v2\/categories?post=108400"},{"taxonomy":"post_tag","embeddable":true,"href":"https:\/\/www.elsindical.com.ar\/notas\/wp-json\/wp\/v2\/tags?post=108400"}],"curies":[{"name":"wp","href":"https:\/\/api.w.org\/{rel}","templated":true}]}}