{"id":108287,"date":"2021-10-06T07:17:25","date_gmt":"2021-10-06T10:17:25","guid":{"rendered":"https:\/\/www.elsindical.com.ar\/notas\/?p=108287"},"modified":"2021-10-06T07:18:06","modified_gmt":"2021-10-06T10:18:06","slug":"la-bienal-de-performance-anuncia-la-programacion-de-su-4-edicion","status":"publish","type":"post","link":"https:\/\/www.elsindical.com.ar\/notas\/la-bienal-de-performance-anuncia-la-programacion-de-su-4-edicion\/","title":{"rendered":"La Bienal de Performance anuncia la programaci\u00f3n de su 4\u00b0 edici\u00f3n"},"content":{"rendered":"\n<div class=\"wp-block-image\"><figure class=\"aligncenter size-full is-resized\"><a href=\"http:\/\/bienalbp.org\/bp21\/\"><img loading=\"lazy\" decoding=\"async\" src=\"https:\/\/www.elsindical.com.ar\/notas\/var\/www\/html\/notas\/wp-content\/uploads\/2021\/10\/BP-21.jpeg\" alt=\"\" class=\"wp-image-108288\" width=\"770\" height=\"218\" srcset=\"https:\/\/www.elsindical.com.ar\/notas\/var\/www\/html\/notas\/wp-content\/uploads\/2021\/10\/BP-21.jpeg 640w, https:\/\/www.elsindical.com.ar\/notas\/var\/www\/html\/notas\/wp-content\/uploads\/2021\/10\/BP-21-300x85.jpeg 300w, https:\/\/www.elsindical.com.ar\/notas\/var\/www\/html\/notas\/wp-content\/uploads\/2021\/10\/BP-21-500x141.jpeg 500w\" sizes=\"auto, (max-width: 770px) 100vw, 770px\" \/><\/a><\/figure><\/div>\n\n\n\n<figure class=\"wp-block-table\"><table><tbody><tr><td><strong>La Bienal de Performance anuncia la programaci\u00f3n de su&nbsp;4\u00b0 edici\u00f3n<\/strong><\/td><\/tr><\/tbody><\/table><\/figure>\n\n\n\n<figure class=\"wp-block-table\"><table><tbody><tr><td>&nbsp; El 19 de noviembre comenzar\u00e1 la cuarta edici\u00f3n de la Bienal de Performance. En esta oportunidad, el evento presenta un renovado formato: su duraci\u00f3n ser\u00e1 de cinco meses -extendi\u00e9ndose a lo largo de todo el per\u00edodo estival- hasta el 16 de abril de 2022.<br><br>Con direcci\u00f3n general de <strong>Graciela Casab\u00e9<\/strong>, curadur\u00eda de la programaci\u00f3n art\u00edstica de <strong>Maricel <\/strong><strong>\u00c1lvarez<\/strong> y direcci\u00f3n acad\u00e9mica de <strong>Susana Tambutti<\/strong>, BP.21 presenta una veintena de creaciones -la mayor\u00eda en car\u00e1cter de estreno mundial-, un nutritivo programa acad\u00e9mico -anclado en la diversidad y la disidencia- y dos programas invitados: <em>Impulso Cazadores<\/em>, curado por Mariana Obersztern y <em>Festival de Arte Queer -FAQ- <\/em>con curadur\u00eda de Lisa Kerner y Violeta Uman.<br><br>La Bienal celebrar\u00e1 el cierre de su programaci\u00f3n con el estreno de los dos proyectos seleccionados de la primera convocatoria abierta que organiza desde su creaci\u00f3n. El jurado invitado para elegir estos trabajos est\u00e1 integrado por Alejandra Aguado, Mercedes Halfon y Fernando Rubio.<br><br>Cabe destacar que todas las actividades -art\u00edsticas y pedag\u00f3gicas- ser\u00e1n gratuitas y que -en su gran mayor\u00eda-&nbsp; se desarrollar\u00e1n en el espacio p\u00fablico y al aire libre.<br>&nbsp;<\/td><\/tr><\/tbody><\/table><\/figure>\n\n\n\n<figure class=\"wp-block-table\"><table><tbody><tr><td>&nbsp; <a href=\"https:\/\/marisolcambre.us7.list-manage.com\/track\/click?u=5954b9531af64c2f6bbad880e&amp;id=2e18db2a47&amp;e=0316e42802\" target=\"_blank\" rel=\"noreferrer noopener\"><strong>Conoc\u00e9 la programaci\u00f3n<\/strong><\/a><br>19 de noviembre 2021 al 16 abril 2022<br><a href=\"https:\/\/marisolcambre.us7.list-manage.com\/track\/click?u=5954b9531af64c2f6bbad880e&amp;id=f78da4b37a&amp;e=0316e42802\" target=\"_blank\" rel=\"noreferrer noopener\">Youtube<\/a> &#8211; <a href=\"https:\/\/marisolcambre.us7.list-manage.com\/track\/click?u=5954b9531af64c2f6bbad880e&amp;id=6a8be39c90&amp;e=0316e42802\" target=\"_blank\" rel=\"noreferrer noopener\">Instagram<\/a> &#8211; <a href=\"https:\/\/marisolcambre.us7.list-manage.com\/track\/click?u=5954b9531af64c2f6bbad880e&amp;id=912f81eea3&amp;e=0316e42802\" target=\"_blank\" rel=\"noreferrer noopener\">Facebook<\/a> &#8211; <a href=\"https:\/\/marisolcambre.us7.list-manage.com\/track\/click?u=5954b9531af64c2f6bbad880e&amp;id=8090bee3d4&amp;e=0316e42802\" target=\"_blank\" rel=\"noreferrer noopener\">Twitter<\/a><br><a href=\"https:\/\/marisolcambre.us7.list-manage.com\/track\/click?u=5954b9531af64c2f6bbad880e&amp;id=b894c08063&amp;e=0316e42802\" target=\"_blank\" rel=\"noreferrer noopener\">Material fotogr\u00e1fico<\/a><br><a href=\"https:\/\/marisolcambre.us7.list-manage.com\/track\/click?u=5954b9531af64c2f6bbad880e&amp;id=71128696d5&amp;e=0316e42802\" target=\"_blank\" rel=\"noreferrer noopener\">Material audiovisual<\/a><br>www.bienalbp.org<br>#veranoperform\u00e1tico<\/td><\/tr><\/tbody><\/table><\/figure>\n\n\n\n<figure class=\"wp-block-gallery columns-1 is-cropped wp-block-gallery-1 is-layout-flex wp-block-gallery-is-layout-flex\"><ul class=\"blocks-gallery-grid\"><li class=\"blocks-gallery-item\"><figure><a href=\"https:\/\/www.elsindical.com.ar\/notas\/var\/www\/html\/notas\/wp-content\/uploads\/2021\/10\/Bienal-Performance-21-a.jpg\"><img loading=\"lazy\" decoding=\"async\" width=\"820\" height=\"615\" src=\"https:\/\/www.elsindical.com.ar\/notas\/var\/www\/html\/notas\/wp-content\/uploads\/2021\/10\/Bienal-Performance-21-a.jpg\" alt=\"\" data-id=\"108289\" data-full-url=\"https:\/\/www.elsindical.com.ar\/notas\/var\/www\/html\/notas\/wp-content\/uploads\/2021\/10\/Bienal-Performance-21-a.jpg\" data-link=\"https:\/\/www.elsindical.com.ar\/notas\/?attachment_id=108289#main\" class=\"wp-image-108289\" srcset=\"https:\/\/www.elsindical.com.ar\/notas\/var\/www\/html\/notas\/wp-content\/uploads\/2021\/10\/Bienal-Performance-21-a.jpg 820w, https:\/\/www.elsindical.com.ar\/notas\/var\/www\/html\/notas\/wp-content\/uploads\/2021\/10\/Bienal-Performance-21-a-300x225.jpg 300w, https:\/\/www.elsindical.com.ar\/notas\/var\/www\/html\/notas\/wp-content\/uploads\/2021\/10\/Bienal-Performance-21-a-768x576.jpg 768w, https:\/\/www.elsindical.com.ar\/notas\/var\/www\/html\/notas\/wp-content\/uploads\/2021\/10\/Bienal-Performance-21-a-400x300.jpg 400w\" sizes=\"auto, (max-width: 820px) 100vw, 820px\" \/><\/a><\/figure><\/li><li class=\"blocks-gallery-item\"><figure><a href=\"https:\/\/www.elsindical.com.ar\/notas\/var\/www\/html\/notas\/wp-content\/uploads\/2021\/10\/Bienal-Performance-21-b.jpg\"><img loading=\"lazy\" decoding=\"async\" width=\"1024\" height=\"768\" src=\"https:\/\/www.elsindical.com.ar\/notas\/var\/www\/html\/notas\/wp-content\/uploads\/2021\/10\/Bienal-Performance-21-b-1024x768.jpg\" alt=\"\" data-id=\"108290\" data-full-url=\"https:\/\/www.elsindical.com.ar\/notas\/var\/www\/html\/notas\/wp-content\/uploads\/2021\/10\/Bienal-Performance-21-b.jpg\" data-link=\"https:\/\/www.elsindical.com.ar\/notas\/?attachment_id=108290#main\" class=\"wp-image-108290\" srcset=\"https:\/\/www.elsindical.com.ar\/notas\/var\/www\/html\/notas\/wp-content\/uploads\/2021\/10\/Bienal-Performance-21-b-1024x768.jpg 1024w, https:\/\/www.elsindical.com.ar\/notas\/var\/www\/html\/notas\/wp-content\/uploads\/2021\/10\/Bienal-Performance-21-b-300x225.jpg 300w, https:\/\/www.elsindical.com.ar\/notas\/var\/www\/html\/notas\/wp-content\/uploads\/2021\/10\/Bienal-Performance-21-b-768x576.jpg 768w, https:\/\/www.elsindical.com.ar\/notas\/var\/www\/html\/notas\/wp-content\/uploads\/2021\/10\/Bienal-Performance-21-b-400x300.jpg 400w, https:\/\/www.elsindical.com.ar\/notas\/var\/www\/html\/notas\/wp-content\/uploads\/2021\/10\/Bienal-Performance-21-b-1536x1152.jpg 1536w, https:\/\/www.elsindical.com.ar\/notas\/var\/www\/html\/notas\/wp-content\/uploads\/2021\/10\/Bienal-Performance-21-b.jpg 1893w\" sizes=\"auto, (max-width: 1024px) 100vw, 1024px\" \/><\/a><\/figure><\/li><\/ul><\/figure>\n","protected":false},"excerpt":{"rendered":"<p>La Bienal de Performance anuncia la programaci\u00f3n de su&nbsp;4\u00b0 edici\u00f3n &nbsp; El 19 de noviembre comenzar\u00e1 la cuarta edici\u00f3n de la Bienal de Performance. En esta oportunidad, el evento presenta un renovado formato: su duraci\u00f3n ser\u00e1 de cinco meses -extendi\u00e9ndose a lo largo de todo el per\u00edodo estival- hasta el 16 de abril de 2022.&hellip;<\/p>\n","protected":false},"author":1,"featured_media":108288,"comment_status":"open","ping_status":"open","sticky":false,"template":"","format":"standard","meta":{"footnotes":""},"categories":[15],"tags":[35182,2450,35651,35652,35653],"class_list":["post-108287","post","type-post","status-publish","format-standard","has-post-thumbnail","hentry","category-espectaculos","tag-bienal-de-performance","tag-diario-el-sindical","tag-graciela-casabe","tag-maricel-alvarez","tag-susana-tambutti"],"_links":{"self":[{"href":"https:\/\/www.elsindical.com.ar\/notas\/wp-json\/wp\/v2\/posts\/108287","targetHints":{"allow":["GET"]}}],"collection":[{"href":"https:\/\/www.elsindical.com.ar\/notas\/wp-json\/wp\/v2\/posts"}],"about":[{"href":"https:\/\/www.elsindical.com.ar\/notas\/wp-json\/wp\/v2\/types\/post"}],"author":[{"embeddable":true,"href":"https:\/\/www.elsindical.com.ar\/notas\/wp-json\/wp\/v2\/users\/1"}],"replies":[{"embeddable":true,"href":"https:\/\/www.elsindical.com.ar\/notas\/wp-json\/wp\/v2\/comments?post=108287"}],"version-history":[{"count":1,"href":"https:\/\/www.elsindical.com.ar\/notas\/wp-json\/wp\/v2\/posts\/108287\/revisions"}],"predecessor-version":[{"id":108291,"href":"https:\/\/www.elsindical.com.ar\/notas\/wp-json\/wp\/v2\/posts\/108287\/revisions\/108291"}],"wp:featuredmedia":[{"embeddable":true,"href":"https:\/\/www.elsindical.com.ar\/notas\/wp-json\/wp\/v2\/media\/108288"}],"wp:attachment":[{"href":"https:\/\/www.elsindical.com.ar\/notas\/wp-json\/wp\/v2\/media?parent=108287"}],"wp:term":[{"taxonomy":"category","embeddable":true,"href":"https:\/\/www.elsindical.com.ar\/notas\/wp-json\/wp\/v2\/categories?post=108287"},{"taxonomy":"post_tag","embeddable":true,"href":"https:\/\/www.elsindical.com.ar\/notas\/wp-json\/wp\/v2\/tags?post=108287"}],"curies":[{"name":"wp","href":"https:\/\/api.w.org\/{rel}","templated":true}]}}