{"id":108261,"date":"2021-10-05T10:40:00","date_gmt":"2021-10-05T13:40:00","guid":{"rendered":"https:\/\/www.elsindical.com.ar\/notas\/?p=108261"},"modified":"2021-10-05T10:41:21","modified_gmt":"2021-10-05T13:41:21","slug":"detectan-negociados-millonarios-y-la-uatre-lleva-a-la-justicia-penal-a-su-tesorero-y-a-funcionarios","status":"publish","type":"post","link":"https:\/\/www.elsindical.com.ar\/notas\/detectan-negociados-millonarios-y-la-uatre-lleva-a-la-justicia-penal-a-su-tesorero-y-a-funcionarios\/","title":{"rendered":"Detectan negociados millonarios y la UATRE lleva a la justicia penal a su tesorero y a funcionarios"},"content":{"rendered":"\n<figure class=\"wp-block-image size-full\"><a href=\"https:\/\/www.elsindical.com.ar\/notas\/var\/www\/html\/notas\/wp-content\/uploads\/2021\/10\/Jose-Voytenco.jpg\"><img loading=\"lazy\" decoding=\"async\" width=\"1000\" height=\"570\" src=\"https:\/\/www.elsindical.com.ar\/notas\/var\/www\/html\/notas\/wp-content\/uploads\/2021\/10\/Jose-Voytenco.jpg\" alt=\"\" class=\"wp-image-108262\" srcset=\"https:\/\/www.elsindical.com.ar\/notas\/var\/www\/html\/notas\/wp-content\/uploads\/2021\/10\/Jose-Voytenco.jpg 1000w, https:\/\/www.elsindical.com.ar\/notas\/var\/www\/html\/notas\/wp-content\/uploads\/2021\/10\/Jose-Voytenco-300x171.jpg 300w, https:\/\/www.elsindical.com.ar\/notas\/var\/www\/html\/notas\/wp-content\/uploads\/2021\/10\/Jose-Voytenco-768x438.jpg 768w, https:\/\/www.elsindical.com.ar\/notas\/var\/www\/html\/notas\/wp-content\/uploads\/2021\/10\/Jose-Voytenco-500x285.jpg 500w, https:\/\/www.elsindical.com.ar\/notas\/var\/www\/html\/notas\/wp-content\/uploads\/2021\/10\/Jose-Voytenco-220x126.jpg 220w\" sizes=\"auto, (max-width: 1000px) 100vw, 1000px\" \/><\/a><\/figure>\n\n\n\n<p>La acusaci\u00f3n recae sobre Juan Carlos Castro, integrante del Secretariado Nacional del gremio suspendido en sus funciones. Lo acusan de montar una asociaci\u00f3n il\u00edcita para otorgar millonarios negocios a empresarios cercanos. Tambi\u00e9n denuncian la complicidad de funcionarios del Ministerio de Trabajo.<\/p>\n\n\n\n<p>La conducci\u00f3n nacional de la Uni\u00f3n Argentina de Trabajadores Rurales y Estibadores (UATRE), el poderoso gremio de peones rurales, present\u00f3 hoy una denuncia penal contra uno de sus dirigentes. Lo acusan de haber montado negociados multimillonarios para beneficiar a empresarios cercanos.<\/p>\n\n\n\n<p>El dirigente, que ahora ser\u00e1 investigado en sede judicial, es el suspendido tesorero de la UATRE Juan Carlos Castro. Seg\u00fan la acusaci\u00f3n de sus pares del Secretariado Nacional, Castro firm\u00f3 acuerdos con dos empresas que le resultan cercanas: Sol Naciente Seguros y New Port Investment. En ambos habr\u00eda un fuerte perjuicio para el patrimonio de la organizaci\u00f3n.<\/p>\n\n\n\n<p>\u00abNew Port Investment SA y Sol Naciente Seguros SA, con intervenci\u00f3n mediante de Juan Carlos Castro, han contratado con la UATRE en distintos per\u00edodos de tiempo. La primera celebrando un Mutuo de Pr\u00e9stamo millonario, y a la segunda ofreciendo el servicio de seguro de sepelio para sus afiliados\u00bb, detalla la denuncia. Tambi\u00e9n pide que se investigue a los responsables de Sol Naciente.<\/p>\n\n\n\n<p>\u00abComo secretario general de la UATRE tengo la obligaci\u00f3n de representar a todos los afiliados del pa\u00eds, y fueron los compa\u00f1eros de todas las provincias que me pidieron que ponga un corte a estos desmanejos y a esta forma de moverse dentro de la instituci\u00f3n, por lo cual voy a hacer lo necesario para defender a los trabajadores y trabajadoras rurales de todo el pa\u00eds\u201d, sostuvo Jos\u00e9 Voytenco, titular de la UATRE.<\/p>\n\n\n\n<p>\u00abNo queremos m\u00e1s el sindicalismo de Castro, que no tiene contacto ni apoyo de las bases. Se acabaron las cosas ocultas en el gremio. Ahora s\u00ed est\u00e1n representados los trabajadores\u00bb, agreg\u00f3 Ger\u00f3nimo Perez, referente de los peones rurales cordobeses.<\/p>\n\n\n\n<p>Adem\u00e1s de la transferencia de recursos, la sospecha adicional de la conducci\u00f3n del gremio de peones rurales es que esas empresas patrocinan financiera, pol\u00edtica y judicialmente una interna en la organizaci\u00f3n. De hecho la acusan de actuar en coordinaci\u00f3n con el Secretario de Trabajo de la Naci\u00f3n, Marcelo Bellotti, para promover la resistencia a las sanciones del propio Castro y de Jorge D\u00e1valos.<\/p>\n\n\n\n<p>A Bellotti, concretamente, lo acusan de haber demorado la resoluci\u00f3n de un conflicto y de fallar en contra de la jurisprudencia que \u00e9l mismo ven\u00eda fijando en casos similares. Por ello colocan como parte de la asociaci\u00f3n il\u00edcita, en la que tambi\u00e9n tendr\u00eda participaci\u00f3n Eduardo Alvarez, ex fiscal general del Trabajo y ahora asesor del Ministerio de Trabajo.<\/p>\n\n\n\n<p>Por \u00faltimo, desde la conducci\u00f3n del gremio trascendi\u00f3 que, en base a la auditor\u00eda que est\u00e1 llevando adelante la instituci\u00f3n, se ha detectado que el gremio tiene completamente pagada la construcci\u00f3n de un edificio que reci\u00e9n se est\u00e1 comenzando a construir, entre otras irregularidades.<\/p>\n\n\n\n<div class=\"wp-block-image\"><figure class=\"aligncenter size-full\"><a href=\"https:\/\/www.elsindical.com.ar\/notas\/var\/www\/html\/notas\/wp-content\/uploads\/2021\/10\/denuncia-penal-UATRE.jpg\"><img loading=\"lazy\" decoding=\"async\" width=\"606\" height=\"640\" src=\"https:\/\/www.elsindical.com.ar\/notas\/var\/www\/html\/notas\/wp-content\/uploads\/2021\/10\/denuncia-penal-UATRE.jpg\" alt=\"\" class=\"wp-image-108263\" srcset=\"https:\/\/www.elsindical.com.ar\/notas\/var\/www\/html\/notas\/wp-content\/uploads\/2021\/10\/denuncia-penal-UATRE.jpg 606w, https:\/\/www.elsindical.com.ar\/notas\/var\/www\/html\/notas\/wp-content\/uploads\/2021\/10\/denuncia-penal-UATRE-284x300.jpg 284w\" sizes=\"auto, (max-width: 606px) 100vw, 606px\" \/><\/a><\/figure><\/div>\n\n\n\n<p><strong><a href=\"https:\/\/www.elsindical.com.ar\/notas\/var\/www\/html\/notas\/wp-content\/uploads\/2021\/10\/formula-denuncia-uatre-final-.pdf\">Texto denuncia penal<\/a><\/strong><\/p>\n","protected":false},"excerpt":{"rendered":"<p>La acusaci\u00f3n recae sobre Juan Carlos Castro, integrante del Secretariado Nacional del gremio suspendido en sus funciones. Lo acusan de montar una asociaci\u00f3n il\u00edcita para otorgar millonarios negocios a empresarios cercanos. Tambi\u00e9n denuncian la complicidad de funcionarios del Ministerio de Trabajo. La conducci\u00f3n nacional de la Uni\u00f3n Argentina de Trabajadores Rurales y Estibadores (UATRE), el&hellip;<\/p>\n","protected":false},"author":1,"featured_media":108262,"comment_status":"open","ping_status":"open","sticky":false,"template":"","format":"standard","meta":{"footnotes":""},"categories":[6,16,20],"tags":[892,175,2450,3439,5642],"class_list":["post-108261","post","type-post","status-publish","format-standard","has-post-thumbnail","hentry","category-denuncias","category-gremiales","category-judiciales","tag-delitos","tag-denuncia","tag-diario-el-sindical","tag-funcionarios","tag-uatre"],"_links":{"self":[{"href":"https:\/\/www.elsindical.com.ar\/notas\/wp-json\/wp\/v2\/posts\/108261","targetHints":{"allow":["GET"]}}],"collection":[{"href":"https:\/\/www.elsindical.com.ar\/notas\/wp-json\/wp\/v2\/posts"}],"about":[{"href":"https:\/\/www.elsindical.com.ar\/notas\/wp-json\/wp\/v2\/types\/post"}],"author":[{"embeddable":true,"href":"https:\/\/www.elsindical.com.ar\/notas\/wp-json\/wp\/v2\/users\/1"}],"replies":[{"embeddable":true,"href":"https:\/\/www.elsindical.com.ar\/notas\/wp-json\/wp\/v2\/comments?post=108261"}],"version-history":[{"count":2,"href":"https:\/\/www.elsindical.com.ar\/notas\/wp-json\/wp\/v2\/posts\/108261\/revisions"}],"predecessor-version":[{"id":108266,"href":"https:\/\/www.elsindical.com.ar\/notas\/wp-json\/wp\/v2\/posts\/108261\/revisions\/108266"}],"wp:featuredmedia":[{"embeddable":true,"href":"https:\/\/www.elsindical.com.ar\/notas\/wp-json\/wp\/v2\/media\/108262"}],"wp:attachment":[{"href":"https:\/\/www.elsindical.com.ar\/notas\/wp-json\/wp\/v2\/media?parent=108261"}],"wp:term":[{"taxonomy":"category","embeddable":true,"href":"https:\/\/www.elsindical.com.ar\/notas\/wp-json\/wp\/v2\/categories?post=108261"},{"taxonomy":"post_tag","embeddable":true,"href":"https:\/\/www.elsindical.com.ar\/notas\/wp-json\/wp\/v2\/tags?post=108261"}],"curies":[{"name":"wp","href":"https:\/\/api.w.org\/{rel}","templated":true}]}}