{"id":108158,"date":"2021-10-03T08:07:47","date_gmt":"2021-10-03T11:07:47","guid":{"rendered":"https:\/\/www.elsindical.com.ar\/notas\/?p=108158"},"modified":"2021-10-03T08:07:48","modified_gmt":"2021-10-03T11:07:48","slug":"cicop-rechazo-la-propuesta-de-la-provincia-y-convoco-a-un-paro","status":"publish","type":"post","link":"https:\/\/www.elsindical.com.ar\/notas\/cicop-rechazo-la-propuesta-de-la-provincia-y-convoco-a-un-paro\/","title":{"rendered":"Cicop rechaz\u00f3 la propuesta de la Provincia y convoc\u00f3 a un paro"},"content":{"rendered":"\n<div class=\"wp-block-image\"><figure class=\"aligncenter size-full is-resized\"><a href=\"https:\/\/www.elsindical.com.ar\/notas\/var\/www\/html\/notas\/wp-content\/uploads\/2011\/09\/Logo-CICOP.jpg\"><img loading=\"lazy\" decoding=\"async\" src=\"https:\/\/www.elsindical.com.ar\/notas\/var\/www\/html\/notas\/wp-content\/uploads\/2011\/09\/Logo-CICOP.jpg\" alt=\"\" class=\"wp-image-16728\" width=\"457\" height=\"176\" srcset=\"https:\/\/www.elsindical.com.ar\/notas\/var\/www\/html\/notas\/wp-content\/uploads\/2011\/09\/Logo-CICOP.jpg 413w, https:\/\/www.elsindical.com.ar\/notas\/var\/www\/html\/notas\/wp-content\/uploads\/2011\/09\/Logo-CICOP-300x115.jpg 300w\" sizes=\"auto, (max-width: 457px) 100vw, 457px\" \/><\/a><\/figure><\/div>\n\n\n\n<p class=\"wp-block-paragraph\">La medida de fuerza se realizar\u00e1 el mi\u00e9rcoles pr\u00f3ximo. \u00abReclamamos una verdadera recomposici\u00f3n salarial\u00bb, reclamaron desde el gremio.<\/p>\n\n\n\n<p class=\"wp-block-paragraph\">La Asociaci\u00f3n Sindical de Profesionales de la Salud de la Provincia de Buenos Aires (CICOP) rechaz\u00f3 la propuesta salarial del gobierno bonaerense y anunci\u00f3 un paro, que se concretar\u00e1 el mi\u00e9rcoles de la semana pr\u00f3xima y contempla una caravana en La Plata.<\/p>\n\n\n\n<p class=\"wp-block-paragraph\">CICOP rechaz\u00f3 la propuesta salarial del Gobierno de la Provincia en el encuentro que se concret\u00f3 esta semana. Tras una asamblea, las bases definieron la convocatoria a un paro. \u201cReclamamos una verdadera recomposici\u00f3n salarial y una respuesta integral a todas las demandas realizadas por nuestro sector\u201d, se\u00f1alaron desde el gremio.<\/p>\n\n\n\n<p class=\"wp-block-paragraph\">La propuesta oficial consisti\u00f3 en un incremento del 41,5% para octubre y del 45% en noviembre, con reapertura en diciembre. Desde el gremio la consideraron \u201cinsuficiente\u201d en los montos ofrecidos y exigieron \u201cresoluci\u00f3n de las distintas demandas extrasalariales, tales como el reconocimiento de todos los aportes previsionales y la habilitaci\u00f3n de vacaciones\u201d.<\/p>\n\n\n\n<p class=\"wp-block-paragraph\">Tras el encuentro, el presidente de CICOP, Pablo Maciel, manifest\u00f3 que piden al gobierno provincial \u201cque mejore la propuesta salarial en reconocimiento a la enorme tarea que ha realizado todo el equipo de salud durante este \u00faltimo a\u00f1o y medio de pandemia\u201d.<\/p>\n","protected":false},"excerpt":{"rendered":"<p>La medida de fuerza se realizar\u00e1 el mi\u00e9rcoles pr\u00f3ximo. \u00abReclamamos una verdadera recomposici\u00f3n salarial\u00bb, reclamaron desde el gremio. La Asociaci\u00f3n Sindical de Profesionales de la Salud de la Provincia de Buenos Aires (CICOP) rechaz\u00f3 la propuesta salarial del gobierno bonaerense y anunci\u00f3 un paro, que se concretar\u00e1 el mi\u00e9rcoles de la semana pr\u00f3xima y contempla&hellip;<\/p>\n","protected":false},"author":1,"featured_media":16728,"comment_status":"open","ping_status":"open","sticky":false,"template":"","format":"standard","meta":{"footnotes":""},"categories":[16],"tags":[291,2450,22028,239,2107,67,1466],"class_list":["post-108158","post","type-post","status-publish","format-standard","has-post-thumbnail","hentry","category-gremiales","tag-cicop","tag-diario-el-sindical","tag-gremiales","tag-la-plata","tag-paritarias","tag-paro","tag-provincia-de-buenos-aires"],"_links":{"self":[{"href":"https:\/\/www.elsindical.com.ar\/notas\/wp-json\/wp\/v2\/posts\/108158","targetHints":{"allow":["GET"]}}],"collection":[{"href":"https:\/\/www.elsindical.com.ar\/notas\/wp-json\/wp\/v2\/posts"}],"about":[{"href":"https:\/\/www.elsindical.com.ar\/notas\/wp-json\/wp\/v2\/types\/post"}],"author":[{"embeddable":true,"href":"https:\/\/www.elsindical.com.ar\/notas\/wp-json\/wp\/v2\/users\/1"}],"replies":[{"embeddable":true,"href":"https:\/\/www.elsindical.com.ar\/notas\/wp-json\/wp\/v2\/comments?post=108158"}],"version-history":[{"count":1,"href":"https:\/\/www.elsindical.com.ar\/notas\/wp-json\/wp\/v2\/posts\/108158\/revisions"}],"predecessor-version":[{"id":108159,"href":"https:\/\/www.elsindical.com.ar\/notas\/wp-json\/wp\/v2\/posts\/108158\/revisions\/108159"}],"wp:featuredmedia":[{"embeddable":true,"href":"https:\/\/www.elsindical.com.ar\/notas\/wp-json\/wp\/v2\/media\/16728"}],"wp:attachment":[{"href":"https:\/\/www.elsindical.com.ar\/notas\/wp-json\/wp\/v2\/media?parent=108158"}],"wp:term":[{"taxonomy":"category","embeddable":true,"href":"https:\/\/www.elsindical.com.ar\/notas\/wp-json\/wp\/v2\/categories?post=108158"},{"taxonomy":"post_tag","embeddable":true,"href":"https:\/\/www.elsindical.com.ar\/notas\/wp-json\/wp\/v2\/tags?post=108158"}],"curies":[{"name":"wp","href":"https:\/\/api.w.org\/{rel}","templated":true}]}}