{"id":108110,"date":"2021-09-30T21:26:57","date_gmt":"2021-10-01T00:26:57","guid":{"rendered":"https:\/\/www.elsindical.com.ar\/notas\/?p=108110"},"modified":"2021-09-30T21:26:59","modified_gmt":"2021-10-01T00:26:59","slug":"kicillof-anuncio-la-vuelta-de-los-boliches-en-una-disco-polemica-de-quilmes","status":"publish","type":"post","link":"https:\/\/www.elsindical.com.ar\/notas\/kicillof-anuncio-la-vuelta-de-los-boliches-en-una-disco-polemica-de-quilmes\/","title":{"rendered":"Kicillof anunci\u00f3 la vuelta de los boliches en una disco pol\u00e9mica de Quilmes"},"content":{"rendered":"\n<figure class=\"wp-block-image size-full\"><a href=\"https:\/\/www.elsindical.com.ar\/notas\/var\/www\/html\/notas\/wp-content\/uploads\/2021\/09\/Mayra-y-Kici-en-El-Bosque.jpg\"><img loading=\"lazy\" decoding=\"async\" width=\"960\" height=\"640\" src=\"https:\/\/www.elsindical.com.ar\/notas\/var\/www\/html\/notas\/wp-content\/uploads\/2021\/09\/Mayra-y-Kici-en-El-Bosque.jpg\" alt=\"\" class=\"wp-image-108111\" srcset=\"https:\/\/www.elsindical.com.ar\/notas\/var\/www\/html\/notas\/wp-content\/uploads\/2021\/09\/Mayra-y-Kici-en-El-Bosque.jpg 960w, https:\/\/www.elsindical.com.ar\/notas\/var\/www\/html\/notas\/wp-content\/uploads\/2021\/09\/Mayra-y-Kici-en-El-Bosque-300x200.jpg 300w, https:\/\/www.elsindical.com.ar\/notas\/var\/www\/html\/notas\/wp-content\/uploads\/2021\/09\/Mayra-y-Kici-en-El-Bosque-768x512.jpg 768w, https:\/\/www.elsindical.com.ar\/notas\/var\/www\/html\/notas\/wp-content\/uploads\/2021\/09\/Mayra-y-Kici-en-El-Bosque-450x300.jpg 450w\" sizes=\"auto, (max-width: 960px) 100vw, 960px\" \/><\/a><\/figure>\n\n\n\n<p>       Las campa\u00f1as de los pol\u00edticos de los partidos m\u00e1s relevantes siguen siendo una suma de malas elecciones, mal asesorados por un entorno que no cuida la imagen de cada candidato o por la torpeza personal de estos, cada comunicado en los medios o en sus propias redes sociales son la confirmaci\u00f3n de que ninguno se ha tomado con seriedad el cargo y siguen subestimando la inteligencia de los ciudadanos.<\/p>\n\n\n\n<p>Que el lugar elegido por el gobernador para anunciar la vuelta a la nocturnidad y los boliches sea la sede del pol\u00e9mico boliche El Bosque, deja mucho que pensar de cu\u00e1l es el mensaje que se est\u00e1 enviando, ya que en los 30 a\u00f1os de actividad el lugar tuvo varias denuncias graves, un dato que un pol\u00edtico no puede ignorar.<\/p>\n\n\n\n<p>El Bosque hab\u00eda anunciado su cierre definitivo, pero al parecer, se trato de una \u00abmaniobra\u00bb que buscaba alg\u00fan beneficio comercial m\u00e1s que un cierre.<\/p>\n\n\n\n<p>Tras una reuni\u00f3n con empresarios de discotecas y salones bailables, desde el 1 de octubre comienzan a regir nuevas aperturas que establecen el retorno cuidado de la actividad nocturna.<\/p>\n\n\n\n<p>En el marco de las nuevas aperturas establecidas a partir de la mejora sostenida en la situaci\u00f3n epidemiol\u00f3gica, el gobernador de la provincia de Buenos Aires, Axel Kicillof, se reuni\u00f3 esta tarde en Quilmes con empresarios y representantes de trabajadores vinculados a la nocturnidad, junto al ministro de Producci\u00f3n, Ciencia e Innovaci\u00f3n Tecnol\u00f3gica, Augusto Costa, y la intendenta local, Mayra Mendoza. Fue en la sede de la discoteca El Bosque, con el objetivo de avanzar en medidas que acompa\u00f1en la reactivaci\u00f3n de una de las actividades m\u00e1s golpeadas por la pandemia.<\/p>\n\n\n\n<p>Como consecuencia del avance de la campa\u00f1a de vacunaci\u00f3n contra el Covid-19 y en l\u00ednea con lo establecido por el Gobierno Nacional, desde el 1 de octubre comenzar\u00e1n a regir en la Provincia nuevos protocolos que permitir\u00e1n la actividad en discotecas y salones bailables, con pautas de aforo, medidas de cuidado y presentaci\u00f3n de certificado de vacunaci\u00f3n para quienes asistan.<\/p>\n\n\n\n<p>\u201cEste ha sido un momento muy esperado porque sabemos que, si bien la pandemia golpe\u00f3 a todos los sectores, afect\u00f3 mucho m\u00e1s a aquellos vinculados con el entretenimiento\u201d, destac\u00f3 Kicillof y agreg\u00f3: \u201cEstamos a disposici\u00f3n para dialogar, escucharlos y ayudar con aquello que permita que la reactivaci\u00f3n de la actividad sea lo m\u00e1s r\u00e1pida posible\u201d.<\/p>\n\n\n\n<p>\u201cLa Provincia tiene una larga tradici\u00f3n y cultura en este sector, por eso desde el Gobierno queremos acompa\u00f1arlos durante la salida de la pandemia\u201d, afirm\u00f3 el Gobernador, al tiempo que valor\u00f3 \u201cel avance de la campa\u00f1a de vacunaci\u00f3n, que es lo que nos ha llevado a esta situaci\u00f3n epidemiol\u00f3gica y nos permite retomar nuevas actividades\u201d. \u201cCon los altos niveles de inmunizaci\u00f3n que contamos, estamos en condiciones de seguir trabajando para que la reactivaci\u00f3n sea equitativa y genere igualdad de oportunidades para todos\u201d, indic\u00f3.<\/p>\n\n\n\n<p>\u201cHoy gracias a la vacunaci\u00f3n estamos en condiciones de poner en marcha una verdadera industria que genera mucho trabajo en la Provincia\u201d, afirm\u00f3 Costa y a\u00f1adi\u00f3: \u201cEl di\u00e1logo con los representantes de las c\u00e1maras se va a sostener en una mesa que permitir\u00e1 avanzar con la aplicaci\u00f3n de protocolos y seguir de cerca todas las necesidades del sector\u201d.<\/p>\n\n\n\n<p>Por su parte, Mendoza subray\u00f3: \u201cEs muy importante para todos nosotros ver c\u00f3mo se avanza en la recuperaci\u00f3n de esta actividad despu\u00e9s de la pesadilla que signific\u00f3 la pandemia\u201d. \u201cA partir de octubre, comienza una nueva etapa en la que deberemos seguir trabajando para generar las mejores condiciones\u201d, remarc\u00f3.<\/p>\n\n\n\n<p>Participaron representantes de la Federaci\u00f3n de Entidades de Discotecas de la Rep\u00fablica Argentina (FEDRA); de la Asociaci\u00f3n Empresaria del Noreste de la Provincia de Buenos Aires (ASEN); de la Industria del Entretenimiento Argentino (IDEAr); de la C\u00e1mara Empresaria de Discotecas y Bares de la Provincia de Buenos Aires (CEDIBBA); y del Sindicato \u00danico de Trabajadores de Control de Admisi\u00f3n y Permanencia de la Rep\u00fablica Argentina (SUTCAPRA).<\/p>\n","protected":false},"excerpt":{"rendered":"<p>Las campa\u00f1as de los pol\u00edticos de los partidos m\u00e1s relevantes siguen siendo una suma de malas elecciones, mal asesorados por un entorno que no cuida la imagen de cada candidato o por la torpeza personal de estos, cada comunicado en los medios o en sus propias redes sociales son la confirmaci\u00f3n de que ninguno se&hellip;<\/p>\n","protected":false},"author":1,"featured_media":108111,"comment_status":"open","ping_status":"open","sticky":false,"template":"","format":"standard","meta":{"footnotes":""},"categories":[13],"tags":[13798,5472,22020,2450,28775,31234,32620,684],"class_list":["post-108110","post","type-post","status-publish","format-standard","has-post-thumbnail","hentry","category-politica","tag-axel-kicillof","tag-boliches","tag-denuncias","tag-diario-el-sindical","tag-el-bosque","tag-mayra-mendoza","tag-pandemia","tag-quilmes"],"_links":{"self":[{"href":"https:\/\/www.elsindical.com.ar\/notas\/wp-json\/wp\/v2\/posts\/108110","targetHints":{"allow":["GET"]}}],"collection":[{"href":"https:\/\/www.elsindical.com.ar\/notas\/wp-json\/wp\/v2\/posts"}],"about":[{"href":"https:\/\/www.elsindical.com.ar\/notas\/wp-json\/wp\/v2\/types\/post"}],"author":[{"embeddable":true,"href":"https:\/\/www.elsindical.com.ar\/notas\/wp-json\/wp\/v2\/users\/1"}],"replies":[{"embeddable":true,"href":"https:\/\/www.elsindical.com.ar\/notas\/wp-json\/wp\/v2\/comments?post=108110"}],"version-history":[{"count":1,"href":"https:\/\/www.elsindical.com.ar\/notas\/wp-json\/wp\/v2\/posts\/108110\/revisions"}],"predecessor-version":[{"id":108112,"href":"https:\/\/www.elsindical.com.ar\/notas\/wp-json\/wp\/v2\/posts\/108110\/revisions\/108112"}],"wp:featuredmedia":[{"embeddable":true,"href":"https:\/\/www.elsindical.com.ar\/notas\/wp-json\/wp\/v2\/media\/108111"}],"wp:attachment":[{"href":"https:\/\/www.elsindical.com.ar\/notas\/wp-json\/wp\/v2\/media?parent=108110"}],"wp:term":[{"taxonomy":"category","embeddable":true,"href":"https:\/\/www.elsindical.com.ar\/notas\/wp-json\/wp\/v2\/categories?post=108110"},{"taxonomy":"post_tag","embeddable":true,"href":"https:\/\/www.elsindical.com.ar\/notas\/wp-json\/wp\/v2\/tags?post=108110"}],"curies":[{"name":"wp","href":"https:\/\/api.w.org\/{rel}","templated":true}]}}