{"id":108047,"date":"2021-09-28T09:15:53","date_gmt":"2021-09-28T12:15:53","guid":{"rendered":"https:\/\/www.elsindical.com.ar\/notas\/?p=108047"},"modified":"2021-09-28T09:15:54","modified_gmt":"2021-09-28T12:15:54","slug":"registradas-el-programa-para-blanquear-el-trabajo-domestico","status":"publish","type":"post","link":"https:\/\/www.elsindical.com.ar\/notas\/registradas-el-programa-para-blanquear-el-trabajo-domestico\/","title":{"rendered":"Registradas, el programa para blanquear el trabajo dom\u00e9stico"},"content":{"rendered":"\n<div class=\"wp-block-image\"><figure class=\"aligncenter size-full\"><a href=\"https:\/\/www.elsindical.com.ar\/notas\/var\/www\/html\/notas\/wp-content\/uploads\/2021\/09\/personal-domestico-blanqueo.jpg\"><img loading=\"lazy\" decoding=\"async\" width=\"700\" height=\"387\" src=\"https:\/\/www.elsindical.com.ar\/notas\/var\/www\/html\/notas\/wp-content\/uploads\/2021\/09\/personal-domestico-blanqueo.jpg\" alt=\"\" class=\"wp-image-108048\" srcset=\"https:\/\/www.elsindical.com.ar\/notas\/var\/www\/html\/notas\/wp-content\/uploads\/2021\/09\/personal-domestico-blanqueo.jpg 700w, https:\/\/www.elsindical.com.ar\/notas\/var\/www\/html\/notas\/wp-content\/uploads\/2021\/09\/personal-domestico-blanqueo-300x166.jpg 300w, https:\/\/www.elsindical.com.ar\/notas\/var\/www\/html\/notas\/wp-content\/uploads\/2021\/09\/personal-domestico-blanqueo-500x276.jpg 500w\" sizes=\"auto, (max-width: 700px) 100vw, 700px\" \/><\/a><\/figure><\/div>\n\n\n\n<p>El Estado se har\u00e1 cargo por seis meses de la mitad del salario del personal dom\u00e9stico que sea blanqueado.<\/p>\n\n\n\n<p>Recuperaci\u00f3n Econ\u00f3mica, Generaci\u00f3n de Empleo e Inclusi\u00f3n Social, o, Registradas, tal la marca del programa lanzado por el Ejecutivo para \u201creducir la informalidad\u201d en el sector del trabajo dom\u00e9stico y que contempla el pago de hasta el 50 por ciento por parte del Estado de los sueldos de quienes se registren durante seis meses, a partir del primero de octubre.<\/p>\n\n\n\n<p>\u201cComo un incentivo hacia la formalizaci\u00f3n, desde el Estado vamos a subsidiar por seis meses consecutivos entre un 30 y un 50 por ciento del salario de cada una de estas trabajadoras, que tengan una dedicaci\u00f3n de m\u00e1s de 12 horas semanales, y cuyos empleadores y empleadoras que formalicen la inscripci\u00f3n y la registraci\u00f3n de estas trabajadoras a partir del primero de octubre\u201d, informaron desde el Ministerio de Mujeres, G\u00e9nero y Diversidad.<\/p>\n\n\n\n<p>Para poder acceder al programa, el empleador deber\u00e1 percibir ingresos mensuales inferiores al m\u00ednimo no imponible del Impuesto a las Ganancias, y deber\u00e1 pagar el porcentaje restante del sueldo, los aportes, las contribuciones y de la cuota de la ART de la trabajadora inscripta.<\/p>\n\n\n\n<p>El incentivo ser\u00e1 de un 50 por ciento de la remuneraci\u00f3n neta mensual m\u00ednima si desde el sector empleador cuenta con un ingreso bruto mensual inferior al 70 por ciento del m\u00ednimo no imponible del Impuesto a las Ganancias. Por otra parte, ser\u00e1 de un 30 por ciento, cuando cuente con un ingreso bruto mensual que est\u00e9 comprendido entre el 70 y el 100 por ciento del m\u00ednimo no imponible.<\/p>\n\n\n\n<p>Para corroborar que el beneficio llegue directo a manos de las trabajadoras, el Estado, con la colaboraci\u00f3n con el Banco Naci\u00f3n, abrir\u00e1 una cuenta sueldo gratuita por cada trabajador donde depositar\u00e1 el incentivo y el empleador deber\u00e1 hacer lo mismo. Adem\u00e1s, una vez que se tenga un mes de recibo de sueldo el banco le otorgar\u00e1 una tarjeta de cr\u00e9dito con un un l\u00edmite similar a un salario m\u00ednimo vital y m\u00f3vil de hasta 32 mil pesos.<\/p>\n\n\n\n<p>Desde el Gobierno se\u00f1alaron que las empleadas que accedan al Programa continuar\u00e1n siendo beneficiaria de la Asignaci\u00f3n Universal por Hijo, la Asignaci\u00f3n Universal por Embarazo, la Tarjeta Alimentar, el Plan Progresar, y de Potenciar Trabajo, entre otras pol\u00edticas de asistencia.<\/p>\n\n\n\n<p>Por su parte, el trabajador deber\u00e1 trabajar como m\u00ednimo 12 horas semanales y podr\u00e1 estar inscripta \u00fanicamente bajo la n\u00f3mina de un empleador. Tampoco se podr\u00e1 despedir al empleado para inscribirlo nuevamente mientras que el empleador est\u00e1 obligado a mantener el puesto de trabajo por cuatro meses posteriores a la finalizaci\u00f3n del beneficio cuyo monto m\u00e1ximo ser\u00e1 de $15.000 mensuales<\/p>\n\n\n\n<p>El programa estar\u00e1 vigente hasta el 31 de diciembre 2021 y la inscripci\u00f3n permanecer\u00e1 abierta durante tres meses: octubre, noviembre y diciembre.<\/p>\n","protected":false},"excerpt":{"rendered":"<p>El Estado se har\u00e1 cargo por seis meses de la mitad del salario del personal dom\u00e9stico que sea blanqueado. Recuperaci\u00f3n Econ\u00f3mica, Generaci\u00f3n de Empleo e Inclusi\u00f3n Social, o, Registradas, tal la marca del programa lanzado por el Ejecutivo para \u201creducir la informalidad\u201d en el sector del trabajo dom\u00e9stico y que contempla el pago de hasta&hellip;<\/p>\n","protected":false},"author":1,"featured_media":108048,"comment_status":"open","ping_status":"open","sticky":false,"template":"","format":"standard","meta":{"footnotes":""},"categories":[13],"tags":[2450,849,3367,35600],"class_list":["post-108047","post","type-post","status-publish","format-standard","has-post-thumbnail","hentry","category-politica","tag-diario-el-sindical","tag-estado","tag-personal-domestico","tag-registradas"],"_links":{"self":[{"href":"https:\/\/www.elsindical.com.ar\/notas\/wp-json\/wp\/v2\/posts\/108047","targetHints":{"allow":["GET"]}}],"collection":[{"href":"https:\/\/www.elsindical.com.ar\/notas\/wp-json\/wp\/v2\/posts"}],"about":[{"href":"https:\/\/www.elsindical.com.ar\/notas\/wp-json\/wp\/v2\/types\/post"}],"author":[{"embeddable":true,"href":"https:\/\/www.elsindical.com.ar\/notas\/wp-json\/wp\/v2\/users\/1"}],"replies":[{"embeddable":true,"href":"https:\/\/www.elsindical.com.ar\/notas\/wp-json\/wp\/v2\/comments?post=108047"}],"version-history":[{"count":1,"href":"https:\/\/www.elsindical.com.ar\/notas\/wp-json\/wp\/v2\/posts\/108047\/revisions"}],"predecessor-version":[{"id":108049,"href":"https:\/\/www.elsindical.com.ar\/notas\/wp-json\/wp\/v2\/posts\/108047\/revisions\/108049"}],"wp:featuredmedia":[{"embeddable":true,"href":"https:\/\/www.elsindical.com.ar\/notas\/wp-json\/wp\/v2\/media\/108048"}],"wp:attachment":[{"href":"https:\/\/www.elsindical.com.ar\/notas\/wp-json\/wp\/v2\/media?parent=108047"}],"wp:term":[{"taxonomy":"category","embeddable":true,"href":"https:\/\/www.elsindical.com.ar\/notas\/wp-json\/wp\/v2\/categories?post=108047"},{"taxonomy":"post_tag","embeddable":true,"href":"https:\/\/www.elsindical.com.ar\/notas\/wp-json\/wp\/v2\/tags?post=108047"}],"curies":[{"name":"wp","href":"https:\/\/api.w.org\/{rel}","templated":true}]}}