{"id":108036,"date":"2021-09-27T07:58:23","date_gmt":"2021-09-27T10:58:23","guid":{"rendered":"https:\/\/www.elsindical.com.ar\/notas\/?p=108036"},"modified":"2021-09-27T07:58:24","modified_gmt":"2021-09-27T10:58:24","slug":"mar-del-plata-realizaran-una-marcha-en-reclamo-de-justicia-por-lele-gatti","status":"publish","type":"post","link":"https:\/\/www.elsindical.com.ar\/notas\/mar-del-plata-realizaran-una-marcha-en-reclamo-de-justicia-por-lele-gatti\/","title":{"rendered":"Mar del Plata: Realizar\u00e1n una marcha en reclamo de justicia por \u201cLele\u201d Gatti"},"content":{"rendered":"\n<div class=\"wp-block-image\"><figure class=\"aligncenter size-full\"><a href=\"https:\/\/www.elsindical.com.ar\/notas\/var\/www\/html\/notas\/wp-content\/uploads\/2021\/09\/DJ-Leandro-Lele-Gatti.jpg\"><img loading=\"lazy\" decoding=\"async\" width=\"513\" height=\"514\" src=\"https:\/\/www.elsindical.com.ar\/notas\/var\/www\/html\/notas\/wp-content\/uploads\/2021\/09\/DJ-Leandro-Lele-Gatti.jpg\" alt=\"\" class=\"wp-image-108037\" srcset=\"https:\/\/www.elsindical.com.ar\/notas\/var\/www\/html\/notas\/wp-content\/uploads\/2021\/09\/DJ-Leandro-Lele-Gatti.jpg 513w, https:\/\/www.elsindical.com.ar\/notas\/var\/www\/html\/notas\/wp-content\/uploads\/2021\/09\/DJ-Leandro-Lele-Gatti-300x300.jpg 300w, https:\/\/www.elsindical.com.ar\/notas\/var\/www\/html\/notas\/wp-content\/uploads\/2021\/09\/DJ-Leandro-Lele-Gatti-150x150.jpg 150w, https:\/\/www.elsindical.com.ar\/notas\/var\/www\/html\/notas\/wp-content\/uploads\/2021\/09\/DJ-Leandro-Lele-Gatti-299x300.jpg 299w, https:\/\/www.elsindical.com.ar\/notas\/var\/www\/html\/notas\/wp-content\/uploads\/2021\/09\/DJ-Leandro-Lele-Gatti-50x50.jpg 50w\" sizes=\"auto, (max-width: 513px) 100vw, 513px\" \/><\/a><\/figure><\/div>\n\n\n\n<p>Familiares, amigos y allegados al DJ asesinado este domingo a la madrugada organizar\u00e1n una manifestaci\u00f3n el pr\u00f3ximo mi\u00e9rcoles.<\/p>\n\n\n\n<p>Familiares, amigos y allegados al <strong>DJ Leandro \u201cLele\u201d Gatti (32)<\/strong>, asesinado este domingo a la madrugada en Playa Grande, marchar\u00e1n el pr\u00f3ximo mi\u00e9rcoles en reclamo de justicia.<\/p>\n\n\n\n<p>El entorno de los padres de Gatti, quienes se encuentran \u201cshockeados\u201d por lo sucedido. Si bien no trascendieron mayores datos de la manifestaci\u00f3n, se supo que <em><strong>es organizada por el entorno de Gatti que particip\u00f3 del velorio en Casa Sampietro<\/strong><\/em> y ser\u00e1 difundida a trav\u00e9s de las redes sociales.<\/p>\n\n\n\n<p>Conforme pudo\u00a0averiguar\u00a0este medio, el DJ falleci\u00f3 producto del disparo sufrido en el coraz\u00f3n, a pesar del esfuerzo que llevaron a cabo los m\u00e9dicos del\u00a0<strong>Hospital Interzonal General de Agudos (HIGA)<\/strong>\u00a0en el que\u00a0<em><strong>estuvo internado pocas horas despu\u00e9s de haber sido asaltado<\/strong><\/em>\u00a0y atacado por los dos \u201cmotochorros\u201d afuera del estacionamiento de\u00a0<strong>La Normandina<\/strong>.<\/p>\n\n\n\n<p>Cabe recordar que la fiscal\u00a0<strong>Andrea G\u00f3mez<\/strong>\u00a0y la polic\u00eda investigan el hecho ocurrido a las 6 de la ma\u00f1ana de este domingo en\u00a0en\u00a0<strong>Playa Grande\u00a0<\/strong>y hasta el momento no hay sospechosos identificados. En ese marco,<em><strong>\u00a0los pesquisas analizan im\u00e1genes de las c\u00e1maras de seguridad<\/strong><\/em>\u00a0que captaron la secuencia del asalto, y toman declaraciones testimoniales en pos de esclarecer el caso.<\/p>\n","protected":false},"excerpt":{"rendered":"<p>Familiares, amigos y allegados al DJ asesinado este domingo a la madrugada organizar\u00e1n una manifestaci\u00f3n el pr\u00f3ximo mi\u00e9rcoles. Familiares, amigos y allegados al DJ Leandro \u201cLele\u201d Gatti (32), asesinado este domingo a la madrugada en Playa Grande, marchar\u00e1n el pr\u00f3ximo mi\u00e9rcoles en reclamo de justicia. El entorno de los padres de Gatti, quienes se encuentran&hellip;<\/p>\n","protected":false},"author":1,"featured_media":108037,"comment_status":"open","ping_status":"open","sticky":false,"template":"","format":"standard","meta":{"footnotes":""},"categories":[25],"tags":[39,2450,17040,35599,1673,116],"class_list":["post-108036","post","type-post","status-publish","format-standard","has-post-thumbnail","hentry","category-sociedad","tag-asesinado","tag-diario-el-sindical","tag-dj","tag-leandro-gatti","tag-mar-del-plata","tag-robo"],"_links":{"self":[{"href":"https:\/\/www.elsindical.com.ar\/notas\/wp-json\/wp\/v2\/posts\/108036","targetHints":{"allow":["GET"]}}],"collection":[{"href":"https:\/\/www.elsindical.com.ar\/notas\/wp-json\/wp\/v2\/posts"}],"about":[{"href":"https:\/\/www.elsindical.com.ar\/notas\/wp-json\/wp\/v2\/types\/post"}],"author":[{"embeddable":true,"href":"https:\/\/www.elsindical.com.ar\/notas\/wp-json\/wp\/v2\/users\/1"}],"replies":[{"embeddable":true,"href":"https:\/\/www.elsindical.com.ar\/notas\/wp-json\/wp\/v2\/comments?post=108036"}],"version-history":[{"count":1,"href":"https:\/\/www.elsindical.com.ar\/notas\/wp-json\/wp\/v2\/posts\/108036\/revisions"}],"predecessor-version":[{"id":108038,"href":"https:\/\/www.elsindical.com.ar\/notas\/wp-json\/wp\/v2\/posts\/108036\/revisions\/108038"}],"wp:featuredmedia":[{"embeddable":true,"href":"https:\/\/www.elsindical.com.ar\/notas\/wp-json\/wp\/v2\/media\/108037"}],"wp:attachment":[{"href":"https:\/\/www.elsindical.com.ar\/notas\/wp-json\/wp\/v2\/media?parent=108036"}],"wp:term":[{"taxonomy":"category","embeddable":true,"href":"https:\/\/www.elsindical.com.ar\/notas\/wp-json\/wp\/v2\/categories?post=108036"},{"taxonomy":"post_tag","embeddable":true,"href":"https:\/\/www.elsindical.com.ar\/notas\/wp-json\/wp\/v2\/tags?post=108036"}],"curies":[{"name":"wp","href":"https:\/\/api.w.org\/{rel}","templated":true}]}}