{"id":10801,"date":"2010-11-15T09:00:38","date_gmt":"2010-11-15T12:00:38","guid":{"rendered":"http:\/\/www.elsindical.com.ar\/notas\/?p=10801"},"modified":"2010-11-15T09:00:38","modified_gmt":"2010-11-15T12:00:38","slug":"fue-preso-por-subir-fotos-de-su-ex-desnuda-en-facebook","status":"publish","type":"post","link":"https:\/\/www.elsindical.com.ar\/notas\/fue-preso-por-subir-fotos-de-su-ex-desnuda-en-facebook\/","title":{"rendered":"Fue preso por subir fotos de su ex desnuda en Facebook"},"content":{"rendered":"<p style=\"text-align: justify;\"><em><a href=\"http:\/\/www.elsindical.com.ar\/notas\/var\/www\/html\/notas\/wp-content\/uploads\/2010\/11\/Joshua-Simon-Ashby.jpg\"><img loading=\"lazy\" decoding=\"async\" class=\"alignleft size-full wp-image-10802\" title=\"Joshua-Simon-Ashby\" src=\"http:\/\/www.elsindical.com.ar\/notas\/var\/www\/html\/notas\/wp-content\/uploads\/2010\/11\/Joshua-Simon-Ashby.jpg\" alt=\"\" width=\"236\" height=\"284\" \/><\/a>El joven acusado, Joshua Simon Ashby de 20 a\u00f1os y residente en Wellington, Nueva Zelanda, justific\u00f3 su acci\u00f3n como un ataque de celos durante una borrachera. El joven public\u00f3 una imagen de su expareja desnuda delante de un espejo.<\/em><\/p>\n<p style=\"text-align: justify;\">Seg\u00fan el diario El Mundo, en un principio el acceso a la fotograf\u00eda estaba limitado a los 218 amigos de Joshua, pero despu\u00e9s decidi\u00f3 hacerla p\u00fablica a toda la red de Facebook. La fotograf\u00eda estuvo accesible durante 12 horas hasta que la polic\u00eda procedi\u00f3 a retirarla.<\/p>\n<p>La defensa de este joven americano aleg\u00f3 que Joshua hab\u00eda publicado la foto bajo los efectos del alcohol durante un ataque de celos.<\/p>\n<p>El juez encargado del caso, Andrew Becroft, no encontr\u00f3 estos hechos como atenuantes y conden\u00f3 a 5 semanas de prisi\u00f3n al acusado. Para justificar su sentencia explic\u00f3 que las leyes de impresi\u00f3n y publicaci\u00f3n antigua no se corresponden con la actualidad de Internet. Adem\u00e1s declar\u00f3 al portal Stuff que \u00abla tecnolog\u00eda no debe ser utilizado de esta manera\u00bb.<\/p>\n<p>El joven hab\u00eda sido encarcelado durante cuatro semanas despu\u00e9s de declararse culpable, adem\u00e1s, de amenazas de muerte (con algunos mensajes de texto a\u00f1adidos como prueba, tales como \u2019te voy a matar\u2019 o \u2019perra muerta\u2019), da\u00f1o intencional, robo de ropa de mujer y asalto.<\/p>\n<p>Los padres del acusado mostraron un apoyo total a su hijo, aunque entienden la sentencia. Ambos hablan de que este caso es uno de los posibles \u00ablados oscuros\u00bb de Facebook y las redes sociales. Esperan que este caso sea un ejemplo para que las personas hagan un correcto uso de las redes sociales.<\/p>\n","protected":false},"excerpt":{"rendered":"<p>El joven acusado, Joshua Simon Ashby de 20 a\u00f1os y residente en Wellington, Nueva Zelanda, justific\u00f3 su acci\u00f3n como un ataque de celos durante una borrachera. El joven public\u00f3 una imagen de su expareja desnuda delante de un espejo. Seg\u00fan el diario El Mundo, en un principio el acceso a la fotograf\u00eda estaba limitado a&hellip;<\/p>\n","protected":false},"author":1,"featured_media":0,"comment_status":"open","ping_status":"open","sticky":false,"template":"","format":"standard","meta":{"footnotes":""},"categories":[18],"tags":[2966,219,5130,5128,1010,5129,629],"class_list":["post-10801","post","type-post","status-publish","format-standard","hentry","category-internacionales","tag-desnuda","tag-facebook","tag-imagen","tag-joshua-simon-ashby","tag-novia","tag-nueva-zelanda","tag-prision"],"_links":{"self":[{"href":"https:\/\/www.elsindical.com.ar\/notas\/wp-json\/wp\/v2\/posts\/10801","targetHints":{"allow":["GET"]}}],"collection":[{"href":"https:\/\/www.elsindical.com.ar\/notas\/wp-json\/wp\/v2\/posts"}],"about":[{"href":"https:\/\/www.elsindical.com.ar\/notas\/wp-json\/wp\/v2\/types\/post"}],"author":[{"embeddable":true,"href":"https:\/\/www.elsindical.com.ar\/notas\/wp-json\/wp\/v2\/users\/1"}],"replies":[{"embeddable":true,"href":"https:\/\/www.elsindical.com.ar\/notas\/wp-json\/wp\/v2\/comments?post=10801"}],"version-history":[{"count":1,"href":"https:\/\/www.elsindical.com.ar\/notas\/wp-json\/wp\/v2\/posts\/10801\/revisions"}],"predecessor-version":[{"id":10803,"href":"https:\/\/www.elsindical.com.ar\/notas\/wp-json\/wp\/v2\/posts\/10801\/revisions\/10803"}],"wp:attachment":[{"href":"https:\/\/www.elsindical.com.ar\/notas\/wp-json\/wp\/v2\/media?parent=10801"}],"wp:term":[{"taxonomy":"category","embeddable":true,"href":"https:\/\/www.elsindical.com.ar\/notas\/wp-json\/wp\/v2\/categories?post=10801"},{"taxonomy":"post_tag","embeddable":true,"href":"https:\/\/www.elsindical.com.ar\/notas\/wp-json\/wp\/v2\/tags?post=10801"}],"curies":[{"name":"wp","href":"https:\/\/api.w.org\/{rel}","templated":true}]}}