{"id":107981,"date":"2021-09-24T12:52:28","date_gmt":"2021-09-24T15:52:28","guid":{"rendered":"https:\/\/www.elsindical.com.ar\/notas\/?p=107981"},"modified":"2021-09-24T12:52:29","modified_gmt":"2021-09-24T15:52:29","slug":"avellaneda-un-camionero-infractor-y-un-municipio-ausente","status":"publish","type":"post","link":"https:\/\/www.elsindical.com.ar\/notas\/avellaneda-un-camionero-infractor-y-un-municipio-ausente\/","title":{"rendered":"Avellaneda: Un camionero infractor y un municipio AUSENTE"},"content":{"rendered":"\n<figure class=\"wp-block-image size-large\"><a href=\"https:\/\/www.elsindical.com.ar\/notas\/var\/www\/html\/notas\/wp-content\/uploads\/2021\/09\/camion-en-infraccion-1.jpg\"><img loading=\"lazy\" decoding=\"async\" width=\"1024\" height=\"768\" src=\"https:\/\/www.elsindical.com.ar\/notas\/var\/www\/html\/notas\/wp-content\/uploads\/2021\/09\/camion-en-infraccion-1-1024x768.jpg\" alt=\"\" class=\"wp-image-107982\" srcset=\"https:\/\/www.elsindical.com.ar\/notas\/var\/www\/html\/notas\/wp-content\/uploads\/2021\/09\/camion-en-infraccion-1-1024x768.jpg 1024w, https:\/\/www.elsindical.com.ar\/notas\/var\/www\/html\/notas\/wp-content\/uploads\/2021\/09\/camion-en-infraccion-1-300x225.jpg 300w, https:\/\/www.elsindical.com.ar\/notas\/var\/www\/html\/notas\/wp-content\/uploads\/2021\/09\/camion-en-infraccion-1-768x576.jpg 768w, https:\/\/www.elsindical.com.ar\/notas\/var\/www\/html\/notas\/wp-content\/uploads\/2021\/09\/camion-en-infraccion-1-400x300.jpg 400w, https:\/\/www.elsindical.com.ar\/notas\/var\/www\/html\/notas\/wp-content\/uploads\/2021\/09\/camion-en-infraccion-1.jpg 1211w\" sizes=\"auto, (max-width: 1024px) 100vw, 1024px\" \/><\/a><\/figure>\n\n\n\n<p>       A los vecinos de Avellaneda el Centro de Monitoreo les cuesta varios millones mensuales, hay que reponer c\u00e1maras y equipos, reparar otros y mantener una planta permanente de operadores y t\u00e9cnicos, pero los resultados de ese servicio millonario son ineficientes.<\/p>\n\n\n\n<p>A la grave situaci\u00f3n de inseguridad que viven los vecinos a diario se suma la falta de controles municipales donde por esa inacci\u00f3n te complican el d\u00eda o te exponen a sufrir un accidente que es totalmente evitable.<\/p>\n\n\n\n<p>Intersecci\u00f3n de las calles Lavalle y Pala\u00e1, centro gastron\u00f3mico de Avellaneda, un cami\u00f3n de transporte de bebidas con patente GTQ 110 se estaciona en la ochava, perjudicando el giro de los autos hacia Pala\u00e1 y el cruce de los peatones, ni hablar de que intente pasar alguien en silla de ruedas, la posici\u00f3n del cami\u00f3n como se aprecia en las fotos impide que los conductores que giren a la derecha puedan observar si alguien se encuentra cruzando la calle Pala\u00e1 lo que puede terminar en un accidente.<\/p>\n\n\n\n<p>Conclusi\u00f3n, el chofer no solo es un irresponsable e infractor, sino que se caga en el resto de los ciudadanos, estar\u00eda muy bueno lo multen y que la empresa tome medidas para que esto no se repita, del municipio mucho no se puede esperar.<\/p>\n\n\n\n<figure class=\"wp-block-image size-large\"><a href=\"https:\/\/www.elsindical.com.ar\/notas\/var\/www\/html\/notas\/wp-content\/uploads\/2021\/09\/camion-en-infraccion-2.jpg\"><img loading=\"lazy\" decoding=\"async\" width=\"891\" height=\"1024\" src=\"https:\/\/www.elsindical.com.ar\/notas\/var\/www\/html\/notas\/wp-content\/uploads\/2021\/09\/camion-en-infraccion-2-891x1024.jpg\" alt=\"\" class=\"wp-image-107983\" srcset=\"https:\/\/www.elsindical.com.ar\/notas\/var\/www\/html\/notas\/wp-content\/uploads\/2021\/09\/camion-en-infraccion-2-891x1024.jpg 891w, https:\/\/www.elsindical.com.ar\/notas\/var\/www\/html\/notas\/wp-content\/uploads\/2021\/09\/camion-en-infraccion-2-261x300.jpg 261w, https:\/\/www.elsindical.com.ar\/notas\/var\/www\/html\/notas\/wp-content\/uploads\/2021\/09\/camion-en-infraccion-2-768x882.jpg 768w, https:\/\/www.elsindical.com.ar\/notas\/var\/www\/html\/notas\/wp-content\/uploads\/2021\/09\/camion-en-infraccion-2.jpg 1211w\" sizes=\"auto, (max-width: 891px) 100vw, 891px\" \/><\/a><\/figure>\n","protected":false},"excerpt":{"rendered":"<p>A los vecinos de Avellaneda el Centro de Monitoreo les cuesta varios millones mensuales, hay que reponer c\u00e1maras y equipos, reparar otros y mantener una planta permanente de operadores y t\u00e9cnicos, pero los resultados de ese servicio millonario son ineficientes. A la grave situaci\u00f3n de inseguridad que viven los vecinos a diario se suma la&hellip;<\/p>\n","protected":false},"author":1,"featured_media":107982,"comment_status":"open","ping_status":"open","sticky":false,"template":"","format":"standard","meta":{"footnotes":""},"categories":[6],"tags":[461,2450,2057,32890,32891],"class_list":["post-107981","post","type-post","status-publish","format-standard","has-post-thumbnail","hentry","category-denuncias","tag-avellaneda","tag-diario-el-sindical","tag-infraccion","tag-superintendencia-region-amba-sur-i","tag-superintendente-javier-carlos-villar"],"_links":{"self":[{"href":"https:\/\/www.elsindical.com.ar\/notas\/wp-json\/wp\/v2\/posts\/107981","targetHints":{"allow":["GET"]}}],"collection":[{"href":"https:\/\/www.elsindical.com.ar\/notas\/wp-json\/wp\/v2\/posts"}],"about":[{"href":"https:\/\/www.elsindical.com.ar\/notas\/wp-json\/wp\/v2\/types\/post"}],"author":[{"embeddable":true,"href":"https:\/\/www.elsindical.com.ar\/notas\/wp-json\/wp\/v2\/users\/1"}],"replies":[{"embeddable":true,"href":"https:\/\/www.elsindical.com.ar\/notas\/wp-json\/wp\/v2\/comments?post=107981"}],"version-history":[{"count":1,"href":"https:\/\/www.elsindical.com.ar\/notas\/wp-json\/wp\/v2\/posts\/107981\/revisions"}],"predecessor-version":[{"id":107984,"href":"https:\/\/www.elsindical.com.ar\/notas\/wp-json\/wp\/v2\/posts\/107981\/revisions\/107984"}],"wp:featuredmedia":[{"embeddable":true,"href":"https:\/\/www.elsindical.com.ar\/notas\/wp-json\/wp\/v2\/media\/107982"}],"wp:attachment":[{"href":"https:\/\/www.elsindical.com.ar\/notas\/wp-json\/wp\/v2\/media?parent=107981"}],"wp:term":[{"taxonomy":"category","embeddable":true,"href":"https:\/\/www.elsindical.com.ar\/notas\/wp-json\/wp\/v2\/categories?post=107981"},{"taxonomy":"post_tag","embeddable":true,"href":"https:\/\/www.elsindical.com.ar\/notas\/wp-json\/wp\/v2\/tags?post=107981"}],"curies":[{"name":"wp","href":"https:\/\/api.w.org\/{rel}","templated":true}]}}