{"id":107978,"date":"2021-09-24T08:01:45","date_gmt":"2021-09-24T11:01:45","guid":{"rendered":"https:\/\/www.elsindical.com.ar\/notas\/?p=107978"},"modified":"2021-09-24T08:01:46","modified_gmt":"2021-09-24T11:01:46","slug":"convocan-a-un-nuevo-corte-del-puente-pueyrredon","status":"publish","type":"post","link":"https:\/\/www.elsindical.com.ar\/notas\/convocan-a-un-nuevo-corte-del-puente-pueyrredon\/","title":{"rendered":"Convocan a un nuevo corte del Puente Pueyrred\u00f3n"},"content":{"rendered":"\n<figure class=\"wp-block-image size-large\"><a href=\"https:\/\/www.elsindical.com.ar\/notas\/var\/www\/html\/notas\/wp-content\/uploads\/2021\/09\/EMA-servicios-cortes.jpg\"><img loading=\"lazy\" decoding=\"async\" width=\"1024\" height=\"674\" src=\"https:\/\/www.elsindical.com.ar\/notas\/var\/www\/html\/notas\/wp-content\/uploads\/2021\/09\/EMA-servicios-cortes-1024x674.jpg\" alt=\"\" class=\"wp-image-107979\" srcset=\"https:\/\/www.elsindical.com.ar\/notas\/var\/www\/html\/notas\/wp-content\/uploads\/2021\/09\/EMA-servicios-cortes-1024x674.jpg 1024w, https:\/\/www.elsindical.com.ar\/notas\/var\/www\/html\/notas\/wp-content\/uploads\/2021\/09\/EMA-servicios-cortes-300x197.jpg 300w, https:\/\/www.elsindical.com.ar\/notas\/var\/www\/html\/notas\/wp-content\/uploads\/2021\/09\/EMA-servicios-cortes-768x506.jpg 768w, https:\/\/www.elsindical.com.ar\/notas\/var\/www\/html\/notas\/wp-content\/uploads\/2021\/09\/EMA-servicios-cortes-456x300.jpg 456w, https:\/\/www.elsindical.com.ar\/notas\/var\/www\/html\/notas\/wp-content\/uploads\/2021\/09\/EMA-servicios-cortes-1536x1011.jpg 1536w, https:\/\/www.elsindical.com.ar\/notas\/var\/www\/html\/notas\/wp-content\/uploads\/2021\/09\/EMA-servicios-cortes-2048x1348.jpg 2048w\" sizes=\"auto, (max-width: 1024px) 100vw, 1024px\" \/><\/a><\/figure>\n\n\n\n<p class=\"wp-block-paragraph\">En el d\u00eda de la fecha se llev\u00f3 a cabo una nueva audiencia en el Ministerio de Trabajo de Alem, en la cu\u00e1l el gobierno no solo no mejor\u00f3 la propuesta, sino que dio marcha atr\u00e1s con su propuesta anterior que habr\u00eda la discusi\u00f3n por puestos de trabajo. Se reitera la ausencia del sindicato Luz y Fuerza que fue citado en m\u00e1s de una ocasi\u00f3n a participar de las reuniones y se niega a representar a los trabajadores de la energ\u00eda.<\/p>\n\n\n\n<p class=\"wp-block-paragraph\">Esto s\u00f3lo nos fortalece para seguir en la lucha y demostrar que la unidad de los trabajadores es la \u00fanica forma de hacer valer los reclamos de la clase trabajadora.<\/p>\n\n\n\n<p class=\"wp-block-paragraph\">Entendemos que el gobierno se contradice, ya que Fern\u00e1ndez declar\u00f3 que \u00abgobernar es dar trabajo\u00bb, pero sigue sin dar respuesta al conflicto de los despedidos en pandemia no solo de EMA sino de muchos\u00a0 trabajadores que hasta hoy siguen reclamando por su puestos de trabajo y por sus condiciones de vida.<\/p>\n\n\n\n<p class=\"wp-block-paragraph\">Al gobierno, a sus funcionarios y los empresarios de EMA y Edesur les decimos que no estamos dispuestos a aceptar la miseria ofrecida. No queremos dinero ni asistencia del Estado, s\u00f3lo vamos a discutir por la reincorporaci\u00f3n a los puestos de trabajo arrebatados ileg\u00edtimamente, para todos los trabajadores de EMA\/Edesur.<\/p>\n\n\n\n<p class=\"wp-block-paragraph\">Vamos a retomar las acciones en la calle y a dar continuidad al plan de lucha, por el pase a planta permanente de Edesur bajo el convenio luz y fuerza.\u00a0Invitamos a todas las organizaciones, agrupaciones y trabajadores en lucha que hoy est\u00e1n en las calles a participar de una acci\u00f3n conjunta el d\u00eda lunes 27 de septiembre a las 07 am en el Puente Pueyrred\u00f3n, en la cual demostremos que lo voz de los trabajadores est\u00e1 en alza y no calla. Seguimos m\u00e1s firmes y unidos que nunca.<\/p>\n\n\n\n<p class=\"wp-block-paragraph\"><br>\u00a1Vamos todos al Puente Pueyrred\u00f3n! \u00a1Basta de precarizaci\u00f3n! \u00a1Reincorporaci\u00f3n y pase a planta permanente de todos los despedidos ya!<\/p>\n","protected":false},"excerpt":{"rendered":"<p>En el d\u00eda de la fecha se llev\u00f3 a cabo una nueva audiencia en el Ministerio de Trabajo de Alem, en la cu\u00e1l el gobierno no solo no mejor\u00f3 la propuesta, sino que dio marcha atr\u00e1s con su propuesta anterior que habr\u00eda la discusi\u00f3n por puestos de trabajo. Se reitera la ausencia del sindicato Luz&hellip;<\/p>\n","protected":false},"author":1,"featured_media":107979,"comment_status":"open","ping_status":"open","sticky":false,"template":"","format":"standard","meta":{"footnotes":""},"categories":[25],"tags":[66,53,2450,3965,2974,601],"class_list":["post-107978","post","type-post","status-publish","format-standard","has-post-thumbnail","hentry","category-sociedad","tag-corte","tag-despidos","tag-diario-el-sindical","tag-edesur-s-a","tag-luz-y-fuerza","tag-puente-pueyrredon"],"_links":{"self":[{"href":"https:\/\/www.elsindical.com.ar\/notas\/wp-json\/wp\/v2\/posts\/107978","targetHints":{"allow":["GET"]}}],"collection":[{"href":"https:\/\/www.elsindical.com.ar\/notas\/wp-json\/wp\/v2\/posts"}],"about":[{"href":"https:\/\/www.elsindical.com.ar\/notas\/wp-json\/wp\/v2\/types\/post"}],"author":[{"embeddable":true,"href":"https:\/\/www.elsindical.com.ar\/notas\/wp-json\/wp\/v2\/users\/1"}],"replies":[{"embeddable":true,"href":"https:\/\/www.elsindical.com.ar\/notas\/wp-json\/wp\/v2\/comments?post=107978"}],"version-history":[{"count":1,"href":"https:\/\/www.elsindical.com.ar\/notas\/wp-json\/wp\/v2\/posts\/107978\/revisions"}],"predecessor-version":[{"id":107980,"href":"https:\/\/www.elsindical.com.ar\/notas\/wp-json\/wp\/v2\/posts\/107978\/revisions\/107980"}],"wp:featuredmedia":[{"embeddable":true,"href":"https:\/\/www.elsindical.com.ar\/notas\/wp-json\/wp\/v2\/media\/107979"}],"wp:attachment":[{"href":"https:\/\/www.elsindical.com.ar\/notas\/wp-json\/wp\/v2\/media?parent=107978"}],"wp:term":[{"taxonomy":"category","embeddable":true,"href":"https:\/\/www.elsindical.com.ar\/notas\/wp-json\/wp\/v2\/categories?post=107978"},{"taxonomy":"post_tag","embeddable":true,"href":"https:\/\/www.elsindical.com.ar\/notas\/wp-json\/wp\/v2\/tags?post=107978"}],"curies":[{"name":"wp","href":"https:\/\/api.w.org\/{rel}","templated":true}]}}