{"id":107966,"date":"2021-09-24T07:25:41","date_gmt":"2021-09-24T10:25:41","guid":{"rendered":"https:\/\/www.elsindical.com.ar\/notas\/?p=107966"},"modified":"2021-09-24T07:25:42","modified_gmt":"2021-09-24T10:25:42","slug":"indice-de-desocupacion-96-en-el-segundo-trimestre-del-ano","status":"publish","type":"post","link":"https:\/\/www.elsindical.com.ar\/notas\/indice-de-desocupacion-96-en-el-segundo-trimestre-del-ano\/","title":{"rendered":"\u00cdndice de desocupaci\u00f3n: 9,6% en el segundo trimestre del a\u00f1o"},"content":{"rendered":"\n<figure class=\"wp-block-image size-large\"><a href=\"https:\/\/www.elsindical.com.ar\/notas\/var\/www\/html\/notas\/wp-content\/uploads\/2021\/09\/mercado-de-trabajo-INDEC-septiembre-2021-scaled.jpg\"><img loading=\"lazy\" decoding=\"async\" width=\"954\" height=\"1024\" src=\"https:\/\/www.elsindical.com.ar\/notas\/var\/www\/html\/notas\/wp-content\/uploads\/2021\/09\/mercado-de-trabajo-INDEC-septiembre-2021-954x1024.jpg\" alt=\"\" class=\"wp-image-107967\" srcset=\"https:\/\/www.elsindical.com.ar\/notas\/var\/www\/html\/notas\/wp-content\/uploads\/2021\/09\/mercado-de-trabajo-INDEC-septiembre-2021-954x1024.jpg 954w, https:\/\/www.elsindical.com.ar\/notas\/var\/www\/html\/notas\/wp-content\/uploads\/2021\/09\/mercado-de-trabajo-INDEC-septiembre-2021-280x300.jpg 280w, https:\/\/www.elsindical.com.ar\/notas\/var\/www\/html\/notas\/wp-content\/uploads\/2021\/09\/mercado-de-trabajo-INDEC-septiembre-2021-768x824.jpg 768w, https:\/\/www.elsindical.com.ar\/notas\/var\/www\/html\/notas\/wp-content\/uploads\/2021\/09\/mercado-de-trabajo-INDEC-septiembre-2021-1432x1536.jpg 1432w, https:\/\/www.elsindical.com.ar\/notas\/var\/www\/html\/notas\/wp-content\/uploads\/2021\/09\/mercado-de-trabajo-INDEC-septiembre-2021-1909x2048.jpg 1909w\" sizes=\"auto, (max-width: 954px) 100vw, 954px\" \/><\/a><\/figure>\n\n\n\n<p>La sub ocupaci\u00f3n demandante, que comprende a la gente que trabaja menos de 35 horas semanales, aument\u00f3 al 8,5% contra el 5% del segundo trimestre del a\u00f1o pasado.<\/p>\n\n\n\n<p>El \u00edndice de desempleo se ubic\u00f3 en el 9,6% al cierre del segundo trimestre, por debajo del 13,1% de igual per\u00edodo del 2020, y del 10,2% del primer trimestre del corriente a\u00f1o, inform\u00f3 esta tarde el Instituto Nacional de Estad\u00edstica y Censos (Indec).<\/p>\n\n\n\n<p>En tanto, la sub ocupaci\u00f3n demandante, que comprende a la gente que trabaja menos de 35 horas semanales, aument\u00f3 al 8,5% contra el 5% del segundo trimestre del a\u00f1o pasado, mientras que los \u201cno demandantes\u201d bajo al 3,9%, contra el 4,6% de igual lapso anterior.<\/p>\n\n\n\n<p>Entre el segundo trimestre del 2021, e igual periodo del a\u00f1o pasado, el Producto Bruto Interno (PBI) creci\u00f3 17,9%, si bien retrocedi\u00f3 1,4% en relaci\u00f3n al nivel de actividad registrado en primer trimestre del corriente a\u00f1o, seg\u00fan datos del Indec.<\/p>\n\n\n\n<p>El organismo destac\u00f3 tambi\u00e9n que \u201clos ocupados ausentes\u201d pasaron del 21,1% en el segundo trimestre del a\u00f1o pasado, al 4,8% entre abril y junio de este a\u00f1o.<\/p>\n\n\n\n<p>Al observar la composici\u00f3n de la poblaci\u00f3n ocupada por rama de actividad, se destaca que, en la comparaci\u00f3n interanual, el rubro Construcci\u00f3n aument\u00f3 su participaci\u00f3n en 1,6 puntos porcentuales (de 6,9% a 8,5%); Transporte, almacenamiento y comunicaciones, en 0,7 puntos (de 7,3% a 8,0%), Otros servicios comunitarios, sociales y personales en 0,7 puntos (de 4,8% a 5,5%) y Hoteles y restaurantes, en 0,6 puntos (de 2,8% a 3,4%).<\/p>\n","protected":false},"excerpt":{"rendered":"<p>La sub ocupaci\u00f3n demandante, que comprende a la gente que trabaja menos de 35 horas semanales, aument\u00f3 al 8,5% contra el 5% del segundo trimestre del a\u00f1o pasado. El \u00edndice de desempleo se ubic\u00f3 en el 9,6% al cierre del segundo trimestre, por debajo del 13,1% de igual per\u00edodo del 2020, y del 10,2% del&hellip;<\/p>\n","protected":false},"author":1,"featured_media":107967,"comment_status":"open","ping_status":"open","sticky":false,"template":"","format":"standard","meta":{"footnotes":""},"categories":[9,25],"tags":[127,22036,2450,22023,2200,22032],"class_list":["post-107966","post","type-post","status-publish","format-standard","has-post-thumbnail","hentry","category-economia","category-sociedad","tag-argentina","tag-desocupacion","tag-diario-el-sindical","tag-economia","tag-indec","tag-sociedad"],"_links":{"self":[{"href":"https:\/\/www.elsindical.com.ar\/notas\/wp-json\/wp\/v2\/posts\/107966","targetHints":{"allow":["GET"]}}],"collection":[{"href":"https:\/\/www.elsindical.com.ar\/notas\/wp-json\/wp\/v2\/posts"}],"about":[{"href":"https:\/\/www.elsindical.com.ar\/notas\/wp-json\/wp\/v2\/types\/post"}],"author":[{"embeddable":true,"href":"https:\/\/www.elsindical.com.ar\/notas\/wp-json\/wp\/v2\/users\/1"}],"replies":[{"embeddable":true,"href":"https:\/\/www.elsindical.com.ar\/notas\/wp-json\/wp\/v2\/comments?post=107966"}],"version-history":[{"count":1,"href":"https:\/\/www.elsindical.com.ar\/notas\/wp-json\/wp\/v2\/posts\/107966\/revisions"}],"predecessor-version":[{"id":107968,"href":"https:\/\/www.elsindical.com.ar\/notas\/wp-json\/wp\/v2\/posts\/107966\/revisions\/107968"}],"wp:featuredmedia":[{"embeddable":true,"href":"https:\/\/www.elsindical.com.ar\/notas\/wp-json\/wp\/v2\/media\/107967"}],"wp:attachment":[{"href":"https:\/\/www.elsindical.com.ar\/notas\/wp-json\/wp\/v2\/media?parent=107966"}],"wp:term":[{"taxonomy":"category","embeddable":true,"href":"https:\/\/www.elsindical.com.ar\/notas\/wp-json\/wp\/v2\/categories?post=107966"},{"taxonomy":"post_tag","embeddable":true,"href":"https:\/\/www.elsindical.com.ar\/notas\/wp-json\/wp\/v2\/tags?post=107966"}],"curies":[{"name":"wp","href":"https:\/\/api.w.org\/{rel}","templated":true}]}}