{"id":107934,"date":"2021-09-22T23:51:03","date_gmt":"2021-09-23T02:51:03","guid":{"rendered":"https:\/\/www.elsindical.com.ar\/notas\/?p=107934"},"modified":"2021-09-22T23:51:03","modified_gmt":"2021-09-23T02:51:03","slug":"dejan-sin-efecto-un-acuerdo-del-macrismo-que-beneficiaba-a-las-energeticas","status":"publish","type":"post","link":"https:\/\/www.elsindical.com.ar\/notas\/dejan-sin-efecto-un-acuerdo-del-macrismo-que-beneficiaba-a-las-energeticas\/","title":{"rendered":"Dejan sin efecto un acuerdo del macrismo que beneficiaba a las energ\u00e9ticas"},"content":{"rendered":"\n<figure class=\"wp-block-image size-full\"><a href=\"https:\/\/www.elsindical.com.ar\/notas\/var\/www\/html\/notas\/wp-content\/uploads\/2021\/09\/Mindlin-Macri-Caputo.jpg\"><img loading=\"lazy\" decoding=\"async\" width=\"950\" height=\"456\" src=\"https:\/\/www.elsindical.com.ar\/notas\/var\/www\/html\/notas\/wp-content\/uploads\/2021\/09\/Mindlin-Macri-Caputo.jpg\" alt=\"\" class=\"wp-image-107935\" srcset=\"https:\/\/www.elsindical.com.ar\/notas\/var\/www\/html\/notas\/wp-content\/uploads\/2021\/09\/Mindlin-Macri-Caputo.jpg 950w, https:\/\/www.elsindical.com.ar\/notas\/var\/www\/html\/notas\/wp-content\/uploads\/2021\/09\/Mindlin-Macri-Caputo-300x144.jpg 300w, https:\/\/www.elsindical.com.ar\/notas\/var\/www\/html\/notas\/wp-content\/uploads\/2021\/09\/Mindlin-Macri-Caputo-768x369.jpg 768w, https:\/\/www.elsindical.com.ar\/notas\/var\/www\/html\/notas\/wp-content\/uploads\/2021\/09\/Mindlin-Macri-Caputo-500x240.jpg 500w\" sizes=\"auto, (max-width: 950px) 100vw, 950px\" \/><\/a><\/figure>\n\n\n\n<p>El Ministerio de Econom\u00eda declar\u00f3 \u00ablesivo al inter\u00e9s general\u00bb el convenio denominado Acuerdo de Regularizaci\u00f3n de Obligaciones para la Transferencia de las Concesionarias a las Jurisdicciones Locales, suscripto el 10 de mayo de 2019 por las ex secretar\u00edas de Energ\u00eda y de Recursos Renovables y Mercado El\u00e9ctrico con las distribuidoras Edesur y Edenor.<\/p>\n\n\n\n<p>Lo hizo a trav\u00e9s de la Resoluci\u00f3n 590\/2021 publicada hoy en el Bolet\u00edn Oficial, en la que, al mismo tiempo, instruy\u00f3 a la Direcci\u00f3n de Asuntos Contenciosos de Energ\u00eda a que \u00abinicie acci\u00f3n judicial de lesividad contra Edenor y Edesur a fin de obtener la declaraci\u00f3n judicial de nulidad del convenio y de los actos dictados en su consecuencia\u00bb.<\/p>\n\n\n\n<p>Adem\u00e1s, suspendi\u00f3 los tr\u00e1mites administrativos relativos a la ejecuci\u00f3n de las obligaciones originadas en el convenio.<\/p>\n\n\n\n<p>En 2018, por el art\u00edculo 124 de la Ley 27.467, se instruy\u00f3 al Poder Ejecutivo Nacional para que a partir del 1 de enero de 2019 Edenor y Edesur pasen a estar sujetas a la jurisdicci\u00f3n de la provincia \u00fd la ciudad de Buenos Aires.<\/p>\n\n\n\n<p>El 28 de febrero de 2019, el Estado Nacional, la ciudad y la provincia de Buenos Aires firmaron el Acuerdo de Transferencia de Jurisdicci\u00f3n del Servicio P\u00fablico de Distribuci\u00f3n de Energ\u00eda El\u00e9ctrica a ambas jurisdicciones, que determin\u00f3 el inicio del proceso de traspaso a partir del 1 de marzo de 2019 y la creaci\u00f3n de un ente de car\u00e1cter bipartito de control y regulaci\u00f3n del servicio p\u00fablico de energ\u00eda el\u00e9ctrica.<\/p>\n\n\n\n<p>Dentro de este proceso de transferencia se suscribi\u00f3 con las distribuidoras el Acuerdo de Regularizaci\u00f3n de Obligaciones para la Transferencia de las Concesionarias a las Jurisdicciones Locales, que tuvo por objeto poner fin a una serie de disputas y obligaciones rec\u00edprocas generadas entre la suscripci\u00f3n de las actas acuerdo de renegociaci\u00f3n contractual en 2006 y la Revisi\u00f3n Tarifaria Integral en 2017.<\/p>\n\n\n\n<p>A fines de 2019, se sancion\u00f3 la Ley 27.541 de Solidaridad Social y Reactivaci\u00f3n Productiva en el Marco de la Emergencia P\u00fablica, cuyo Art\u00edculo 7 suspendi\u00f3 la aplicaci\u00f3n de lo dispuesto por el art\u00edculo 124 de la Ley 27.467, estableciendo que \u00abdurante la vigencia de la emergencia declarada en la presente, el Ente Nacional Regulador de la Electricidad (ENRE) mantendr\u00e1 su competencia sobre el servicio p\u00fablico de distribuci\u00f3n de energ\u00eda de las concesionarias Edenor y Edesur\u00bb.<\/p>\n\n\n\n<p><strong>Por su parte, el ENRE realiz\u00f3 una auditor\u00eda que determin\u00f3 que el Acuerdo de Regularizaci\u00f3n \u00abcontiene distintos vicios que acarrean su nulidad absoluta\u00bb.<\/strong><\/p>\n\n\n\n<p>\u00abCon el objeto de proceder a la regularizaci\u00f3n fue necesario calcular los activos y pasivos regulatorios de las Concesionarias, como as\u00ed tambi\u00e9n las obligaciones asumidas por el Estado Nacional durante el Per\u00edodo de Transici\u00f3n\u00bb, se\u00f1ala la auditor\u00eda.<\/p>\n\n\n\n<p>Adem\u00e1s, puntualiz\u00f3 que \u00ablos pasivos regulatorios fueron subestimados, destac\u00e1ndose que las sanciones aplicables a las concesionarias fueron recalculadas especialmente en el marco del Acuerdo de Regularizaci\u00f3n, utiliz\u00e1ndose premisas espec\u00edficas de valorizaci\u00f3n y actualizaci\u00f3n dictadas por la ex Secretar\u00eda de Energ\u00eda, resultando en valores sustancialmente menores a los determinados por el ENRE en base a las premisas de c\u00e1lculo oficiales establecidas para aqu\u00e9llos\u00bb.<\/p>\n\n\n\n<p><strong>As\u00ed, remarc\u00f3 que \u00abse evidencia en tanto el Acuerdo de Regularizaci\u00f3n se asienta en antecedentes de hecho, cuanto menos claramente err\u00f3neos, ya que parte de un incorrecto c\u00e1lculo de los montos reconocidos por el Estado Nacional a favor de las concesionarias\u00bb.<\/strong><\/p>\n\n\n\n<p>En ese sentido, concluy\u00f3 que \u00abestimando los coeficientes del Mecanismo de Monitoreo de Costos (MMC) definidos en las actas acuerdo de renegociaci\u00f3n contractual y aplicando los coeficientes de ajuste por inflaci\u00f3n de la Federaci\u00f3n Argentina de Consejos Profesionales de Ciencias Econ\u00f3micas, se arribar\u00eda a la conclusi\u00f3n de que no habr\u00eda saldos que reconocer a Edesur y que el activo regulatorio de Edenor pasar\u00eda a ser un saldo negativo para la empresa\u00bb.<\/p>\n","protected":false},"excerpt":{"rendered":"<p>El Ministerio de Econom\u00eda declar\u00f3 \u00ablesivo al inter\u00e9s general\u00bb el convenio denominado Acuerdo de Regularizaci\u00f3n de Obligaciones para la Transferencia de las Concesionarias a las Jurisdicciones Locales, suscripto el 10 de mayo de 2019 por las ex secretar\u00edas de Energ\u00eda y de Recursos Renovables y Mercado El\u00e9ctrico con las distribuidoras Edesur y Edenor. Lo hizo&hellip;<\/p>\n","protected":false},"author":1,"featured_media":107935,"comment_status":"open","ping_status":"open","sticky":false,"template":"","format":"standard","meta":{"footnotes":""},"categories":[13],"tags":[1295,2450,2973,374,76,3006],"class_list":["post-107934","post","type-post","status-publish","format-standard","has-post-thumbnail","hentry","category-politica","tag-boletin-oficial","tag-diario-el-sindical","tag-edenor","tag-edesur","tag-mauricio-macri","tag-ministerio-de-economia"],"_links":{"self":[{"href":"https:\/\/www.elsindical.com.ar\/notas\/wp-json\/wp\/v2\/posts\/107934","targetHints":{"allow":["GET"]}}],"collection":[{"href":"https:\/\/www.elsindical.com.ar\/notas\/wp-json\/wp\/v2\/posts"}],"about":[{"href":"https:\/\/www.elsindical.com.ar\/notas\/wp-json\/wp\/v2\/types\/post"}],"author":[{"embeddable":true,"href":"https:\/\/www.elsindical.com.ar\/notas\/wp-json\/wp\/v2\/users\/1"}],"replies":[{"embeddable":true,"href":"https:\/\/www.elsindical.com.ar\/notas\/wp-json\/wp\/v2\/comments?post=107934"}],"version-history":[{"count":1,"href":"https:\/\/www.elsindical.com.ar\/notas\/wp-json\/wp\/v2\/posts\/107934\/revisions"}],"predecessor-version":[{"id":107936,"href":"https:\/\/www.elsindical.com.ar\/notas\/wp-json\/wp\/v2\/posts\/107934\/revisions\/107936"}],"wp:featuredmedia":[{"embeddable":true,"href":"https:\/\/www.elsindical.com.ar\/notas\/wp-json\/wp\/v2\/media\/107935"}],"wp:attachment":[{"href":"https:\/\/www.elsindical.com.ar\/notas\/wp-json\/wp\/v2\/media?parent=107934"}],"wp:term":[{"taxonomy":"category","embeddable":true,"href":"https:\/\/www.elsindical.com.ar\/notas\/wp-json\/wp\/v2\/categories?post=107934"},{"taxonomy":"post_tag","embeddable":true,"href":"https:\/\/www.elsindical.com.ar\/notas\/wp-json\/wp\/v2\/tags?post=107934"}],"curies":[{"name":"wp","href":"https:\/\/api.w.org\/{rel}","templated":true}]}}