{"id":10790,"date":"2010-11-14T04:26:22","date_gmt":"2010-11-14T07:26:22","guid":{"rendered":"http:\/\/www.elsindical.com.ar\/notas\/?p=10790"},"modified":"2010-11-14T04:26:22","modified_gmt":"2010-11-14T07:26:22","slug":"virreyesnene-murio-tras-ser-impactado-por-cebolla-que-le-arrojo-su-hermano","status":"publish","type":"post","link":"https:\/\/www.elsindical.com.ar\/notas\/virreyesnene-murio-tras-ser-impactado-por-cebolla-que-le-arrojo-su-hermano\/","title":{"rendered":"Virreyes:Nene muri\u00f3 tras ser impactado por cebolla que le arroj\u00f3 su hermano"},"content":{"rendered":"<p id=\"txt_121420_3\" style=\"text-align: justify;\"><em><a href=\"http:\/\/www.elsindical.com.ar\/notas\/var\/www\/html\/notas\/wp-content\/uploads\/2010\/11\/cebolla-gen\u00e9rica.jpg\"><img loading=\"lazy\" decoding=\"async\" class=\"alignleft size-full wp-image-10791\" title=\"cebolla-gen\u00e9rica\" src=\"http:\/\/www.elsindical.com.ar\/notas\/var\/www\/html\/notas\/wp-content\/uploads\/2010\/11\/cebolla-gen\u00e9rica.jpg\" alt=\"\" width=\"200\" height=\"205\" \/><\/a>La v\u00edctima tiene 10 a\u00f1os. Por motivos que se investigan, su hermano, de 22 a\u00f1os, le arroj\u00f3 una cebolla que impact\u00f3 en su baso y qued\u00f3 p\u00e1lido. Falleci\u00f3 mientras lo operaban en un hospital zonal.<\/em><\/p>\n<p style=\"text-align: justify;\">Un ni\u00f1o de diez a\u00f1os muri\u00f3 por las graves heridas sufridas cuando un hermanastro mayor de edad le arroj\u00f3 con fuerza una cebolla en una humilde vivienda de la localidad bonaerense de Virreyes.<\/p>\n<p>El violento hecho se registr\u00f3 en una casa situada en Portugal al 3200, donde fu agredido Edgardo Ezequiel Alfonso, quien falleci\u00f3 mientras era intervenido quir\u00fargicamente en el Hospital de Ni\u00f1os de San Isidro.<\/p>\n<p>El incidente ocurri\u00f3 cuando por motivos que se investigan, el hermanastro del ni\u00f1o, un joven llamado Luis Miguel Fern\u00e1ndez, de 22 a\u00f1os, tom\u00f3 una cebolla y se la arroj\u00f3 al peque\u00f1o.<\/p>\n<p>La cebolla impact\u00f3 en el baso del ni\u00f1o, que poco despu\u00e9s fue encontrado p\u00e1lido e inm\u00f3vil por otros familiares, que decidieron llevarlo al Hospital de Ni\u00f1os de San Isidro.<\/p>\n<p>\u00abLo llevamos al hospital en remis, pero falleci\u00f3 cuando lo operaban\u00bb, cont\u00f3 una de las hermanas del chico.<\/p>\n<p>En tanto, la Polic\u00eda local detuvo al agresor, quien tendr\u00eda antecedentes de drogadicci\u00f3n, dijeron sus familiares.<\/p>\n","protected":false},"excerpt":{"rendered":"<p>La v\u00edctima tiene 10 a\u00f1os. Por motivos que se investigan, su hermano, de 22 a\u00f1os, le arroj\u00f3 una cebolla que impact\u00f3 en su baso y qued\u00f3 p\u00e1lido. Falleci\u00f3 mientras lo operaban en un hospital zonal. Un ni\u00f1o de diez a\u00f1os muri\u00f3 por las graves heridas sufridas cuando un hermanastro mayor de edad le arroj\u00f3 con&hellip;<\/p>\n","protected":false},"author":1,"featured_media":0,"comment_status":"open","ping_status":"open","sticky":false,"template":"","format":"standard","meta":{"footnotes":""},"categories":[22],"tags":[5124,5123,2470,223,1838,30,40,2960],"class_list":["post-10790","post","type-post","status-publish","format-standard","hentry","category-policiales","tag-baso","tag-cebolla","tag-hermano","tag-menor","tag-muerto","tag-policia","tag-san-isidro","tag-virreyes"],"_links":{"self":[{"href":"https:\/\/www.elsindical.com.ar\/notas\/wp-json\/wp\/v2\/posts\/10790","targetHints":{"allow":["GET"]}}],"collection":[{"href":"https:\/\/www.elsindical.com.ar\/notas\/wp-json\/wp\/v2\/posts"}],"about":[{"href":"https:\/\/www.elsindical.com.ar\/notas\/wp-json\/wp\/v2\/types\/post"}],"author":[{"embeddable":true,"href":"https:\/\/www.elsindical.com.ar\/notas\/wp-json\/wp\/v2\/users\/1"}],"replies":[{"embeddable":true,"href":"https:\/\/www.elsindical.com.ar\/notas\/wp-json\/wp\/v2\/comments?post=10790"}],"version-history":[{"count":1,"href":"https:\/\/www.elsindical.com.ar\/notas\/wp-json\/wp\/v2\/posts\/10790\/revisions"}],"predecessor-version":[{"id":10792,"href":"https:\/\/www.elsindical.com.ar\/notas\/wp-json\/wp\/v2\/posts\/10790\/revisions\/10792"}],"wp:attachment":[{"href":"https:\/\/www.elsindical.com.ar\/notas\/wp-json\/wp\/v2\/media?parent=10790"}],"wp:term":[{"taxonomy":"category","embeddable":true,"href":"https:\/\/www.elsindical.com.ar\/notas\/wp-json\/wp\/v2\/categories?post=10790"},{"taxonomy":"post_tag","embeddable":true,"href":"https:\/\/www.elsindical.com.ar\/notas\/wp-json\/wp\/v2\/tags?post=10790"}],"curies":[{"name":"wp","href":"https:\/\/api.w.org\/{rel}","templated":true}]}}